{"id":8001,"date":"2026-03-07T23:29:16","date_gmt":"2026-03-07T23:29:16","guid":{"rendered":"https:\/\/marcali.plebania.hu\/?p=8001"},"modified":"2026-03-07T23:38:36","modified_gmt":"2026-03-07T23:38:36","slug":"hirdetesek-2026-marcius-8-an","status":"publish","type":"post","link":"https:\/\/marcali.plebania.hu\/?p=8001","title":{"rendered":"Hirdet\u00e9sek 2026. m\u00e1rcius 8-\u00e1n"},"content":{"rendered":"\n<p>Nagyb\u00f6jt 3. vas\u00e1rnapja<\/p>\n\n\n\n<p><a href=\"https:\/\/igenaptar.katolikus.hu\/nap\/index.php?holnap=2026-03-08\" target=\"_blank\" rel=\"noreferrer noopener\"><u>A szentmise olvasm\u00e1nyai<\/u><\/a><\/p>\n\n\n\n<ol start=\"1\" class=\"wp-block-list\">\n<li>A p\u00fcsp\u00f6ki konferencia \u00e1ltal meghirdetett gy\u0171jt\u00e9sre sz\u00e1nt <strong>adom\u00e1ny<\/strong>t k\u00e9rj\u00fck a Szent Antal-perselybe dobni. A teljes \u00f6sszeget a h\u00e1bor\u00fa s\u00fajtotta ter\u00fcleten \u00e9l\u0151k megseg\u00edt\u00e9s\u00e9re tov\u00e1bb\u00edtjuk. Az anyagi seg\u00edts\u00e9gny\u00fajt\u00e1s mellett im\u00e1dkozzunk tov\u00e1bbra is a b\u00e9k\u00e9\u00e9rt!<\/li>\n\n\n\n<li>K\u00f6sz\u00f6nj\u00fck a jelentkez\u00e9seket a pl\u00e9b\u00e1niai <strong>H\u00e1zas Kurzus<\/strong>ra. Az els\u0151 tal\u00e1lkoz\u00f3 a cs\u00fct\u00f6rt\u00f6k esti mise ut\u00e1n kezd\u0151dik a pl\u00e9b\u00e1ni\u00e1n.<\/li>\n\n\n\n<li>Nagyb\u00f6jt p\u00e9ntekjein <strong>keresztut<\/strong>at im\u00e1dkozunk a pl\u00e9b\u00e1niatemplomban, k\u00f6zben <strong>gy\u00f3n\u00e1si lehet\u0151s\u00e9g<\/strong> is lesz. Ezen a h\u00e9ten 16:30-t\u00f3l az Engesztel\u0151 imak\u00f6r vezeti az im\u00e1ds\u00e1got, a fatimai ima\u00f3ra keret\u00e9n bel\u00fcl.<\/li>\n\n\n\n<li>Szeretettel aj\u00e1nljuk a <em><a href=\"http:\/\/lelkiatyavalaszol.katolikus.hu\">lelkiatyavalaszol.katolikus.hu<\/a><\/em> oldalon nemr\u00e9g elindult <a href=\"https:\/\/www.magyarkurir.hu\/hirek\/elindult-lelkiatya-valaszol-katolikus-egyhaz-uj-foruma\">lehet\u0151s\u00e9get<\/a>: itt anonim m\u00f3don feltehetj\u00fck hittel kapcsolatos k\u00e9rd\u00e9seinket egy aty\u00e1nak, aki r\u00e9szt vesz ebben a f\u00f3rumban, \u00e9s szem\u00e9lyesen nek\u00fcnk v\u00e1laszol a feltett k\u00e9rd\u00e9sre, an\u00e9lk\u00fcl, hogy megtudn\u00e1, ki a k\u00e9rdez\u0151. Emellett term\u00e9szetesen a helyi aty\u00e1k is megkereshet\u0151k lelki k\u00e9rd\u00e9sekkel (csak nem anonim m\u00f3don).<\/li>\n\n\n\n<li>Akinek nincs lehet\u0151s\u00e9ge elj\u00f6nni a templomba, de szeretn\u00e9 a <strong>h\u00fasv\u00e9ti szentgy\u00f3n\u00e1s<\/strong>\u00e1t elv\u00e9gezni (\u00e9s nem els\u0151p\u00e9ntekes), k\u00e9rj\u00fck, jelezze sz\u00e1nd\u00e9k\u00e1t az irod\u00e1nak, \u00e9s valamelyik atya felkeresi \u0151t otthon\u00e1ban. Minden katolikusnak, akinek van lehet\u0151s\u00e9ge szents\u00e9gekhez j\u00e1rulni, k\u00f6teless\u00e9ge is \u00e9vente legal\u00e1bb egyszer gy\u00f3nni. Ezt \u00edrja el\u0151 minimumk\u00e9nt az Egyh\u00e1z \u00f6t parancsa k\u00f6z\u00fcl a 2., de a lelki \u00e9let fejl\u0151d\u00e9s\u00e9hez aj\u00e1nlott a rendszeres, gyakoribb gy\u00f3n\u00e1s. A felk\u00e9sz\u00fcl\u00e9shez val\u00f3 seg\u00e9dlet (lelkit\u00fck\u00f6r) tal\u00e1lhat\u00f3 a templomban \u00e9s a <a href=\"https:\/\/marcali.plebania.hu\/index.php\/szentgyonas\/\">honlapunkon<\/a> is.<\/li>\n\n\n\n<li>A mi pl\u00e9b\u00e1ni\u00e1nk is r\u00e9szt vesz egyh\u00e1zmegy\u00e9nk <strong>szin\u00f3dus<\/strong>i folyamat\u00e1ban: a Pasztor\u00e1lis Helyn\u00f6ks\u00e9g k\u00e9sz\u00edtett egy k\u00e9rd\u0151\u00edvet, hogy min\u00e9l t\u00f6bb embernek lehet\u0151s\u00e9get adjon a p\u00e1rbesz\u00e9dre \u00e9s az egy\u00fctt gondolkod\u00e1sra. A k\u00e9rd\u0151\u00edv c\u00e9lja a pl\u00e9b\u00e1niai k\u00f6z\u00f6ss\u00e9g meghallgat\u00e1sa, a k\u00f6z\u00f6s \u00fatkeres\u00e9s \u00e9s a meg\u00fajul\u00e1s lehet\u0151s\u00e9geinek t\u00e1mogat\u00e1sa. A k\u00e9rd\u0151\u00edv kit\u00f6lthet\u0151 pap\u00edr alapon (ezeket a templomban elhelyezett gy\u0171jt\u0151dobozba v\u00e1rjuk vissza) \u00e9s az interneten digit\u00e1lis form\u00e1ban. Az online el\u00e9rhet\u0151s\u00e9g a kihelyezett plak\u00e1tokon l\u00e1that\u00f3. A kit\u00f6lt\u00e9si hat\u00e1rid\u0151 <span style=\"text-decoration: underline;\">\u00e1prilis 6.<\/span> Ut\u00e1na a p\u00fcsp\u00f6ks\u00e9gre sz\u00e1ll\u00edtj\u00e1k a lez\u00e1rt dobozokat, \u00e9s ott \u00e9rt\u00e9kelik a v\u00e1laszokat. B\u00e1rki szabadon kit\u00f6ltheti \u00e9s aj\u00e1nlhatja itt \u00e9l\u0151 ismer\u0151s\u00e9nek is.<\/li>\n<\/ol>\n\n\n\n<p><\/p>\n","protected":false},"excerpt":{"rendered":"<p>Nagyb\u00f6jt 3. vas\u00e1rnapja A szentmise olvasm\u00e1nyai<\/p>\n","protected":false},"author":1,"featured_media":0,"comment_status":"closed","ping_status":"open","sticky":false,"template":"","format":"standard","meta":{"footnotes":""},"categories":[3],"tags":[],"class_list":["post-8001","post","type-post","status-publish","format-standard","hentry","category-hirdetesek"],"_links":{"self":[{"href":"https:\/\/marcali.plebania.hu\/index.php?rest_route=\/wp\/v2\/posts\/8001","targetHints":{"allow":["GET"]}}],"collection":[{"href":"https:\/\/marcali.plebania.hu\/index.php?rest_route=\/wp\/v2\/posts"}],"about":[{"href":"https:\/\/marcali.plebania.hu\/index.php?rest_route=\/wp\/v2\/types\/post"}],"author":[{"embeddable":true,"href":"https:\/\/marcali.plebania.hu\/index.php?rest_route=\/wp\/v2\/users\/1"}],"replies":[{"embeddable":true,"href":"https:\/\/marcali.plebania.hu\/index.php?rest_route=%2Fwp%2Fv2%2Fcomments&post=8001"}],"version-history":[{"count":2,"href":"https:\/\/marcali.plebania.hu\/index.php?rest_route=\/wp\/v2\/posts\/8001\/revisions"}],"predecessor-version":[{"id":8004,"href":"https:\/\/marcali.plebania.hu\/index.php?rest_route=\/wp\/v2\/posts\/8001\/revisions\/8004"}],"wp:attachment":[{"href":"https:\/\/marcali.plebania.hu\/index.php?rest_route=%2Fwp%2Fv2%2Fmedia&parent=8001"}],"wp:term":[{"taxonomy":"category","embeddable":true,"href":"https:\/\/marcali.plebania.hu\/index.php?rest_route=%2Fwp%2Fv2%2Fcategories&post=8001"},{"taxonomy":"post_tag","embeddable":true,"href":"https:\/\/marcali.plebania.hu\/index.php?rest_route=%2Fwp%2Fv2%2Ftags&post=8001"}],"curies":[{"name":"wp","href":"https:\/\/api.w.org\/{rel}","templated":true}]}}