{"id":8005,"date":"2026-03-14T20:37:08","date_gmt":"2026-03-14T20:37:08","guid":{"rendered":"https:\/\/marcali.plebania.hu\/?p=8005"},"modified":"2026-03-14T20:37:08","modified_gmt":"2026-03-14T20:37:08","slug":"hirdetesek-2026-marcius-15-en","status":"publish","type":"post","link":"https:\/\/marcali.plebania.hu\/?p=8005","title":{"rendered":"Hirdet\u00e9sek 2026. m\u00e1rcius 15-\u00e9n"},"content":{"rendered":"\n<p><a href=\"https:\/\/igenaptar.katolikus.hu\/nap\/index.php?holnap=2026-03-15\" target=\"_blank\" rel=\"noreferrer noopener\"><u>Nagyb\u00f6jt 4. vas\u00e1rnapja<\/u><\/a><\/p>\n\n\n\n<ol start=\"1\" class=\"wp-block-list\">\n<li>K\u00f6sz\u00f6nj\u00fck a h\u00e1bor\u00fa s\u00fajtotta ter\u00fcleten \u00e9l\u0151k megseg\u00edt\u00e9s\u00e9re adott 200.000 Ft adom\u00e1nyt. Az anyagi seg\u00edts\u00e9gny\u00fajt\u00e1s mellett im\u00e1dkozzunk tov\u00e1bbra is a b\u00e9k\u00e9\u00e9rt!<\/li>\n\n\n\n<li>A <strong>Feln\u0151tt hittan, szents\u00e9gi felk\u00e9sz\u00edt\u0151<\/strong>, egyben TaKi-tal\u00e1lkoz\u00f3 <span style=\"text-decoration: underline;\">szerd\u00e1n<\/span> 18-kor kezd\u0151dik a pl\u00e9b\u00e1ni\u00e1n.<\/li>\n\n\n\n<li>Nagyb\u00f6jt <span style=\"text-decoration: underline;\">p\u00e9ntekjein<\/span> <strong>keresztut<\/strong>at im\u00e1dkozunk a pl\u00e9b\u00e1niatemplomban, k\u00f6zben <strong>gy\u00f3n\u00e1si lehet\u0151s\u00e9g<\/strong> is lesz. Ezen a h\u00e9ten 16:45-t\u0151l Moln\u00e1r Gy\u00f6rgyn\u00e9 \u00e9s a Ladencsics h\u00e1zasp\u00e1r vezeti az im\u00e1ds\u00e1got, akikhez b\u00e1rki csatlakozhat.<\/li>\n\n\n\n<li>Cs\u00fct\u00f6rt\u00f6k\u00f6n lesz szent J\u00f3zsefnek, a Sz\u0171z M\u00e1ria jegyes\u00e9nek \u00e9s J\u00e9zus nevel\u0151atyj\u00e1nak f\u0151\u00fcnnepe. Ennek alkalm\u00e1b\u00f3l szeretettel h\u00edvunk <strong>minden \u00e9desap\u00e1t<\/strong> a <span style=\"text-decoration: underline;\">szombat<\/span> esti mis\u00e9re, melynek sor\u00e1n k\u00fcl\u00f6n \u00e1ld\u00e1sban r\u00e9szes\u00fclhetnek.<\/li>\n\n\n\n<li>A j\u00f6v\u0151 <span style=\"text-decoration: underline;\">vas\u00e1rnap<\/span>i perselyadom\u00e1nyokat a <strong>Szentf\u00f6ld<\/strong> jav\u00e1ra tov\u00e1bb\u00edtjuk.<\/li>\n\n\n\n<li>Szeretettel k\u00e9rj\u00fck a testv\u00e9reket, hogy az ad\u00f3bevall\u00e1saikban (<strong>SZJA<\/strong>) id\u00e9n se feledkezzenek meg a k\u00e9tszer 1%-os rendelkez\u0151 nyilatkozatokr\u00f3l. Ez az ad\u00f3z\u00f3nak nem jelent plusz kiad\u00e1st, a kedvezm\u00e9nyezettnek viszont nagy seg\u00edts\u00e9get jelent. K\u00e9rj\u00fck, abban az esetben is tegy\u00e9k meg felaj\u00e1nl\u00e1st a Magyar Katolikus Egyh\u00e1znak, ha az SZJA a kedvezm\u00e9nyek miatt nulla forint, ugyanis a felaj\u00e1nl\u00f3k sz\u00e1m\u00e1n\u00e1l ezeket a rendelkez\u00e9seket is figyelembe veszik.<\/li>\n\n\n\n<li>Ett\u0151l f\u00fcggetlen az \u00e9ves <strong>egyh\u00e1zi hozz\u00e1j\u00e1rul\u00e1s<\/strong> (m\u00e1s n\u00e9ven: egyh\u00e1zi ad\u00f3 vagy p\u00e1rb\u00e9r), amely az egyh\u00e1zk\u00f6zs\u00e9g mint k\u00f6z\u00f6ss\u00e9g \u00e9s int\u00e9zm\u00e9ny m\u0171k\u00f6dtet\u00e9s\u00e9re befizetett \u00f6sszeg. Az egyh\u00e1zfenntart\u00e1sra sz\u00e1nt adom\u00e1nnyal a h\u00edvek tartj\u00e1k fenn saj\u00e1t k\u00f6z\u00f6ss\u00e9g\u00fcket, amelynek tagjai: r\u00e9szt v\u00e1llalnak a k\u00f6z\u00f6ss\u00e9g \u00e9let\u00e9nek anyagi vonzataiban is. A p\u00fcsp\u00f6ki kar \u00e1ltal aj\u00e1nlott m\u00e9rt\u00e9ke: az \u00e9ves nett\u00f3 munkab\u00e9r vagy nyugd\u00edj 1%-a, amit keres\u0151nk\u00e9nt fizet\u00fcnk. Ez havi 100 ezer forintonk\u00e9nt havi 1 ezer (\u00e9vi 12 ezer) forintot jelent. Ezt a pl\u00e9b\u00e1niai k\u00f6z\u00f6ss\u00e9gi terek (templomok, pl\u00e9b\u00e1nia, iroda, k\u00f6z\u00f6ss\u00e9gi termek) rezsik\u00f6lts\u00e9geire \u00e9s karbantart\u00e1s\u00e1ra, fejleszt\u00e9s\u00e9re; a munkat\u00e1rsak b\u00e9r\u00e9re, \u00e9s a pl\u00e9b\u00e1niai programok kiad\u00e1saira ford\u00edtjuk. (A f\u00e9lre\u00e9rt\u00e9sek elker\u00fcl\u00e9se v\u00e9gett: nincs k\u00f6ze a temet\u00e9si st\u00f3lad\u00edjhoz, \u00e9s jelenleg a papok fizet\u00e9se nem ebb\u0151l az \u00f6sszegb\u0151l t\u00f6rt\u00e9nik).<br>A k\u00e9pvisel\u0151-test\u00fclet minimumk\u00e9nt \u00e9vi 6000 forintot hat\u00e1rozott meg, ami \u2013 egy vagy t\u00f6bb r\u00e9szletben is befizethet\u0151 (ez havonta 500 forint kiad\u00e1s). Mindenki szabadon eld\u00f6ntheti, hite \u00e9s lehet\u0151s\u00e9gei alapj\u00e1n, a minimumot vagy t\u00f6bbet sz\u00e1n erre a c\u00e9lra. Befizethet\u0151 k\u00e9szp\u00e9nzben az irod\u00e1ban, mis\u00e9k ut\u00e1n a sekresty\u00e9ben, az ad\u00f3szed\u0151n\u00e9l, vagy (ak\u00e1r rendszeres) banki \u00e1tutal\u00e1ssal. Ez esetben k\u00f6zlem\u00e9nyk\u00e9nt k\u00e9rj\u00fck megadni: \u201eN\u00e9v, lakc\u00edm, egyh\u00e1zi hozz\u00e1j\u00e1rul\u00e1s, \u00e9v\u201d. Tov\u00e1bbi r\u00e9szletek a honlapunk \u201eT\u00e1mogat\u00e1s\u201d men\u00fcpontj\u00e1ban olvashat\u00f3k. <strong>H\u00e1l\u00e1san k\u00f6sz\u00f6nj\u00fck a testv\u00e9rek eddigi nagylelk\u0171 anyagi t\u00e1mogat\u00e1s\u00e1t, amivel lehet\u0151v\u00e9 teszik pl\u00e9b\u00e1ni\u00e1nk m\u0171k\u00f6d\u00e9s\u00e9t!<\/strong><\/li>\n\n\n\n<li>Akinek nincs lehet\u0151s\u00e9ge elj\u00f6nni a templomba, de szeretn\u00e9 a <strong>h\u00fasv\u00e9ti szentgy\u00f3n\u00e1s<\/strong>\u00e1t elv\u00e9gezni (\u00e9s nem els\u0151p\u00e9ntekes), k\u00e9rj\u00fck, jelezze sz\u00e1nd\u00e9k\u00e1t az irod\u00e1nak, \u00e9s valamelyik atya felkeresi \u0151t otthon\u00e1ban.<\/li>\n\n\n\n<li><span style=\"text-decoration: underline;\">M\u00e1rcius 28-\u00e1n<\/span> (szombaton) <strong>S\u00e1ndor L\u00e1szl\u00f3 atya<\/strong>, nagyat\u00e1di pl\u00e9b\u00e1nos tart <strong>lelki nap<\/strong>ot a pl\u00e9b\u00e1niatemplomban.<\/li>\n\n\n\n<li>A mi pl\u00e9b\u00e1ni\u00e1nk is r\u00e9szt vesz egyh\u00e1zmegy\u00e9nk <strong>szin\u00f3dus<\/strong>i folyamat\u00e1ban: a Pasztor\u00e1lis Helyn\u00f6ks\u00e9g \u00e1ltal k\u00e9sz\u00edtett \u00e9s kit\u00f6lt\u00f6tt k\u00e9rd\u0151\u00edvet <span style=\"text-decoration: underline;\">\u00e1prilis 6-ig<\/span> lehet a templomban elhelyezett gy\u0171jt\u0151dobozba tenni, ez az internetes kit\u00f6lt\u00e9s hat\u00e1rideje is. B\u00e1rki szabadon kit\u00f6ltheti \u00e9s aj\u00e1nlhatja itt \u00e9l\u0151 ismer\u0151s\u00e9nek is.<\/li>\n<\/ol>\n\n\n\n<p><\/p>\n","protected":false},"excerpt":{"rendered":"<p>Nagyb\u00f6jt 4. vas\u00e1rnapja<\/p>\n","protected":false},"author":1,"featured_media":0,"comment_status":"closed","ping_status":"open","sticky":false,"template":"","format":"standard","meta":{"footnotes":""},"categories":[3],"tags":[],"class_list":["post-8005","post","type-post","status-publish","format-standard","hentry","category-hirdetesek"],"_links":{"self":[{"href":"https:\/\/marcali.plebania.hu\/index.php?rest_route=\/wp\/v2\/posts\/8005","targetHints":{"allow":["GET"]}}],"collection":[{"href":"https:\/\/marcali.plebania.hu\/index.php?rest_route=\/wp\/v2\/posts"}],"about":[{"href":"https:\/\/marcali.plebania.hu\/index.php?rest_route=\/wp\/v2\/types\/post"}],"author":[{"embeddable":true,"href":"https:\/\/marcali.plebania.hu\/index.php?rest_route=\/wp\/v2\/users\/1"}],"replies":[{"embeddable":true,"href":"https:\/\/marcali.plebania.hu\/index.php?rest_route=%2Fwp%2Fv2%2Fcomments&post=8005"}],"version-history":[{"count":1,"href":"https:\/\/marcali.plebania.hu\/index.php?rest_route=\/wp\/v2\/posts\/8005\/revisions"}],"predecessor-version":[{"id":8006,"href":"https:\/\/marcali.plebania.hu\/index.php?rest_route=\/wp\/v2\/posts\/8005\/revisions\/8006"}],"wp:attachment":[{"href":"https:\/\/marcali.plebania.hu\/index.php?rest_route=%2Fwp%2Fv2%2Fmedia&parent=8005"}],"wp:term":[{"taxonomy":"category","embeddable":true,"href":"https:\/\/marcali.plebania.hu\/index.php?rest_route=%2Fwp%2Fv2%2Fcategories&post=8005"},{"taxonomy":"post_tag","embeddable":true,"href":"https:\/\/marcali.plebania.hu\/index.php?rest_route=%2Fwp%2Fv2%2Ftags&post=8005"}],"curies":[{"name":"wp","href":"https:\/\/api.w.org\/{rel}","templated":true}]}}