{"id":8007,"date":"2026-03-21T23:17:02","date_gmt":"2026-03-21T23:17:02","guid":{"rendered":"https:\/\/marcali.plebania.hu\/?p=8007"},"modified":"2026-03-21T23:17:02","modified_gmt":"2026-03-21T23:17:02","slug":"hirdetesek-2026-marcius-22-en","status":"publish","type":"post","link":"https:\/\/marcali.plebania.hu\/?p=8007","title":{"rendered":"Hirdet\u00e9sek 2026. m\u00e1rcius 22-\u00e9n"},"content":{"rendered":"\n<p><a href=\"https:\/\/marcali.plebania.hu\/index.php\/author\/admin\/\"><\/a><\/p>\n\n\n\n<p>Nagyb\u00f6jt 5. vas\u00e1rnapja<br><u><a href=\"https:\/\/igenaptar.katolikus.hu\/nap\/index.php?holnap=2026-03-22\" target=\"_blank\" rel=\"noreferrer noopener\">A szentmise olvasm\u00e1nyai<\/a><\/u><\/p>\n\n\n\n<ol start=\"1\" class=\"wp-block-list\">\n<li>A mai perselyp\u00e9nzt a <strong>Szentf\u00f6ld<\/strong> jav\u00e1ra tov\u00e1bb\u00edtjuk.<\/li>\n\n\n\n<li><span style=\"text-decoration: underline;\">Szerd\u00e1n<\/span>, a pl\u00e9b\u00e1niatemplom titulus\u00e1nak, Gy\u00fcm\u00f6lcsolt\u00f3 Boldogasszony \u00fcnnep\u00e9n, az orsz\u00e1gos K\u00c9SZ-imal\u00e1nc keret\u00e9n bel\u00fcl, 16:30-t\u00f3l <strong>100 \u00dcdv\u00f6zl\u00e9gyet im\u00e1dkozunk <\/strong>az emberi \u00e9let v\u00e9delm\u00e9\u00e9rt \u00e9s a b\u00e9k\u00e9\u00e9rt. A 17:30-kor kezd\u0151d\u0151 \u00fcnnepi szentmise ut\u00e1n id\u00e9n is pl\u00e9b\u00e1niai bekapcsol\u00f3d\u00e1st szervez\u00fcnk a <a href=\"https:\/\/lelkiadoptalas.hu\/mi-a-lelki-adoptalas\/\" target=\"_blank\" rel=\"noreferrer noopener\"><u>Lelki Adopt\u00e1l\u00e1s<\/u><\/a>ba, ami egy 9 h\u00f3napig tart\u00f3 im\u00e1ds\u00e1gos elk\u00f6telez\u0151d\u00e9s egy gyermek v\u00e9delm\u00e9ben, akit az abortusz \u00e1ltali hal\u00e1l fenyeget. A szentmise ut\u00e1n a templomban hallgathatunk meg egy r\u00e9szletes ismertet\u0151t, majd k\u00f6vetkezik a k\u00f6z\u00f6s fogadalomt\u00e9tel.<\/li>\n\n\n\n<li>Nagyb\u00f6jt <span style=\"text-decoration: underline;\">p\u00e9ntekjein<\/span> <strong>keresztut<\/strong>at im\u00e1dkozunk a pl\u00e9b\u00e1niatemplomban, k\u00f6zben <strong>gy\u00f3n\u00e1si lehet\u0151s\u00e9g<\/strong> is lesz. Ezen a h\u00e9ten 16:45-t\u0151l az \u00d6r\u00f6mforr\u00e1s zenekar \u00e9s a pl\u00e9b\u00e1niai fakultat\u00edv hittanosok vezetik az im\u00e1ds\u00e1got.<\/li>\n\n\n\n<li><span style=\"text-decoration: underline;\">Szombaton<\/span> S\u00e1ndor L\u00e1szl\u00f3 atya, nagyat\u00e1di pl\u00e9b\u00e1nos tart <strong>lelki nap<\/strong>ot a pl\u00e9b\u00e1niatemplomban: 16:00-t\u00f3l szents\u00e9gim\u00e1d\u00e1s \u00e9s gy\u00f3n\u00e1si lehet\u0151s\u00e9g, majd 17:30-t\u00f3l a vir\u00e1gvas\u00e1rnapi el\u0151esti szentmise J\u00e9zus szenved\u00e9st\u00f6rt\u00e9net\u00e9vel \u00e9s elm\u00e9lked\u00e9ssel.<\/li>\n\n\n\n<li><span style=\"text-decoration: underline;\">Vir\u00e1gvas\u00e1rnap<\/span>: Urunk szenved\u00e9s\u00e9nek vas\u00e1rnapja, a nagyh\u00e9t kezdete. Az Egyh\u00e1z J\u00e9zus bevonul\u00e1s\u00e1t \u00fcnnepli Jeruzs\u00e1lembe, hogy kereszthal\u00e1l\u00e1val \u00e9s felt\u00e1mad\u00e1s\u00e1val megv\u00e1ltson minket. A vas\u00e1rnapi 9 \u00f3rai szentmis\u00e9t <strong>barkaszentel\u00e9ssel<\/strong> kezdj\u00fck <strong>a templomon k\u00edv\u00fcl<\/strong>, majd k\u00f6rmenettel megy\u00fcnk be a templomba, J\u00e9zus jeruzs\u00e1lemi bevonul\u00e1s\u00e1ra eml\u00e9kezve. Az \u00fcnnepi szentmise r\u00e9szek\u00e9nt el\u00e9nekelj\u00fck a passi\u00f3t, J\u00e9zus szenved\u00e9st\u00f6rt\u00e9net\u00e9t. Ez lesz a d\u00e9lel\u0151tti egyetlen, k\u00f6z\u00f6s szentmise. K\u00e9rj\u00fck a ministr\u00e1nsokat, hogy 8:30-ra j\u00f6jjenek pr\u00f3b\u00e1ra a sekresty\u00e9be. (17:30-kor lesz m\u00e9g szentmise a Boldog Gizella-templomban.)<\/li>\n\n\n\n<li>A h\u00fasv\u00e9ti vir\u00e1gra sz\u00e1nt adom\u00e1nyokat k\u00e9rj\u00fck a megfelel\u0151 perselybe dobni vagy a sekresty\u00e9snek adni. K\u00f6sz\u00f6nj\u00fck a hozz\u00e1j\u00e1rul\u00e1st templomunk d\u00edsz\u00edt\u00e9s\u00e9hez \u00e9s a h\u00fasv\u00e9t m\u00e9lt\u00f3 meg\u00fcnnepl\u00e9s\u00e9hez.<\/li>\n\n\n\n<li>Pl\u00e9b\u00e1ni\u00e1nk int\u00e9zm\u00e9ny\u00e9nek \u00e9s k\u00f6z\u00f6ss\u00e9g\u00e9nek t\u00e1mogat\u00e1s\u00e1nak k\u00fcl\u00f6nf\u00e9le m\u00f3djair\u00f3l (pl. egyh\u00e1zi hozz\u00e1j\u00e1rul\u00e1s), \u00e9s az \u00f6sszeg felhaszn\u00e1l\u00e1s\u00e1r\u00f3l r\u00e9szletek a <a href=\"https:\/\/marcali.plebania.hu\/index.php\/plebania\/tamogatas\/\" target=\"_blank\" rel=\"noreferrer noopener\"><u>honlapunk \u201eT\u00e1mogat\u00e1s\u201d men\u00fcpontj\u00e1<\/u><\/a>ban olvashat\u00f3k. H\u00e1l\u00e1san k\u00f6sz\u00f6nj\u00fck a testv\u00e9rek anyagi t\u00e1mogat\u00e1s\u00e1t, amivel lehet\u0151v\u00e9 teszik pl\u00e9b\u00e1ni\u00e1nk m\u0171k\u00f6d\u00e9s\u00e9t!<\/li>\n\n\n\n<li><span style=\"text-decoration: underline;\">\u00c1prilis 1-j\u00e9n<\/span> 15 \u00f3rakor kezd\u0151dik a fel\u00faj\u00edtott kereszt \u00e9s a Koller-eml\u00e9kt\u00e1bla meg\u00e1ld\u00e1sa a temet\u0151ben.<\/li>\n\n\n\n<li>Az egyh\u00e1zmegyei szinod\u00e1lis k\u00e9rd\u0151\u00edv kit\u00f6lt\u00e9si hat\u00e1rideje <span style=\"text-decoration: underline;\">\u00e1prilis 6.<\/span><\/li>\n<\/ol>\n\n\n\n<p><\/p>\n","protected":false},"excerpt":{"rendered":"<p>Nagyb\u00f6jt 5. vas\u00e1rnapjaA szentmise olvasm\u00e1nyai<\/p>\n","protected":false},"author":1,"featured_media":0,"comment_status":"closed","ping_status":"open","sticky":false,"template":"","format":"standard","meta":{"footnotes":""},"categories":[3],"tags":[],"class_list":["post-8007","post","type-post","status-publish","format-standard","hentry","category-hirdetesek"],"_links":{"self":[{"href":"https:\/\/marcali.plebania.hu\/index.php?rest_route=\/wp\/v2\/posts\/8007","targetHints":{"allow":["GET"]}}],"collection":[{"href":"https:\/\/marcali.plebania.hu\/index.php?rest_route=\/wp\/v2\/posts"}],"about":[{"href":"https:\/\/marcali.plebania.hu\/index.php?rest_route=\/wp\/v2\/types\/post"}],"author":[{"embeddable":true,"href":"https:\/\/marcali.plebania.hu\/index.php?rest_route=\/wp\/v2\/users\/1"}],"replies":[{"embeddable":true,"href":"https:\/\/marcali.plebania.hu\/index.php?rest_route=%2Fwp%2Fv2%2Fcomments&post=8007"}],"version-history":[{"count":1,"href":"https:\/\/marcali.plebania.hu\/index.php?rest_route=\/wp\/v2\/posts\/8007\/revisions"}],"predecessor-version":[{"id":8008,"href":"https:\/\/marcali.plebania.hu\/index.php?rest_route=\/wp\/v2\/posts\/8007\/revisions\/8008"}],"wp:attachment":[{"href":"https:\/\/marcali.plebania.hu\/index.php?rest_route=%2Fwp%2Fv2%2Fmedia&parent=8007"}],"wp:term":[{"taxonomy":"category","embeddable":true,"href":"https:\/\/marcali.plebania.hu\/index.php?rest_route=%2Fwp%2Fv2%2Fcategories&post=8007"},{"taxonomy":"post_tag","embeddable":true,"href":"https:\/\/marcali.plebania.hu\/index.php?rest_route=%2Fwp%2Fv2%2Ftags&post=8007"}],"curies":[{"name":"wp","href":"https:\/\/api.w.org\/{rel}","templated":true}]}}