{"id":8010,"date":"2026-03-29T05:20:48","date_gmt":"2026-03-29T05:20:48","guid":{"rendered":"https:\/\/marcali.plebania.hu\/?p=8010"},"modified":"2026-04-04T22:20:57","modified_gmt":"2026-04-04T22:20:57","slug":"hirdetesek-2026-marcius-29-en","status":"publish","type":"post","link":"https:\/\/marcali.plebania.hu\/?p=8010","title":{"rendered":"Hirdet\u00e9sek 2026. m\u00e1rcius 29-\u00e9n"},"content":{"rendered":"\n<p>Vir\u00e1gvas\u00e1rnap<br><u><a href=\"https:\/\/igenaptar.katolikus.hu\/nap\/index.php?holnap=2026-03-29\" target=\"_blank\" rel=\"noreferrer noopener\">A szentmise olvasm\u00e1nyai<\/a><\/u><\/p>\n\n\n\n<ol start=\"1\" class=\"wp-block-list\">\n<li>K\u00f6sz\u00f6nj\u00fck S\u00e1ndor L\u00e1szl\u00f3 aty\u00e1nak, nagyat\u00e1di pl\u00e9b\u00e1nosnak a nagyh\u00e9tre felk\u00e9sz\u00edt\u0151 lelki napot, a h\u00edveknek pedig a jelenl\u00e9tet,a bekapcsol\u00f3d\u00e1st a k\u00f6z\u00f6s szents\u00e9gim\u00e1d\u00e1sba \u00e9s a mis\u00e9be.<\/li>\n\n\n\n<li><span style=\"text-decoration: underline;\">Vir\u00e1gvas\u00e1rnap<\/span>: Urunk szenved\u00e9s\u00e9nek vas\u00e1rnapja, a nagyh\u00e9t kezdete. Az Egyh\u00e1z J\u00e9zus bevonul\u00e1s\u00e1t \u00fcnnepli Jeruzs\u00e1lembe, hogy kereszthal\u00e1l\u00e1val \u00e9s felt\u00e1mad\u00e1s\u00e1val megv\u00e1ltson minket. A 9 \u00f3rai szentmis\u00e9t <strong>barkaszentel\u00e9ssel<\/strong> kezdj\u00fck a templomon k\u00edv\u00fcl (rossz id\u0151 eset\u00e9n a templom bej\u00e1rat\u00e1n\u00e1l), majd k\u00f6rmenettel megy\u00fcnk be a templomba, J\u00e9zus jeruzs\u00e1lemi bevonul\u00e1s\u00e1ra eml\u00e9kezve. Az \u00fcnnepi szentmise r\u00e9szek\u00e9nt el\u00e9nekelj\u00fck a passi\u00f3t, J\u00e9zus szenved\u00e9st\u00f6rt\u00e9net\u00e9t. D\u00e9lel\u0151tt ez az egyetlen, k\u00f6z\u00f6s szentmise. (17:30-kor lesz m\u00e9g szentmise a Boldog Gizella-templomban.)<\/li>\n\n\n\n<li><span style=\"text-decoration: underline;\">Szerd\u00e1n<\/span> 15 \u00f3rakor kezd\u0151dik a fel\u00faj\u00edtott kereszt \u00e9s a Koller-eml\u00e9kt\u00e1bla meg\u00e1ld\u00e1sa a temet\u0151k\u00e1polna el\u0151tt.<\/li>\n\n\n\n<li>A <strong>Feln\u0151tt hittan, szents\u00e9gi felk\u00e9sz\u00edt\u0151<\/strong>, egyben TaKi-tal\u00e1lkoz\u00f3 <span style=\"text-decoration: underline;\">szerd\u00e1n<\/span> 18:00-kor kezd\u0151dik a pl\u00e9b\u00e1ni\u00e1n.<\/li>\n\n\n\n<li>Szeretettel h\u00edvunk mindenkit a <strong>nagyheti szertart\u00e1sok<\/strong>ra (a ministr\u00e1nsokat a pr\u00f3b\u00e1kra is v\u00e1rjuk):<br><span style=\"text-decoration: underline;\">Nagycs\u00fct\u00f6rt\u00f6k\u00f6n<\/span> a kaposv\u00e1ri sz\u00e9kesegyh\u00e1zban 10:00-kor kezd\u0151dik a krizmaszentel\u00e9si mise, amelyet p\u00fcsp\u00f6k atya az egyh\u00e1zmegye paps\u00e1g\u00e1val egy\u00fctt mutat be. A pl\u00e9b\u00e1niatemplomban 17:30-kor kezd\u0151dik a <strong>szentmise<\/strong> <strong>az utols\u00f3 vacsora eml\u00e9k\u00e9re<\/strong> (a ministr\u00e1nsokkal 16:45-kor kezdj\u00fck a pr\u00f3b\u00e1t). A mis\u00e9t virraszt\u00e1s k\u00f6veti.<\/li>\n\n\n\n<li><span style=\"text-decoration: underline;\">Nagyp\u00e9nteken<\/span> 9:30-t\u00f3l zsolozsma, 10:00-t\u00f3l gy\u00f3n\u00e1si lehet\u0151s\u00e9g, 10:30-t\u00f3l ministr\u00e1nspr\u00f3ba a pl\u00e9b\u00e1niatemplomban, majd 15:00-kor kezd\u0151dik a <strong>kereszt\u00fat<\/strong> im\u00e1ds\u00e1g a temet\u0151i k\u00e1lv\u00e1ri\u00e1n, csal\u00e1dok vezet\u00e9s\u00e9vel. A pl\u00e9b\u00e1niatemplomban 17:30-kor kezd\u0151dik <strong>Urunk szenved\u00e9s\u00e9nek \u00fcnnepl\u00e9se<\/strong> igeliturgi\u00e1val, passi\u00f3val, kereszth\u00f3dolattal. (Aznap este nem lesz r\u00f3zsaf\u00fcz\u00e9r-im\u00e1dkoz\u00e1s a templomban.)<\/li>\n\n\n\n<li><span style=\"text-decoration: underline;\">Nagyszombaton<\/span> 9:30-t\u00f3l zsolozsma, 10:00-t\u00f3l ministr\u00e1nspr\u00f3ba a pl\u00e9b\u00e1niatemplomban. 18:00-kor kezd\u0151dik a F\u00e9ny\u00fcnneps\u00e9gb\u0151l, Igeliturgi\u00e1b\u00f3l, Kereszts\u00e9gi \u00edg\u00e9ret meg\u00faj\u00edt\u00e1s\u00e1b\u00f3l \u00e9s az Eucharisztia liturgi\u00e1j\u00e1b\u00f3l \u00e1ll\u00f3 h\u00fasv\u00e9ti vig\u00edlia, mely az eg\u00e9sz \u00e9v leg\u00fcnnep\u00e9lyesebb szertart\u00e1sa. A t\u00f6bb\u00f3r\u00e1s mise v\u00e9g\u00e9n szents\u00e9gi k\u00f6rmenettel is meg\u00fcnnepelj\u00fck Urunk felt\u00e1mad\u00e1s\u00e1t.<\/li>\n\n\n\n<li><span style=\"text-decoration: underline;\">H\u00fasv\u00e9tvas\u00e1rnap<\/span> a 7:15-kor kezd\u0151d\u0151 h\u00fasv\u00e9ti \u00e9telek meg\u00e1ld\u00e1sa ut\u00e1n \u00fcnnepi miserend lesz.<\/li>\n\n\n\n<li><span style=\"text-decoration: underline;\">H\u00fasv\u00e9th\u00e9tf\u0151n<\/span> 9 \u00f3rakor a pl\u00e9b\u00e1niatemplomban, 11 \u00f3rakor Biz\u00e9n lesz szentmise.<\/li>\n\n\n\n<li>A h\u00fasv\u00e9ti vir\u00e1gra sz\u00e1nt adom\u00e1nyokat k\u00e9rj\u00fck a megfelel\u0151 perselybe dobni vagy a sekresty\u00e9snek adni. K\u00f6sz\u00f6n\u00fcnk minden hozz\u00e1j\u00e1rul\u00e1st templomunk d\u00edsz\u00edt\u00e9s\u00e9hez \u00e9s a h\u00fasv\u00e9t m\u00e9lt\u00f3 meg\u00fcnnepl\u00e9s\u00e9hez.<\/li>\n\n\n\n<li>Az egyh\u00e1zmegyei <strong>szinod\u00e1lis k\u00e9rd\u0151\u00edv<\/strong> kit\u00f6lt\u00e9si hat\u00e1rideje <span style=\"text-decoration: underline;\">\u00e1prilis 6<\/span>.<\/li>\n<\/ol>\n\n\n\n<p><em>\u00c1ldott nagyhetet k\u00edv\u00e1nunk mindenkinek!<\/em><\/p>\n\n\n\n<p><\/p>\n","protected":false},"excerpt":{"rendered":"<p>Vir\u00e1gvas\u00e1rnapA szentmise olvasm\u00e1nyai \u00c1ldott nagyhetet k\u00edv\u00e1nunk mindenkinek!<\/p>\n","protected":false},"author":1,"featured_media":0,"comment_status":"closed","ping_status":"open","sticky":false,"template":"","format":"standard","meta":{"footnotes":""},"categories":[1],"tags":[],"class_list":["post-8010","post","type-post","status-publish","format-standard","hentry","category-egyeb"],"_links":{"self":[{"href":"https:\/\/marcali.plebania.hu\/index.php?rest_route=\/wp\/v2\/posts\/8010","targetHints":{"allow":["GET"]}}],"collection":[{"href":"https:\/\/marcali.plebania.hu\/index.php?rest_route=\/wp\/v2\/posts"}],"about":[{"href":"https:\/\/marcali.plebania.hu\/index.php?rest_route=\/wp\/v2\/types\/post"}],"author":[{"embeddable":true,"href":"https:\/\/marcali.plebania.hu\/index.php?rest_route=\/wp\/v2\/users\/1"}],"replies":[{"embeddable":true,"href":"https:\/\/marcali.plebania.hu\/index.php?rest_route=%2Fwp%2Fv2%2Fcomments&post=8010"}],"version-history":[{"count":2,"href":"https:\/\/marcali.plebania.hu\/index.php?rest_route=\/wp\/v2\/posts\/8010\/revisions"}],"predecessor-version":[{"id":8012,"href":"https:\/\/marcali.plebania.hu\/index.php?rest_route=\/wp\/v2\/posts\/8010\/revisions\/8012"}],"wp:attachment":[{"href":"https:\/\/marcali.plebania.hu\/index.php?rest_route=%2Fwp%2Fv2%2Fmedia&parent=8010"}],"wp:term":[{"taxonomy":"category","embeddable":true,"href":"https:\/\/marcali.plebania.hu\/index.php?rest_route=%2Fwp%2Fv2%2Fcategories&post=8010"},{"taxonomy":"post_tag","embeddable":true,"href":"https:\/\/marcali.plebania.hu\/index.php?rest_route=%2Fwp%2Fv2%2Ftags&post=8010"}],"curies":[{"name":"wp","href":"https:\/\/api.w.org\/{rel}","templated":true}]}}