{"id":8013,"date":"2026-04-04T22:25:49","date_gmt":"2026-04-04T22:25:49","guid":{"rendered":"https:\/\/marcali.plebania.hu\/?p=8013"},"modified":"2026-04-04T22:25:49","modified_gmt":"2026-04-04T22:25:49","slug":"hirdetesek-2026-aprilis-5-en-husvetvasarnap","status":"publish","type":"post","link":"https:\/\/marcali.plebania.hu\/?p=8013","title":{"rendered":"Hirdet\u00e9sek 2026. \u00e1prilis 5-\u00e9n &#8211; H\u00fasv\u00e9tvas\u00e1rnap"},"content":{"rendered":"\n<p>H\u00fasv\u00e9tvas\u00e1rnap &#8211; Urunk felt\u00e1mad\u00e1sa<br><u><a href=\"https:\/\/igenaptar.katolikus.hu\/nap\/index.php?holnap=2026-04-05\" target=\"_blank\" rel=\"noreferrer noopener\">A szentmise olvasm\u00e1nyai<\/a><\/u><\/p>\n\n\n\n<ol class=\"wp-block-list\">\n<li>H\u00e1l\u00e1san <strong>k\u00f6sz\u00f6n\u00fcnk minden seg\u00edts\u00e9get \u00e9s szolg\u00e1latot<\/strong> a Vir\u00e1gvas\u00e1rnap \u00e9s a H\u00fasv\u00e9ti Szent H\u00e1romnap m\u00e9lt\u00f3 meg\u00fcnnepl\u00e9s\u00e9hez: bark\u00e1t, ministr\u00e1l\u00e1st, \u00e9nekl\u00e9st, felolvas\u00e1st, takar\u00edt\u00e1st, d\u00edsz\u00edt\u00e9st, a szent s\u00edr elk\u00e9sz\u00edt\u00e9s\u00e9t, jelenl\u00e9tet \u00e9s bekapcsol\u00f3d\u00e1st a nagyheti szertart\u00e1sokba \u00e9s im\u00e1ds\u00e1gokba.<\/li>\n\n\n\n<li>K\u00f6sz\u00f6nj\u00fck a kereszt\u00fat im\u00e1ds\u00e1g vezet\u00e9s\u00e9t is minden jelentkez\u0151nek. A j\u00f6v\u0151ben is lesz lehet\u0151s\u00e9g jelentkezni a k\u00fcl\u00f6nf\u00e9le meghirdetett szolg\u00e1latokra, b\u00e1tran \u00e9lj\u00fcnk a lehet\u0151s\u00e9ggel, ha ind\u00edttat\u00e1st \u00e9rz\u00fcnk r\u00e1. \u00c9s szolg\u00e1latk\u00e9nt fogjuk fel \u00e9s fogadjuk el, ak\u00e1r minket b\u00edztak meg vele, ak\u00e1r m\u00e1s v\u00e1llalta el.<\/li>\n\n\n\n<li>A p\u00fcsp\u00f6ki konferencia \u00e9s a karit\u00e1sz \u00e1ltal meghirdetett orsz\u00e1gos gy\u0171jt\u00e9sre 133 milli\u00f3 forint t\u00e1mogat\u00e1s gy\u0171lt \u00f6ssze a h\u00e1bor\u00fa s\u00fajtotta ter\u00fcleteken \u00e9l\u0151k jav\u00e1ra. K\u00f6sz\u00f6nj\u00fck az itt meghirdetett gy\u0171jt\u00e9sre hozott adom\u00e1nyt.<\/li>\n\n\n\n<li><span style=\"text-decoration: underline;\">H\u00fasv\u00e9tvas\u00e1rnap<\/span> a 7:15-kor kezd\u0151d\u0151 h\u00fasv\u00e9ti \u00e9telek meg\u00e1ld\u00e1sa ut\u00e1n \u00fcnnepi miserend lesz. Az adom\u00e1nyok lehet\u0151v\u00e9 tett\u00e9k, hogy a h\u00fasv\u00e9tvas\u00e1rnapi szentmis\u00e9t a pl\u00e9b\u00e1niatemplomb\u00f3l \u00e9l\u0151ben k\u00f6zvet\u00edtse a t\u00e9v\u00e9. K\u00f6sz\u00f6n\u00fcnk minden, erre a c\u00e9lra adott \u00f6sszeget.<\/li>\n\n\n\n<li><span style=\"text-decoration: underline;\">H\u00fasv\u00e9th\u00e9tf\u0151n<\/span> 9 \u00f3rakor a pl\u00e9b\u00e1niatemplomban, 11 \u00f3rakor Biz\u00e9n lesz szentmise.<\/li>\n\n\n\n<li>Az egyh\u00e1zmegyei <strong>szinod\u00e1lis k\u00e9rd\u0151\u00edv<\/strong>et &#8211; melynek c\u00e9lja az egy\u00fcttgondolkod\u00e1s az egyh\u00e1zk\u00f6zs\u00e9g \u00e9let\u00e9r\u0151l, j\u00f6v\u0151j\u00e9r\u0151l, mindenkivel, aki Marcaliban \u00e9l \u00e9s nyitott erre &#8211; <span style=\"text-decoration: underline;\">h\u00e9tf\u0151ig<\/span> lehet kit\u00f6lteni. A pap\u00edron kit\u00f6lt\u00f6tt k\u00e9rd\u0151\u00edvet k\u00e9rj\u00fck a templomban elhelyezett dobozba bedobni. Az online kit\u00f6lt\u00e9s hat\u00e1rideje is \u00e1pr. 6. K\u00f6sz\u00f6nj\u00fck a r\u00e1 ford\u00edtott id\u0151t, energi\u00e1t. Azoknak is, akik m\u00e1sokat is megh\u00edvtak erre.<\/li>\n\n\n\n<li>A <strong>F\u00e9rfi-k\u00f6r<\/strong> k\u00f6vetkez\u0151 tal\u00e1lkoz\u00f3ja <span style=\"text-decoration: underline;\">szerd\u00e1n<\/span> 18:00-kor kezd\u0151dik a pl\u00e9b\u00e1ni\u00e1n. Szeretettel v\u00e1rjuk a tagokat \u00e9s az \u00e9rdekl\u0151d\u0151 f\u00e9rfiakat minden m\u00e1sodik h\u00e9ten.<\/li>\n\n\n\n<li>Az <strong>els\u0151p\u00e9ntekesek<\/strong> megl\u00e1togat\u00e1sa nagyp\u00e9ntek miatt ezen a h\u00e9ten lesz.<\/li>\n<\/ol>\n\n\n\n<p class=\"has-text-align-right\"><em>\u00c1ldott h\u00fasv\u00e9tot k\u00edv\u00e1nunk mindenkinek!<\/em><\/p>\n","protected":false},"excerpt":{"rendered":"<p>H\u00fasv\u00e9tvas\u00e1rnap &#8211; Urunk felt\u00e1mad\u00e1saA szentmise olvasm\u00e1nyai \u00c1ldott h\u00fasv\u00e9tot k\u00edv\u00e1nunk mindenkinek!<\/p>\n","protected":false},"author":1,"featured_media":0,"comment_status":"closed","ping_status":"open","sticky":false,"template":"","format":"standard","meta":{"footnotes":""},"categories":[3],"tags":[],"class_list":["post-8013","post","type-post","status-publish","format-standard","hentry","category-hirdetesek"],"_links":{"self":[{"href":"https:\/\/marcali.plebania.hu\/index.php?rest_route=\/wp\/v2\/posts\/8013","targetHints":{"allow":["GET"]}}],"collection":[{"href":"https:\/\/marcali.plebania.hu\/index.php?rest_route=\/wp\/v2\/posts"}],"about":[{"href":"https:\/\/marcali.plebania.hu\/index.php?rest_route=\/wp\/v2\/types\/post"}],"author":[{"embeddable":true,"href":"https:\/\/marcali.plebania.hu\/index.php?rest_route=\/wp\/v2\/users\/1"}],"replies":[{"embeddable":true,"href":"https:\/\/marcali.plebania.hu\/index.php?rest_route=%2Fwp%2Fv2%2Fcomments&post=8013"}],"version-history":[{"count":1,"href":"https:\/\/marcali.plebania.hu\/index.php?rest_route=\/wp\/v2\/posts\/8013\/revisions"}],"predecessor-version":[{"id":8014,"href":"https:\/\/marcali.plebania.hu\/index.php?rest_route=\/wp\/v2\/posts\/8013\/revisions\/8014"}],"wp:attachment":[{"href":"https:\/\/marcali.plebania.hu\/index.php?rest_route=%2Fwp%2Fv2%2Fmedia&parent=8013"}],"wp:term":[{"taxonomy":"category","embeddable":true,"href":"https:\/\/marcali.plebania.hu\/index.php?rest_route=%2Fwp%2Fv2%2Fcategories&post=8013"},{"taxonomy":"post_tag","embeddable":true,"href":"https:\/\/marcali.plebania.hu\/index.php?rest_route=%2Fwp%2Fv2%2Ftags&post=8013"}],"curies":[{"name":"wp","href":"https:\/\/api.w.org\/{rel}","templated":true}]}}