{"id":8019,"date":"2026-04-11T12:53:52","date_gmt":"2026-04-11T12:53:52","guid":{"rendered":"https:\/\/marcali.plebania.hu\/?p=8019"},"modified":"2026-04-11T13:13:06","modified_gmt":"2026-04-11T13:13:06","slug":"hirdetesek-2026-aprilis-12-en","status":"publish","type":"post","link":"https:\/\/marcali.plebania.hu\/?p=8019","title":{"rendered":"Hirdet\u00e9sek 2026. \u00e1prilis 12-\u00e9n"},"content":{"rendered":"\n<p><a href=\"https:\/\/igenaptar.katolikus.hu\/nap\/index.php?holnap=2026-04-12\" target=\"_blank\" rel=\"noreferrer noopener\"><u>Isteni irgalmass\u00e1g vas\u00e1rnap &#8211; olvasm\u00e1nyok<\/u><\/a> <\/p>\n\n\n\n<p>A szombat (\u00e1pr. 11.) esti  szentmise ut\u00e1n, Le\u00f3 p\u00e1pa felh\u00edv\u00e1s\u00e1hoz csatlakozva, 19:00-ig a b\u00e9k\u00e9\u00e9rt im\u00e1dkozunk a templomban az Olt\u00e1riszents\u00e9g el\u0151tt.<\/p>\n\n\n\n<ol start=\"1\" class=\"wp-block-list\">\n<li>K\u00f6sz\u00f6nj\u00fck az egyh\u00e1zmegyei <strong>k\u00e9rd\u0151\u00edv<\/strong> kit\u00f6lt\u00e9s\u00e9t \u00e9s lead\u00e1s\u00e1t.<\/li>\n\n\n\n<li><span style=\"text-decoration: underline;\">Kedden<\/span> 16.30-kor <strong>fatimai ima\u00f3ra<\/strong> kezd\u0151dik a pl\u00e9b\u00e1niatemplomban.<\/li>\n\n\n\n<li>A <strong>feln\u0151tt hittan, szents\u00e9gi felk\u00e9sz\u00edt\u0151<\/strong> <span style=\"text-decoration: underline;\">szerd\u00e1n<\/span> 18:00-kor kezd\u0151dik a pl\u00e9b\u00e1ni\u00e1n.<\/li>\n\n\n\n<li>Folytat\u00f3dik a rendszeres <strong>szents\u00e9gim\u00e1d\u00e1s<\/strong> a templomban, szeretettel buzd\u00edtunk minden h\u00edv\u0151t, id\u0151zz\u00f6n az Olt\u00e1riszents\u00e9g el\u0151tt, J\u00e9zus Krisztus jelenl\u00e9t\u00e9ben. Hit\u00fcnk tan\u00edt\u00e1sa szerint &#8222;J\u00e9zus Krisztus eg\u00e9szen egyed\u00fcl\u00e1ll\u00f3 \u00e9s m\u00e1shoz nem hasonl\u00edthat\u00f3 m\u00f3don van jelen az Euchariszti\u00e1ban. Ugyanis igaz\u00e1n, val\u00f3s\u00e1gosan \u00e9s l\u00e9nyegileg van jelen: test\u00e9vel \u00e9s v\u00e9r\u00e9vel, lelk\u00e9vel \u00e9s istens\u00e9g\u00e9vel, (&#8230;)  az eg\u00e9sz Krisztus: Isten \u00e9s ember.&#8221; (Kompendium 282.) A p\u00e9nteki mise el\u0151tti f\u00e9l \u00f3r\u00e1n t\u00fal cs\u00fct\u00f6rt\u00f6k\u00f6nk\u00e9nt 16 \u00f3r\u00e1t\u00f3l csendes szents\u00e9gim\u00e1d\u00e1son vehet\u00fcnk r\u00e9szt.<\/li>\n\n\n\n<li>Id\u00e9n is pl\u00e9b\u00e1niai<strong> napk\u00f6zis t\u00e1bor<\/strong>ba h\u00edvjuk az \u00e9rdekl\u0151d\u0151 di\u00e1kokat (m\u00e1sodik oszt\u00e1lyt\u00f3l kezdve), <span style=\"text-decoration: underline;\">j\u00falius 13-t\u00f3l 17-ig<\/span> a k\u00f6z\u00f6ss\u00e9gi h\u00e1zunkba (D\u00f3zsa Gy. u. 3.). Jelentkezni a honlapunk (marcali.plebania.hu) legfels\u0151, r\u00f6gz\u00edtett bejegyz\u00e9s\u00e9ben el\u00e9rhet\u0151 <a href=\"https:\/\/marcali.plebania.hu\/index.php\/2025\/05\/10\/jelentkezes-a-kozelgo-plebaniai-programokra\/\">\u0171rlapon<\/a> lehet.<\/li>\n\n\n\n<li>A pl\u00e9b\u00e1nia int\u00e9zm\u00e9ny\u00e9nek \u00e9s k\u00f6z\u00f6ss\u00e9g\u00e9nek, valamint az egyh\u00e1z t\u00e1mogat\u00e1s\u00e1nak k\u00fcl\u00f6nf\u00e9le m\u00f3djair\u00f3l (pl. SZJA 1% vagy egyh\u00e1zi hozz\u00e1j\u00e1rul\u00e1s), \u00e9s az \u00f6sszeg felhaszn\u00e1l\u00e1s\u00e1r\u00f3l marcali.plebania.hu c\u00edmen el\u00e9rhet\u0151 honlapunk <a href=\"https:\/\/marcali.plebania.hu\/index.php\/plebania\/tamogatas\/\" target=\"_blank\" rel=\"noreferrer noopener\"><u>\u201eT\u00e1mogat\u00e1s\u201d men\u00fcpontj\u00e1<\/u><\/a>ban olvashat\u00f3k r\u00e9szletek. H\u00e1l\u00e1san k\u00f6sz\u00f6nj\u00fck a testv\u00e9rek anyagi t\u00e1mogat\u00e1s\u00e1t, amivel lehet\u0151v\u00e9 teszik pl\u00e9b\u00e1ni\u00e1nk m\u0171k\u00f6d\u00e9s\u00e9t!<\/li>\n<\/ol>\n\n\n\n<p><\/p>\n","protected":false},"excerpt":{"rendered":"<p>Isteni irgalmass\u00e1g vas\u00e1rnap &#8211; olvasm\u00e1nyok A szombat (\u00e1pr. 11.) esti szentmise ut\u00e1n, Le\u00f3 p\u00e1pa felh\u00edv\u00e1s\u00e1hoz csatlakozva, 19:00-ig a b\u00e9k\u00e9\u00e9rt im\u00e1dkozunk a templomban az Olt\u00e1riszents\u00e9g el\u0151tt.<\/p>\n","protected":false},"author":1,"featured_media":0,"comment_status":"closed","ping_status":"open","sticky":false,"template":"","format":"standard","meta":{"footnotes":""},"categories":[3],"tags":[],"class_list":["post-8019","post","type-post","status-publish","format-standard","hentry","category-hirdetesek"],"_links":{"self":[{"href":"https:\/\/marcali.plebania.hu\/index.php?rest_route=\/wp\/v2\/posts\/8019","targetHints":{"allow":["GET"]}}],"collection":[{"href":"https:\/\/marcali.plebania.hu\/index.php?rest_route=\/wp\/v2\/posts"}],"about":[{"href":"https:\/\/marcali.plebania.hu\/index.php?rest_route=\/wp\/v2\/types\/post"}],"author":[{"embeddable":true,"href":"https:\/\/marcali.plebania.hu\/index.php?rest_route=\/wp\/v2\/users\/1"}],"replies":[{"embeddable":true,"href":"https:\/\/marcali.plebania.hu\/index.php?rest_route=%2Fwp%2Fv2%2Fcomments&post=8019"}],"version-history":[{"count":3,"href":"https:\/\/marcali.plebania.hu\/index.php?rest_route=\/wp\/v2\/posts\/8019\/revisions"}],"predecessor-version":[{"id":8023,"href":"https:\/\/marcali.plebania.hu\/index.php?rest_route=\/wp\/v2\/posts\/8019\/revisions\/8023"}],"wp:attachment":[{"href":"https:\/\/marcali.plebania.hu\/index.php?rest_route=%2Fwp%2Fv2%2Fmedia&parent=8019"}],"wp:term":[{"taxonomy":"category","embeddable":true,"href":"https:\/\/marcali.plebania.hu\/index.php?rest_route=%2Fwp%2Fv2%2Fcategories&post=8019"},{"taxonomy":"post_tag","embeddable":true,"href":"https:\/\/marcali.plebania.hu\/index.php?rest_route=%2Fwp%2Fv2%2Ftags&post=8019"}],"curies":[{"name":"wp","href":"https:\/\/api.w.org\/{rel}","templated":true}]}}