{"id":8025,"date":"2026-04-19T06:12:02","date_gmt":"2026-04-19T06:12:02","guid":{"rendered":"https:\/\/marcali.plebania.hu\/?p=8025"},"modified":"2026-04-22T13:57:55","modified_gmt":"2026-04-22T13:57:55","slug":"hirdetesek-2026-aprilis-19-en","status":"publish","type":"post","link":"https:\/\/marcali.plebania.hu\/?p=8025","title":{"rendered":"Hirdet\u00e9sek 2026. \u00e1prilis 19-\u00e9n"},"content":{"rendered":"\n<p><a href=\"https:\/\/igenaptar.katolikus.hu\/nap\/index.php?holnap=2026-04-19\" target=\"_blank\" rel=\"noreferrer noopener\"><u>H\u00fasv\u00e9t 3. vas\u00e1rnapja &#8211; olvasm\u00e1nyok<\/u><\/a><\/p>\n\n\n\n<ol start=\"1\" class=\"wp-block-list\">\n<li><strong>B\u00e9rm\u00e1l\u00e1si sz\u00fcl\u0151i \u00e9rtekezlet<\/strong>re v\u00e1rjuk az \u00e9rintetteket <span style=\"text-decoration: underline;\">szerd\u00e1n<\/span> 16:45-re a pl\u00e9b\u00e1ni\u00e1ra.<\/li>\n\n\n\n<li>A <strong>F\u00e9rfi-k\u00f6r<\/strong> <span style=\"text-decoration: underline;\">szerd\u00e1n<\/span> 18:00-kor kezd\u0151dik a pl\u00e9b\u00e1ni\u00e1n.<\/li>\n\n\n\n<li>A <strong>lelki adopt\u00e1l\u00f3k<\/strong>at <span style=\"text-decoration: underline;\">cs\u00fct\u00f6rt\u00f6k\u00f6n<\/span> 17:00-ra h\u00edvjuk a pl\u00e9b\u00e1niatemplomba.<\/li>\n\n\n\n<li>A <span style=\"text-decoration: underline;\">cs\u00fct\u00f6rt\u00f6k<\/span>i mise ut\u00e1n folytat\u00f3dik a <strong>H\u00e1zas Kurzus<\/strong> a pl\u00e9b\u00e1ni\u00e1n. Szeretettel v\u00e1rjuk a harmadik tal\u00e1lkoz\u00f3ra a jelentkez\u0151ket.<\/li>\n\n\n\n<li>J\u00f6v\u0151 h\u00e9tv\u00e9g\u00e9n, <strong>J\u00f3 P\u00e1sztor vas\u00e1rnapja<\/strong> alkalm\u00e1b\u00f3l vend\u00e9g\u00fcnk lesz Kiss Gerg\u0151, egyh\u00e1zmegy\u00e9nk papn\u00f6vend\u00e9ke. Az \u0151 tan\u00fas\u00e1gt\u00e9tel\u00e9t is meghallgathatjuk a szentmis\u00e9ken. P\u00fcsp\u00f6k aty\u00e1nk k\u00e9r\u00e9s\u00e9nek megfelel\u0151en minden h\u00f3napban az els\u0151 cs\u00fct\u00f6rt\u00f6ki szents\u00e9gim\u00e1d\u00e1st (16:00-t\u00f3l) papi hivat\u00e1sok\u00e9rt aj\u00e1nljuk fel.<\/li>\n\n\n\n<li>Le\u00f3 p\u00e1pa \u00e1prilisi imasz\u00e1nd\u00e9ka is a paps\u00e1ghoz k\u00f6t\u0151dik: \u201eIm\u00e1dkozzunk azok\u00e9rt a papok\u00e9rt, akik hivat\u00e1sukban kr\u00edzispillanatokat \u00e9lnek \u00e1t, hogy megtal\u00e1lj\u00e1k a sz\u00e1mukra sz\u00fcks\u00e9ges k\u00eds\u00e9retet \u00e9s hogy a k\u00f6z\u00f6ss\u00e9gek t\u00e1mogass\u00e1k \u0151ket meg\u00e9rt\u00e9ssel \u00e9s im\u00e1val.\u201d K\u00f6sz\u00f6n\u00fcnk minden t\u00e1mogat\u00e1st \u00e9s im\u00e1t, amit a papok\u00e9rt \u00e9s papi hivat\u00e1sok\u00e9rt mondanak.<\/li>\n\n\n\n<li>J\u00f6v\u0151 <span style=\"text-decoration: underline;\">vas\u00e1rnap<\/span> a pl\u00e9b\u00e1niatemplomban a mise v\u00e9g\u00e9n <strong>k\u00f6ny\u00f6rg\u00fcnk<\/strong> Istenhez <strong>a j\u00f3 term\u00e9s\u00e9rt<\/strong>.<\/li>\n\n\n\n<li>Id\u00e9n is pl\u00e9b\u00e1niai<strong>napk\u00f6zis t\u00e1bor<\/strong>ba h\u00edvjuk az \u00e9rdekl\u0151d\u0151 di\u00e1kokat (m\u00e1sodik oszt\u00e1lyt\u00f3l kezdve), <span style=\"text-decoration: underline;\">j\u00falius 13-t\u00f3l 17-ig<\/span> a k\u00f6z\u00f6ss\u00e9gi h\u00e1zunkba (D\u00f3zsa Gy. u. 3.). Jelentkezni a honlapunk (marcali.plebania.hu) legfels\u0151, <a href=\"https:\/\/marcali.plebania.hu\/index.php\/2025\/05\/10\/jelentkezes-a-kozelgo-plebaniai-programokra\/\">r\u00f6gz\u00edtett bejegyz\u00e9s\u00e9ben el\u00e9rhet\u0151 \u0171rlapon<\/a> lehet.<\/li>\n<\/ol>\n","protected":false},"excerpt":{"rendered":"<p>H\u00fasv\u00e9t 3. vas\u00e1rnapja &#8211; olvasm\u00e1nyok<\/p>\n","protected":false},"author":1,"featured_media":0,"comment_status":"closed","ping_status":"open","sticky":false,"template":"","format":"standard","meta":{"footnotes":""},"categories":[3],"tags":[],"class_list":["post-8025","post","type-post","status-publish","format-standard","hentry","category-hirdetesek"],"_links":{"self":[{"href":"https:\/\/marcali.plebania.hu\/index.php?rest_route=\/wp\/v2\/posts\/8025","targetHints":{"allow":["GET"]}}],"collection":[{"href":"https:\/\/marcali.plebania.hu\/index.php?rest_route=\/wp\/v2\/posts"}],"about":[{"href":"https:\/\/marcali.plebania.hu\/index.php?rest_route=\/wp\/v2\/types\/post"}],"author":[{"embeddable":true,"href":"https:\/\/marcali.plebania.hu\/index.php?rest_route=\/wp\/v2\/users\/1"}],"replies":[{"embeddable":true,"href":"https:\/\/marcali.plebania.hu\/index.php?rest_route=%2Fwp%2Fv2%2Fcomments&post=8025"}],"version-history":[{"count":4,"href":"https:\/\/marcali.plebania.hu\/index.php?rest_route=\/wp\/v2\/posts\/8025\/revisions"}],"predecessor-version":[{"id":8030,"href":"https:\/\/marcali.plebania.hu\/index.php?rest_route=\/wp\/v2\/posts\/8025\/revisions\/8030"}],"wp:attachment":[{"href":"https:\/\/marcali.plebania.hu\/index.php?rest_route=%2Fwp%2Fv2%2Fmedia&parent=8025"}],"wp:term":[{"taxonomy":"category","embeddable":true,"href":"https:\/\/marcali.plebania.hu\/index.php?rest_route=%2Fwp%2Fv2%2Fcategories&post=8025"},{"taxonomy":"post_tag","embeddable":true,"href":"https:\/\/marcali.plebania.hu\/index.php?rest_route=%2Fwp%2Fv2%2Ftags&post=8025"}],"curies":[{"name":"wp","href":"https:\/\/api.w.org\/{rel}","templated":true}]}}