{"id":8032,"date":"2026-04-25T19:59:06","date_gmt":"2026-04-25T19:59:06","guid":{"rendered":"https:\/\/marcali.plebania.hu\/?p=8032"},"modified":"2026-04-25T19:59:06","modified_gmt":"2026-04-25T19:59:06","slug":"hirdetesek-2026-aprilis-26-an","status":"publish","type":"post","link":"https:\/\/marcali.plebania.hu\/?p=8032","title":{"rendered":"Hirdet\u00e9sek 2026. \u00e1prilis 26-\u00e1n"},"content":{"rendered":"\n<p><a href=\"https:\/\/igenaptar.katolikus.hu\/nap\/index.php?holnap=2026-04-26\" target=\"_blank\" rel=\"noreferrer noopener\"><u>H\u00fasv\u00e9t 4. vas\u00e1rnapja &#8211; J\u00f3 P\u00e1sztor vas\u00e1rnapja (olvasm\u00e1nyok)<\/u><\/a><\/p>\n\n\n\n<ol start=\"1\" class=\"wp-block-list\">\n<li><strong>J\u00f3 P\u00e1sztor vas\u00e1rnapja<\/strong> alkalm\u00e1b\u00f3l vend\u00e9g\u00fcnk Kiss Gerg\u0151, egyh\u00e1zmegy\u00e9nk papn\u00f6vend\u00e9ke, k\u00f6sz\u00f6nj\u00fck tan\u00fas\u00e1gt\u00e9tel\u00e9t. Minden h\u00f3napban az els\u0151 cs\u00fct\u00f6rt\u00f6ki szents\u00e9gim\u00e1d\u00e1st (16:00-t\u00f3l) papi hivat\u00e1sok\u00e9rt aj\u00e1nljuk fel. K\u00e9r\u00fcnk \u00e9s k\u00f6sz\u00f6n\u00fcnk minden im\u00e1t a papok\u00e9rt \u00e9s papi hivat\u00e1sok\u00e9rt.<\/li>\n\n\n\n<li>A 9 \u00f3rai szentmise v\u00e9g\u00e9n <strong>k\u00f6ny\u00f6rg\u00fcnk<\/strong> Istenhez <strong>a j\u00f3 term\u00e9s\u00e9rt<\/strong>. K\u00f6sz\u00f6nj\u00fck a b\u00fazaszentel\u00e9sre hozott b\u00faz\u00e1t.<\/li>\n\n\n\n<li>A <strong>Feln\u0151tt hittan, szents\u00e9gi felk\u00e9sz\u00edt\u0151<\/strong> szerd\u00e1n 18:00-kor kezd\u0151dik a pl\u00e9b\u00e1ni\u00e1n.<\/li>\n\n\n\n<li>P\u00e9nteken (m\u00e1jus 1-j\u00e9n) nem lesz esti k\u00f6z\u00f6s <strong>r\u00f3zsaf\u00fcz\u00e9r<\/strong>-im\u00e1dkoz\u00e1s a templomban.<\/li>\n\n\n\n<li>Az <strong>els\u0151p\u00e9ntekesek<\/strong> megl\u00e1togat\u00e1sa m\u00e1jusban egy h\u00e9ttel k\u00e9s\u0151bbre (m\u00e1j. 8-ra) tol\u00f3dik.<\/li>\n\n\n\n<li>M\u00e1jus h\u00f3napban az esti szentmis\u00e9k el\u0151tt (17:10-t\u0151l) <strong>loret\u00f3i lit\u00e1ni\u00e1<\/strong>t im\u00e1dkozunk a pl\u00e9b\u00e1niatemplomban.<\/li>\n\n\n\n<li>J\u00f6v\u0151 vas\u00e1rnap a 9 \u00f3rai szentmis\u00e9ben <strong>keresztel\u00e9s<\/strong>t is \u00fcnnepl\u00fcnk.<\/li>\n\n\n\n<li>Id\u00e9n is pl\u00e9b\u00e1niai<strong> napk\u00f6zis t\u00e1bor<\/strong>ba h\u00edvjuk az \u00e9rdekl\u0151d\u0151 di\u00e1kokat (m\u00e1sodik oszt\u00e1lyt\u00f3l kezdve), j\u00falius 13-t\u00f3l 17-ig a k\u00f6z\u00f6ss\u00e9gi h\u00e1zunkba (D\u00f3zsa Gy. u. 3.). Jelentkezni a honlapunk (marcali.plebania.hu) legfels\u0151, r\u00f6gz\u00edtett bejegyz\u00e9s\u00e9ben el\u00e9rhet\u0151 \u0171rlapon lehet.<\/li>\n\n\n\n<li>Befejez\u0151d\u00f6tt a <em>R\u00f3zsaf\u00fcz\u00e9r kir\u00e1lyn\u0151je<\/em> festm\u00e9ny restaur\u00e1l\u00e1sa a pl\u00e9b\u00e1niatemplomban. A festm\u00e9ny eredeti \u00e1llapot\u00e1ba lett vissza\u00e1ll\u00edtva. K\u00f6sz\u00f6nj\u00fck Borsos Mikl\u00f3sn\u00e9 Margit nagylelk\u0171 adom\u00e1ny\u00e1t, ami lehet\u0151v\u00e9 tette a fel\u00faj\u00edt\u00e1st.<\/li>\n<\/ol>\n","protected":false},"excerpt":{"rendered":"<p>H\u00fasv\u00e9t 4. vas\u00e1rnapja &#8211; J\u00f3 P\u00e1sztor vas\u00e1rnapja (olvasm\u00e1nyok)<\/p>\n","protected":false},"author":1,"featured_media":0,"comment_status":"closed","ping_status":"open","sticky":false,"template":"","format":"standard","meta":{"footnotes":""},"categories":[3],"tags":[],"class_list":["post-8032","post","type-post","status-publish","format-standard","hentry","category-hirdetesek"],"_links":{"self":[{"href":"https:\/\/marcali.plebania.hu\/index.php?rest_route=\/wp\/v2\/posts\/8032","targetHints":{"allow":["GET"]}}],"collection":[{"href":"https:\/\/marcali.plebania.hu\/index.php?rest_route=\/wp\/v2\/posts"}],"about":[{"href":"https:\/\/marcali.plebania.hu\/index.php?rest_route=\/wp\/v2\/types\/post"}],"author":[{"embeddable":true,"href":"https:\/\/marcali.plebania.hu\/index.php?rest_route=\/wp\/v2\/users\/1"}],"replies":[{"embeddable":true,"href":"https:\/\/marcali.plebania.hu\/index.php?rest_route=%2Fwp%2Fv2%2Fcomments&post=8032"}],"version-history":[{"count":1,"href":"https:\/\/marcali.plebania.hu\/index.php?rest_route=\/wp\/v2\/posts\/8032\/revisions"}],"predecessor-version":[{"id":8033,"href":"https:\/\/marcali.plebania.hu\/index.php?rest_route=\/wp\/v2\/posts\/8032\/revisions\/8033"}],"wp:attachment":[{"href":"https:\/\/marcali.plebania.hu\/index.php?rest_route=%2Fwp%2Fv2%2Fmedia&parent=8032"}],"wp:term":[{"taxonomy":"category","embeddable":true,"href":"https:\/\/marcali.plebania.hu\/index.php?rest_route=%2Fwp%2Fv2%2Fcategories&post=8032"},{"taxonomy":"post_tag","embeddable":true,"href":"https:\/\/marcali.plebania.hu\/index.php?rest_route=%2Fwp%2Fv2%2Ftags&post=8032"}],"curies":[{"name":"wp","href":"https:\/\/api.w.org\/{rel}","templated":true}]}}