{"id":8039,"date":"2026-05-02T20:33:05","date_gmt":"2026-05-02T20:33:05","guid":{"rendered":"https:\/\/marcali.plebania.hu\/?p=8039"},"modified":"2026-05-02T20:43:50","modified_gmt":"2026-05-02T20:43:50","slug":"hirdetesek-2026-majus-3-an","status":"publish","type":"post","link":"https:\/\/marcali.plebania.hu\/?p=8039","title":{"rendered":"Hirdet\u00e9sek 2026. m\u00e1jus 3-\u00e1n"},"content":{"rendered":"\n<p><a href=\"https:\/\/igenaptar.katolikus.hu\/nap\/index.php?holnap=2026-05-03\" target=\"_blank\" rel=\"noreferrer noopener\"><u>H\u00fasv\u00e9t 5. vas\u00e1rnapja &#8211; olvasm\u00e1nyok<\/u><\/a> <\/p>\n\n\n\n<ol start=\"1\" class=\"wp-block-list\">\n<li>K\u00f6zponti \u00e1tszervez\u00e9s miatt <span style=\"text-decoration: underline;\">h\u00e9tf\u0151t\u0151l<\/span><strong> <\/strong>kezdve a <strong>n\u00e9pkonyh\u00e1<\/strong>n \u00e9tkez\u0151k egy \u00f3r\u00e1val kor\u00e1bban vehetik \u00e1t \u00e9teladagjukat: 11:00 \u00e9s 11:30 k\u00f6z\u00f6tt. K\u00f6sz\u00f6nj\u00fck az \u00e9teloszt\u00f3 \u00f6nk\u00e9ntesek munk\u00e1j\u00e1t. A p\u00e9nteki szentmis\u00e9t \u00e9rt\u00fck aj\u00e1nljuk fel.<\/li>\n\n\n\n<li><strong>Els\u0151\u00e1ldoz\u00e1s el\u0151tti sz\u00fcl\u0151i \u00e9rtekezlet<\/strong>re h\u00edvjuk az \u00e9rintett sz\u00fcl\u0151ket a pl\u00e9b\u00e1ni\u00e1ra <span style=\"text-decoration: underline;\">szerd\u00e1n<\/span> 16:45-re.<\/li>\n\n\n\n<li>A <strong>F\u00e9rfi k\u00f6r<\/strong> <span style=\"text-decoration: underline;\">szerd\u00e1n<\/span> 18:00-kor kezd\u0151dik a pl\u00e9b\u00e1ni\u00e1n.<\/li>\n\n\n\n<li>A <strong>H\u00e1zas Kurzus<\/strong> <span style=\"text-decoration: underline;\">cs\u00fct\u00f6rt\u00f6k\u00f6n<\/span> 18:15-kor folytat\u00f3dik, szeretettel v\u00e1rjuk a r\u00e9sztvev\u0151 p\u00e1rokat.<\/li>\n\n\n\n<li>Az <strong>els\u0151p\u00e9ntekesek<\/strong> megl\u00e1togat\u00e1sa m\u00e1jusban ezen a h\u00e9ten, <span style=\"text-decoration: underline;\">p\u00e9ntek<\/span> d\u00e9lel\u0151tt lesz.<\/li>\n\n\n\n<li>M\u00e1jus h\u00f3napban az esti szentmis\u00e9k el\u0151tt (17:10-t\u0151l) <strong>loret\u00f3i lit\u00e1ni\u00e1<\/strong>t im\u00e1dkozunk a pl\u00e9b\u00e1niatemplomban.<\/li>\n\n\n\n<li><em>\u00c9rint\u00e9s <\/em>c\u00edmmel tart <strong>zen\u00e9s ima\u00f3r\u00e1<\/strong>t Simon Bence vibrafonm\u0171v\u00e9sz <span style=\"text-decoration: underline;\">m\u00e1jus 15-\u00e9n<\/span> 18:15-t\u0151l a pl\u00e9b\u00e1niatemplomban.<\/li>\n\n\n\n<li>A j\u00falius 13-t\u00f3l 17-ig tart\u00f3 pl\u00e9b\u00e1niai <strong>napk\u00f6zis t\u00e1bor<\/strong>ba a honlapunkon el\u00e9rhet\u0151 <a href=\"https:\/\/marcali.plebania.hu\/index.php\/2025\/05\/10\/jelentkezes-a-kozelgo-plebaniai-programokra\/\">\u0171rlapon<\/a> lehet jelentkezni.<\/li>\n<\/ol>\n\n\n\n<p><\/p>\n","protected":false},"excerpt":{"rendered":"<p>H\u00fasv\u00e9t 5. vas\u00e1rnapja &#8211; olvasm\u00e1nyok<\/p>\n","protected":false},"author":1,"featured_media":0,"comment_status":"closed","ping_status":"open","sticky":false,"template":"","format":"standard","meta":{"footnotes":""},"categories":[3],"tags":[],"class_list":["post-8039","post","type-post","status-publish","format-standard","hentry","category-hirdetesek"],"_links":{"self":[{"href":"https:\/\/marcali.plebania.hu\/index.php?rest_route=\/wp\/v2\/posts\/8039","targetHints":{"allow":["GET"]}}],"collection":[{"href":"https:\/\/marcali.plebania.hu\/index.php?rest_route=\/wp\/v2\/posts"}],"about":[{"href":"https:\/\/marcali.plebania.hu\/index.php?rest_route=\/wp\/v2\/types\/post"}],"author":[{"embeddable":true,"href":"https:\/\/marcali.plebania.hu\/index.php?rest_route=\/wp\/v2\/users\/1"}],"replies":[{"embeddable":true,"href":"https:\/\/marcali.plebania.hu\/index.php?rest_route=%2Fwp%2Fv2%2Fcomments&post=8039"}],"version-history":[{"count":3,"href":"https:\/\/marcali.plebania.hu\/index.php?rest_route=\/wp\/v2\/posts\/8039\/revisions"}],"predecessor-version":[{"id":8043,"href":"https:\/\/marcali.plebania.hu\/index.php?rest_route=\/wp\/v2\/posts\/8039\/revisions\/8043"}],"wp:attachment":[{"href":"https:\/\/marcali.plebania.hu\/index.php?rest_route=%2Fwp%2Fv2%2Fmedia&parent=8039"}],"wp:term":[{"taxonomy":"category","embeddable":true,"href":"https:\/\/marcali.plebania.hu\/index.php?rest_route=%2Fwp%2Fv2%2Fcategories&post=8039"},{"taxonomy":"post_tag","embeddable":true,"href":"https:\/\/marcali.plebania.hu\/index.php?rest_route=%2Fwp%2Fv2%2Ftags&post=8039"}],"curies":[{"name":"wp","href":"https:\/\/api.w.org\/{rel}","templated":true}]}}