{"id":8053,"date":"2026-05-09T22:40:26","date_gmt":"2026-05-09T22:40:26","guid":{"rendered":"https:\/\/marcali.plebania.hu\/?p=8053"},"modified":"2026-05-09T22:40:26","modified_gmt":"2026-05-09T22:40:26","slug":"hirdetesek-2026-majus-10-en","status":"publish","type":"post","link":"https:\/\/marcali.plebania.hu\/?p=8053","title":{"rendered":"Hirdet\u00e9sek 2026. m\u00e1jus 10-\u00e9n"},"content":{"rendered":"\n<p><a href=\"https:\/\/igenaptar.katolikus.hu\/nap\/index.php?holnap=2026-05-10\" target=\"_blank\" rel=\"noreferrer noopener\"><u>H\u00fasv\u00e9t 6. vas\u00e1rnapja &#8211; olvasm\u00e1nyok<\/u><\/a><\/p>\n\n\n\n<ol start=\"1\" class=\"wp-block-list\">\n<li>A <strong>fatimai ima\u00f3ra<\/strong> <span style=\"text-decoration: underline;\">szerd\u00e1n<\/span> 16:00-kor kezd\u0151dik a pl\u00e9b\u00e1niatemplomban.<\/li>\n\n\n\n<li>J\u00f6v\u0151 <span style=\"text-decoration: underline;\">vas\u00e1rnap<\/span>, Urunk mennybemenetel\u00e9nek \u00fcnnep\u00e9n a 9 \u00f3rai szentmis\u00e9ben lesz az <strong>els\u0151\u00e1ldoz\u00e1s<\/strong>. Im\u00e1dkozzunk az els\u0151\u00e1ldoz\u00f3k\u00e9rt \u00e9s csal\u00e1djaik\u00e9rt!<\/li>\n\n\n\n<li><span style=\"text-decoration: underline;\">M\u00e1jus<\/span> h\u00f3napban az esti szentmis\u00e9k el\u0151tt (17:10-t\u0151l) <strong>loret\u00f3i lit\u00e1ni\u00e1<\/strong>t im\u00e1dkozunk a pl\u00e9b\u00e1niatemplomban.<\/li>\n\n\n\n<li>A <span style=\"text-decoration: underline;\">p\u00e9ntek<\/span>i szentmis\u00e9n az \u00d6r\u00f6mforr\u00e1s zenekar vezeti a mise \u00e9nekeit. A mise ut\u00e1n (18:15-t\u0151l) <em><strong>\u00c9rint\u00e9s<\/strong> <\/em>c\u00edmmel tart <strong>zen\u00e9s ima\u00f3r\u00e1<\/strong>t Simon Bence vibrafonm\u0171v\u00e9sz. Szeretettel h\u00edvjuk a h\u00edveket \u00e9s minden \u00e9rdekl\u0151d\u0151t a pl\u00e9b\u00e1niatemplomba.<\/li>\n\n\n\n<li>Szombaton lesz <strong>Nepomuki Szent J\u00e1nos<\/strong> eml\u00e9knapja. Ez alkalomb\u00f3l m\u00e1snap (<span style=\"text-decoration: underline;\">vas\u00e1rnap<\/span>) 10:30-kor ker\u00fcl sor az \u0151 fel\u00faj\u00edtott <strong>szobr\u00e1<\/strong>nak meg\u00e1ld\u00e1s\u00e1ra.<\/li>\n\n\n\n<li>A szinod\u00e1lis k\u00e9rd\u0151\u00edvek ut\u00e1n szem\u00e9lyes tal\u00e1lkoz\u00e1sra h\u00edv az egyh\u00e1zmegyei pasztor\u00e1lis iroda: <span style=\"text-decoration: underline;\">m\u00e1jus 21-\u00e9n<\/span> (cs\u00fct\u00f6rt\u00f6k\u00f6n) a p\u00fcsp\u00f6ki szentmise ut\u00e1n, a templomban hallgathatjuk meg Varga L\u00e1szl\u00f3 megy\u00e9sp\u00fcsp\u00f6k, Neumajer Zolt\u00e1n pasztor\u00e1lis helyn\u00f6k atya \u00e9s Fekete Csaba pasztor\u00e1lis irodavezet\u0151 gondolatait az Egyh\u00e1z jelen\u00e9r\u0151l \u00e9s j\u00f6v\u0151j\u00e9r\u0151l. Az el\u0151ad\u00e1sokat f\u00f3rum k\u00f6veti, melyen b\u00e1rki r\u00e9szt vehet.<\/li>\n\n\n\n<li><strong>Pl\u00e9b\u00e1niai nap<\/strong>ot tervez\u00fcnk <span style=\"text-decoration: underline;\">j\u00fanius 13-ra<\/span>, melyre szeretettel h\u00edvjuk az egyh\u00e1zk\u00f6z\u00f6ss\u00e9g minden tagj\u00e1t.<\/li>\n\n\n\n<li>A <span style=\"text-decoration: underline;\">j\u00falius 13-t\u00f3l 17-ig<\/span> tart\u00f3 pl\u00e9b\u00e1niai<strong> napk\u00f6zis t\u00e1bor<\/strong>ba <em><a href=\"https:\/\/marcali.plebania.hu\/index.php\/2025\/05\/10\/jelentkezes-a-kozelgo-plebaniai-programokra\/\">ide kattintva<\/a><\/em> lehet jelentkezni. K\u00f6sz\u00f6nj\u00fck az eddigi jelentkez\u00e9seket.<\/li>\n<\/ol>\n\n\n\n<p><\/p>\n","protected":false},"excerpt":{"rendered":"<p>H\u00fasv\u00e9t 6. vas\u00e1rnapja &#8211; olvasm\u00e1nyok<\/p>\n","protected":false},"author":1,"featured_media":0,"comment_status":"closed","ping_status":"open","sticky":false,"template":"","format":"standard","meta":{"footnotes":""},"categories":[3],"tags":[],"class_list":["post-8053","post","type-post","status-publish","format-standard","hentry","category-hirdetesek"],"_links":{"self":[{"href":"https:\/\/marcali.plebania.hu\/index.php?rest_route=\/wp\/v2\/posts\/8053","targetHints":{"allow":["GET"]}}],"collection":[{"href":"https:\/\/marcali.plebania.hu\/index.php?rest_route=\/wp\/v2\/posts"}],"about":[{"href":"https:\/\/marcali.plebania.hu\/index.php?rest_route=\/wp\/v2\/types\/post"}],"author":[{"embeddable":true,"href":"https:\/\/marcali.plebania.hu\/index.php?rest_route=\/wp\/v2\/users\/1"}],"replies":[{"embeddable":true,"href":"https:\/\/marcali.plebania.hu\/index.php?rest_route=%2Fwp%2Fv2%2Fcomments&post=8053"}],"version-history":[{"count":1,"href":"https:\/\/marcali.plebania.hu\/index.php?rest_route=\/wp\/v2\/posts\/8053\/revisions"}],"predecessor-version":[{"id":8054,"href":"https:\/\/marcali.plebania.hu\/index.php?rest_route=\/wp\/v2\/posts\/8053\/revisions\/8054"}],"wp:attachment":[{"href":"https:\/\/marcali.plebania.hu\/index.php?rest_route=%2Fwp%2Fv2%2Fmedia&parent=8053"}],"wp:term":[{"taxonomy":"category","embeddable":true,"href":"https:\/\/marcali.plebania.hu\/index.php?rest_route=%2Fwp%2Fv2%2Fcategories&post=8053"},{"taxonomy":"post_tag","embeddable":true,"href":"https:\/\/marcali.plebania.hu\/index.php?rest_route=%2Fwp%2Fv2%2Ftags&post=8053"}],"curies":[{"name":"wp","href":"https:\/\/api.w.org\/{rel}","templated":true}]}}