{"id":8057,"date":"2026-05-16T19:19:35","date_gmt":"2026-05-16T19:19:35","guid":{"rendered":"https:\/\/marcali.plebania.hu\/?p=8057"},"modified":"2026-05-16T19:50:19","modified_gmt":"2026-05-16T19:50:19","slug":"hirdetesek-2026-majus-17-en","status":"publish","type":"post","link":"https:\/\/marcali.plebania.hu\/?p=8057","title":{"rendered":"Hirdet\u00e9sek 2026. m\u00e1jus 17-\u00e9n"},"content":{"rendered":"\n<p><a href=\"https:\/\/igenaptar.katolikus.hu\/nap\/index.php?holnap=2026-05-17\" target=\"_blank\" rel=\"noreferrer noopener\"><u>Urunk mennybemenetele (f\u0151\u00fcnnep) &#8211; <\/u><\/a><a href=\"https:\/\/igenaptar.katolikus.hu\/nap\/index.php?holnap=2026-05-17\" target=\"_blank\" rel=\"noreferrer noopener\"><u>a szentmise olvasm\u00e1nyai<\/u><\/a><\/p>\n\n\n\n<ol start=\"1\" class=\"wp-block-list\">\n<li>Ma \u00fcnnepelj\u00fck a pl\u00e9b\u00e1niatemplomban az <strong>els\u0151\u00e1ldoz\u00e1s<\/strong>t. Im\u00e1dkozzunk az els\u0151\u00e1ldoz\u00f3k\u00e9rt \u00e9s csal\u00e1djaik\u00e9rt! K\u00f6sz\u00f6nj\u00fck a sz\u00fcl\u0151knek a gyermekek t\u00e1mogat\u00e1s\u00e1t \u00e9s a felk\u00e9sz\u00edt\u0151 hitoktat\u00f3k \u00e9s seg\u00edt\u0151k munk\u00e1j\u00e1t!<\/li>\n\n\n\n<li>A <span style=\"text-decoration: underline;\">keddi<\/span> mise ut\u00e1n r\u00f6vid megbesz\u00e9l\u00e9sre h\u00edvjuk az <strong>\u00e9teloszt\u00e1sban seg\u00edt\u0151 \u00f6nk\u00e9ntesek<\/strong>et.<\/li>\n\n\n\n<li>A <strong>F\u00e9rfi-k\u00f6r<\/strong> <span style=\"text-decoration: underline;\">szerd\u00e1n<\/span> 18:00-kor kezd\u0151dik a pl\u00e9b\u00e1ni\u00e1n. Minden \u00e9rdekl\u0151d\u0151 f\u00e9rfit szeretettel v\u00e1runk k\u00f6z\u00f6s im\u00e1ds\u00e1gra \u00e9s besz\u00e9lget\u00e9sre.<\/li>\n\n\n\n<li>A <strong>szinod\u00e1lis<\/strong> k\u00e9rd\u0151\u00edvek ut\u00e1n szem\u00e9lyes tal\u00e1lkoz\u00e1sra h\u00edv az egyh\u00e1zmegyei pasztor\u00e1lis iroda: <span style=\"text-decoration: underline;\">cs\u00fct\u00f6rt\u00f6k\u00f6n<\/span>, a p\u00fcsp\u00f6ki szentmise ut\u00e1n, a templomban hallgathatjuk meg Varga L\u00e1szl\u00f3 megy\u00e9sp\u00fcsp\u00f6k, Neumajer Zolt\u00e1n pasztor\u00e1lis helyn\u00f6k atya \u00e9s Fekete Csaba pasztor\u00e1lis irodavezet\u0151 gondolatait az Egyh\u00e1z jelen\u00e9r\u0151l \u00e9s j\u00f6v\u0151j\u00e9r\u0151l. Az el\u0151ad\u00e1sokat <strong>f\u00f3rum<\/strong> k\u00f6veti, melyen b\u00e1rki r\u00e9szt vehet.<\/li>\n\n\n\n<li>J\u00f6v\u0151 <span style=\"text-decoration: underline;\">vas\u00e1rnap<\/span> Biz\u00e9n lesz szentmise 11:00-kor.<\/li>\n\n\n\n<li><span style=\"text-decoration: underline;\">P\u00fcnk\u00f6sdh\u00e9tf\u0151n<\/span> (m\u00e1jus 25-\u00e9n), az <strong>Orb\u00e1n-k\u00e1poln\u00e1<\/strong>ban \u00fcnnepl\u00fcnk szentmis\u00e9t 10 \u00f3rakor. K\u00e9rj\u00fck a h\u00edveket, hogy s\u00fctem\u00e9nnyel, pog\u00e1cs\u00e1val vagy \u00fcd\u00edt\u0151vel j\u00e1ruljanak hozz\u00e1 az agap\u00e9hoz, amelyre mindenkit szeretettel h\u00edvunk \u00e9s v\u00e1runk a mise ut\u00e1n.<\/li>\n\n\n\n<li><strong>Pl\u00e9b\u00e1niai nap<\/strong>ot szervez\u00fcnk <span style=\"text-decoration: underline;\">j\u00fanius 13-\u00e1n<\/span>, melyre szeretettel h\u00edvjuk az egyh\u00e1zk\u00f6z\u00f6ss\u00e9g minden tagj\u00e1t. D\u00e9lel\u0151tt f\u0151z\u0151verseny \u00e9s sportversenyek, az eb\u00e9d ut\u00e1n k\u00f6z\u00f6ss\u00e9gi \u00e9s \u00fcgyess\u00e9gi j\u00e1t\u00e9kok, feln\u0151tteknek imas\u00e9ta lehet\u0151s\u00e9g, besz\u00e9lget\u00e9s \u00e9s t\u00e1rsasj\u00e1t\u00e9k, kv\u00edz. J\u00f6v\u0151 vas\u00e1rnapt\u00f3l lehet jelentkezni a f\u0151z\u0151versenyre \u00e9s a k\u00fcl\u00f6nf\u00e9le programokra. K\u00f6z\u00f6ss\u00e9gi napunk az esti szentmis\u00e9vel \u00e9r v\u00e9get, ami a tan\u00e9v v\u00e9gi h\u00e1laad\u00f3 szentmis\u00e9nk lesz.<\/li>\n\n\n\n<li>A j\u00falius 13-t\u00f3l 17-ig tart\u00f3 pl\u00e9b\u00e1niai<strong> napk\u00f6zis t\u00e1bor<\/strong>ba a honlapunkon (marcali.plebania.hu) lehet jelentkezni <span style=\"text-decoration: underline;\">j\u00fanius 5-ig<\/span>.<\/li>\n\n\n\n<li>Az <strong>\u00farnap<\/strong>i k\u00f6rmenethez, ami <span style=\"text-decoration: underline;\">j\u00fanius 7-\u00e9n<\/span> lesz a 10 \u00f3rai szentmise v\u00e9g\u00e9n, seg\u00edts\u00e9get k\u00e9r\u00fcnk az olt\u00e1rok \u00e9p\u00edt\u00e9s\u00e9hez, valamint vir\u00e1gok \u00e9s lombok felaj\u00e1nl\u00e1s\u00e1t a d\u00edsz\u00edt\u00e9shez. A jelentkez\u0151ket arra k\u00e9rj\u00fck, iratkozzanak fel a sekresty\u00e9ben vagy jelentkezzenek a pl\u00e9b\u00e1ni\u00e1n.<\/li>\n<\/ol>\n\n\n\n<p><\/p>\n\n\n\n<p>K\u00f6sz\u00f6nj\u00fck a p\u00e9nteki <em>\u00c9rint\u00e9s <\/em>c\u00edm\u0171 ima\u00f3r\u00e1n val\u00f3 r\u00e9szv\u00e9telt. Simon Bence vibrafonm\u0171v\u00e9sz <a href=\"https:\/\/docs.google.com\/forms\/d\/12cYFL5J1eq9SMvBQ4xmQIBEaH_jYTY9TZZ8kZMwn8gM\" target=\"_blank\" rel=\"noreferrer noopener\">az itteni \u0171rlapon <\/a>v\u00e1rja k\u00f6sz\u00f6nettel a visszajelz\u00e9seket.<\/p>\n\n\n\n<p><\/p>\n","protected":false},"excerpt":{"rendered":"<p>Urunk mennybemenetele (f\u0151\u00fcnnep) &#8211; a szentmise olvasm\u00e1nyai K\u00f6sz\u00f6nj\u00fck a p\u00e9nteki \u00c9rint\u00e9s c\u00edm\u0171 ima\u00f3r\u00e1n val\u00f3 r\u00e9szv\u00e9telt. Simon Bence vibrafonm\u0171v\u00e9sz az itteni \u0171rlapon v\u00e1rja k\u00f6sz\u00f6nettel a visszajelz\u00e9seket.<\/p>\n","protected":false},"author":1,"featured_media":0,"comment_status":"closed","ping_status":"open","sticky":false,"template":"","format":"standard","meta":{"footnotes":""},"categories":[3],"tags":[],"class_list":["post-8057","post","type-post","status-publish","format-standard","hentry","category-hirdetesek"],"_links":{"self":[{"href":"https:\/\/marcali.plebania.hu\/index.php?rest_route=\/wp\/v2\/posts\/8057","targetHints":{"allow":["GET"]}}],"collection":[{"href":"https:\/\/marcali.plebania.hu\/index.php?rest_route=\/wp\/v2\/posts"}],"about":[{"href":"https:\/\/marcali.plebania.hu\/index.php?rest_route=\/wp\/v2\/types\/post"}],"author":[{"embeddable":true,"href":"https:\/\/marcali.plebania.hu\/index.php?rest_route=\/wp\/v2\/users\/1"}],"replies":[{"embeddable":true,"href":"https:\/\/marcali.plebania.hu\/index.php?rest_route=%2Fwp%2Fv2%2Fcomments&post=8057"}],"version-history":[{"count":6,"href":"https:\/\/marcali.plebania.hu\/index.php?rest_route=\/wp\/v2\/posts\/8057\/revisions"}],"predecessor-version":[{"id":8063,"href":"https:\/\/marcali.plebania.hu\/index.php?rest_route=\/wp\/v2\/posts\/8057\/revisions\/8063"}],"wp:attachment":[{"href":"https:\/\/marcali.plebania.hu\/index.php?rest_route=%2Fwp%2Fv2%2Fmedia&parent=8057"}],"wp:term":[{"taxonomy":"category","embeddable":true,"href":"https:\/\/marcali.plebania.hu\/index.php?rest_route=%2Fwp%2Fv2%2Fcategories&post=8057"},{"taxonomy":"post_tag","embeddable":true,"href":"https:\/\/marcali.plebania.hu\/index.php?rest_route=%2Fwp%2Fv2%2Ftags&post=8057"}],"curies":[{"name":"wp","href":"https:\/\/api.w.org\/{rel}","templated":true}]}}