{"id":806,"date":"2019-04-22T15:54:44","date_gmt":"2019-04-22T15:54:44","guid":{"rendered":"https:\/\/marcali.plebania.hu\/?p=806"},"modified":"2019-04-22T15:54:44","modified_gmt":"2019-04-22T15:54:44","slug":"nagyszombati-liturgia-marcaliban","status":"publish","type":"post","link":"https:\/\/marcali.plebania.hu\/?p=806","title":{"rendered":"Nagyszombati liturgia Marcaliban"},"content":{"rendered":"\n<p>2019. \u00e1prilis 20-\u00e1n, Nagyszombaton 18 \u00f3rakor kezd\u0151d\u00f6tt h\u00fasv\u00e9t vig\u00edli\u00e1j\u00e1nak a szertart\u00e1sa a Marcali Gy\u00fcm\u00f6lcsolt\u00f3 Boldogasszony pl\u00e9b\u00e1niatemplomban.<\/p>\n\n\n\n<ul class=\"wp-block-gallery columns-3 is-cropped wp-block-gallery-1 is-layout-flex wp-block-gallery-is-layout-flex\"><li class=\"blocks-gallery-item\"><figure><img loading=\"lazy\" decoding=\"async\" width=\"1024\" height=\"683\" src=\"https:\/\/marcali.plebania.hu\/wp-content\/uploads\/2019\/04\/01-1-1024x683.jpg\" alt=\"\" data-id=\"807\" data-link=\"https:\/\/marcali.plebania.hu\/?attachment_id=807\" class=\"wp-image-807\" srcset=\"https:\/\/marcali.plebania.hu\/wp-content\/uploads\/2019\/04\/01-1-1024x683.jpg 1024w, https:\/\/marcali.plebania.hu\/wp-content\/uploads\/2019\/04\/01-1-300x200.jpg 300w, https:\/\/marcali.plebania.hu\/wp-content\/uploads\/2019\/04\/01-1-768x512.jpg 768w, https:\/\/marcali.plebania.hu\/wp-content\/uploads\/2019\/04\/01-1-405x270.jpg 405w\" sizes=\"auto, (max-width: 1024px) 100vw, 1024px\" \/><\/figure><\/li><li class=\"blocks-gallery-item\"><figure><img loading=\"lazy\" decoding=\"async\" width=\"1024\" height=\"683\" src=\"https:\/\/marcali.plebania.hu\/wp-content\/uploads\/2019\/04\/05-2-1024x683.jpg\" alt=\"\" data-id=\"808\" data-link=\"https:\/\/marcali.plebania.hu\/?attachment_id=808\" class=\"wp-image-808\" srcset=\"https:\/\/marcali.plebania.hu\/wp-content\/uploads\/2019\/04\/05-2-1024x683.jpg 1024w, https:\/\/marcali.plebania.hu\/wp-content\/uploads\/2019\/04\/05-2-300x200.jpg 300w, https:\/\/marcali.plebania.hu\/wp-content\/uploads\/2019\/04\/05-2-768x512.jpg 768w, https:\/\/marcali.plebania.hu\/wp-content\/uploads\/2019\/04\/05-2-405x270.jpg 405w\" sizes=\"auto, (max-width: 1024px) 100vw, 1024px\" \/><\/figure><\/li><li class=\"blocks-gallery-item\"><figure><img loading=\"lazy\" decoding=\"async\" width=\"1024\" height=\"683\" src=\"https:\/\/marcali.plebania.hu\/wp-content\/uploads\/2019\/04\/08-3-1024x683.jpg\" alt=\"\" data-id=\"809\" data-link=\"https:\/\/marcali.plebania.hu\/?attachment_id=809\" class=\"wp-image-809\" srcset=\"https:\/\/marcali.plebania.hu\/wp-content\/uploads\/2019\/04\/08-3-1024x683.jpg 1024w, https:\/\/marcali.plebania.hu\/wp-content\/uploads\/2019\/04\/08-3-300x200.jpg 300w, https:\/\/marcali.plebania.hu\/wp-content\/uploads\/2019\/04\/08-3-768x512.jpg 768w, https:\/\/marcali.plebania.hu\/wp-content\/uploads\/2019\/04\/08-3-405x270.jpg 405w\" sizes=\"auto, (max-width: 1024px) 100vw, 1024px\" \/><\/figure><\/li><li class=\"blocks-gallery-item\"><figure><img loading=\"lazy\" decoding=\"async\" width=\"1024\" height=\"683\" src=\"https:\/\/marcali.plebania.hu\/wp-content\/uploads\/2019\/04\/12-3-1024x683.jpg\" alt=\"\" data-id=\"810\" data-link=\"https:\/\/marcali.plebania.hu\/?attachment_id=810\" class=\"wp-image-810\" srcset=\"https:\/\/marcali.plebania.hu\/wp-content\/uploads\/2019\/04\/12-3-1024x683.jpg 1024w, https:\/\/marcali.plebania.hu\/wp-content\/uploads\/2019\/04\/12-3-300x200.jpg 300w, https:\/\/marcali.plebania.hu\/wp-content\/uploads\/2019\/04\/12-3-768x512.jpg 768w, https:\/\/marcali.plebania.hu\/wp-content\/uploads\/2019\/04\/12-3-405x270.jpg 405w\" sizes=\"auto, (max-width: 1024px) 100vw, 1024px\" \/><\/figure><\/li><\/ul>\n\n\n\n<p>Els\u0151k\u00e9nt Kiss Iv\u00e1n c. pr\u00e9post, esperes-pl\u00e9b\u00e1nos \u00far megszentelte az \u00faj t\u0171zet, majd err\u0151l gy\u00fajtotta meg az \u00faj h\u00fasv\u00e9ti gyerty\u00e1t. Majd ezzel vonultak be a templomba, ahol a h\u00fasv\u00e9ti \u00f6r\u00f6m\u00e9neket Balogh B\u00e1lint k\u00e1ntor \u00e9nekelte el. Ezut\u00e1n a zsid\u00f3 h\u00fasv\u00e9tot az \u00f3sz\u00f6vets\u00e9gi olvasm\u00e1nyok r\u00e9v\u00e9n id\u00e9zt\u00e9k fel. Ezt k\u00f6vet\u0151en a dics\u0151ss\u00e9ggel kezd\u0151d\u00f6tt meg a felt\u00e1mad\u00e1si szentmise, mik\u00f6zben ism\u00e9t megsz\u00f3laltak a nagycs\u00fct\u00f6rt\u00f6k este \u00f3ta n\u00e9ma harangok.<\/p>\n\n\n\n<ul class=\"wp-block-gallery columns-3 is-cropped wp-block-gallery-2 is-layout-flex wp-block-gallery-is-layout-flex\"><li class=\"blocks-gallery-item\"><figure><img loading=\"lazy\" decoding=\"async\" width=\"1024\" height=\"683\" src=\"https:\/\/marcali.plebania.hu\/wp-content\/uploads\/2019\/04\/15-1-1024x683.jpg\" alt=\"\" data-id=\"811\" data-link=\"https:\/\/marcali.plebania.hu\/?attachment_id=811\" class=\"wp-image-811\" srcset=\"https:\/\/marcali.plebania.hu\/wp-content\/uploads\/2019\/04\/15-1-1024x683.jpg 1024w, https:\/\/marcali.plebania.hu\/wp-content\/uploads\/2019\/04\/15-1-300x200.jpg 300w, https:\/\/marcali.plebania.hu\/wp-content\/uploads\/2019\/04\/15-1-768x512.jpg 768w, https:\/\/marcali.plebania.hu\/wp-content\/uploads\/2019\/04\/15-1-405x270.jpg 405w\" sizes=\"auto, (max-width: 1024px) 100vw, 1024px\" \/><\/figure><\/li><li class=\"blocks-gallery-item\"><figure><img loading=\"lazy\" decoding=\"async\" width=\"1024\" height=\"683\" src=\"https:\/\/marcali.plebania.hu\/wp-content\/uploads\/2019\/04\/26-1024x683.jpg\" alt=\"\" data-id=\"812\" data-link=\"https:\/\/marcali.plebania.hu\/?attachment_id=812\" class=\"wp-image-812\" srcset=\"https:\/\/marcali.plebania.hu\/wp-content\/uploads\/2019\/04\/26-1024x683.jpg 1024w, https:\/\/marcali.plebania.hu\/wp-content\/uploads\/2019\/04\/26-300x200.jpg 300w, https:\/\/marcali.plebania.hu\/wp-content\/uploads\/2019\/04\/26-768x512.jpg 768w, https:\/\/marcali.plebania.hu\/wp-content\/uploads\/2019\/04\/26-405x270.jpg 405w\" sizes=\"auto, (max-width: 1024px) 100vw, 1024px\" \/><\/figure><\/li><li class=\"blocks-gallery-item\"><figure><img loading=\"lazy\" decoding=\"async\" width=\"1024\" height=\"683\" src=\"https:\/\/marcali.plebania.hu\/wp-content\/uploads\/2019\/04\/27-1-1024x683.jpg\" alt=\"\" data-id=\"813\" data-link=\"https:\/\/marcali.plebania.hu\/?attachment_id=813\" class=\"wp-image-813\" srcset=\"https:\/\/marcali.plebania.hu\/wp-content\/uploads\/2019\/04\/27-1-1024x683.jpg 1024w, https:\/\/marcali.plebania.hu\/wp-content\/uploads\/2019\/04\/27-1-300x200.jpg 300w, https:\/\/marcali.plebania.hu\/wp-content\/uploads\/2019\/04\/27-1-768x512.jpg 768w, https:\/\/marcali.plebania.hu\/wp-content\/uploads\/2019\/04\/27-1-405x270.jpg 405w\" sizes=\"auto, (max-width: 1024px) 100vw, 1024px\" \/><\/figure><\/li><li class=\"blocks-gallery-item\"><figure><img loading=\"lazy\" decoding=\"async\" width=\"1024\" height=\"683\" src=\"https:\/\/marcali.plebania.hu\/wp-content\/uploads\/2019\/04\/23-1024x683.jpg\" alt=\"\" data-id=\"814\" data-link=\"https:\/\/marcali.plebania.hu\/?attachment_id=814\" class=\"wp-image-814\" srcset=\"https:\/\/marcali.plebania.hu\/wp-content\/uploads\/2019\/04\/23-1024x683.jpg 1024w, https:\/\/marcali.plebania.hu\/wp-content\/uploads\/2019\/04\/23-300x200.jpg 300w, https:\/\/marcali.plebania.hu\/wp-content\/uploads\/2019\/04\/23-768x512.jpg 768w, https:\/\/marcali.plebania.hu\/wp-content\/uploads\/2019\/04\/23-405x270.jpg 405w\" sizes=\"auto, (max-width: 1024px) 100vw, 1024px\" \/><\/figure><\/li><\/ul>\n\n\n\n<p>Ut\u00e1na T\u00f3th Eszter egy gy\u00f6ny\u00f6r\u0171 verssel, T\u00e9rdig Vikt\u00f3ria pedig sz\u00e9p \u00e9nekkel emelte az \u00fcnnep hangulat\u00e1t, mialatt k\u00f6zrem\u0171k\u00f6d\u00f6tt a F\u00e9ny Gyermekei Zenekar.<\/p>\n\n\n\n<ul class=\"wp-block-gallery columns-3 is-cropped wp-block-gallery-3 is-layout-flex wp-block-gallery-is-layout-flex\"><li class=\"blocks-gallery-item\"><figure><img loading=\"lazy\" decoding=\"async\" width=\"1024\" height=\"683\" src=\"https:\/\/marcali.plebania.hu\/wp-content\/uploads\/2019\/04\/17-1-1024x683.jpg\" alt=\"\" data-id=\"816\" data-link=\"https:\/\/marcali.plebania.hu\/?attachment_id=816\" class=\"wp-image-816\" srcset=\"https:\/\/marcali.plebania.hu\/wp-content\/uploads\/2019\/04\/17-1-1024x683.jpg 1024w, https:\/\/marcali.plebania.hu\/wp-content\/uploads\/2019\/04\/17-1-300x200.jpg 300w, https:\/\/marcali.plebania.hu\/wp-content\/uploads\/2019\/04\/17-1-768x512.jpg 768w, https:\/\/marcali.plebania.hu\/wp-content\/uploads\/2019\/04\/17-1-405x270.jpg 405w\" sizes=\"auto, (max-width: 1024px) 100vw, 1024px\" \/><\/figure><\/li><li class=\"blocks-gallery-item\"><figure><img loading=\"lazy\" decoding=\"async\" width=\"1024\" height=\"683\" src=\"https:\/\/marcali.plebania.hu\/wp-content\/uploads\/2019\/04\/20-1024x683.jpg\" alt=\"\" data-id=\"817\" data-link=\"https:\/\/marcali.plebania.hu\/?attachment_id=817\" class=\"wp-image-817\" srcset=\"https:\/\/marcali.plebania.hu\/wp-content\/uploads\/2019\/04\/20-1024x683.jpg 1024w, https:\/\/marcali.plebania.hu\/wp-content\/uploads\/2019\/04\/20-300x200.jpg 300w, https:\/\/marcali.plebania.hu\/wp-content\/uploads\/2019\/04\/20-768x512.jpg 768w, https:\/\/marcali.plebania.hu\/wp-content\/uploads\/2019\/04\/20-405x270.jpg 405w\" sizes=\"auto, (max-width: 1024px) 100vw, 1024px\" \/><\/figure><\/li><li class=\"blocks-gallery-item\"><figure><img loading=\"lazy\" decoding=\"async\" width=\"1024\" height=\"683\" src=\"https:\/\/marcali.plebania.hu\/wp-content\/uploads\/2019\/04\/25-1024x683.jpg\" alt=\"\" data-id=\"818\" data-link=\"https:\/\/marcali.plebania.hu\/?attachment_id=818\" class=\"wp-image-818\" srcset=\"https:\/\/marcali.plebania.hu\/wp-content\/uploads\/2019\/04\/25-1024x683.jpg 1024w, https:\/\/marcali.plebania.hu\/wp-content\/uploads\/2019\/04\/25-300x200.jpg 300w, https:\/\/marcali.plebania.hu\/wp-content\/uploads\/2019\/04\/25-768x512.jpg 768w, https:\/\/marcali.plebania.hu\/wp-content\/uploads\/2019\/04\/25-405x270.jpg 405w\" sizes=\"auto, (max-width: 1024px) 100vw, 1024px\" \/><\/figure><\/li><li class=\"blocks-gallery-item\"><figure><img loading=\"lazy\" decoding=\"async\" width=\"1024\" height=\"683\" src=\"https:\/\/marcali.plebania.hu\/wp-content\/uploads\/2019\/04\/30-2-1024x683.jpg\" alt=\"\" data-id=\"819\" data-link=\"https:\/\/marcali.plebania.hu\/?attachment_id=819\" class=\"wp-image-819\" srcset=\"https:\/\/marcali.plebania.hu\/wp-content\/uploads\/2019\/04\/30-2-1024x683.jpg 1024w, https:\/\/marcali.plebania.hu\/wp-content\/uploads\/2019\/04\/30-2-300x200.jpg 300w, https:\/\/marcali.plebania.hu\/wp-content\/uploads\/2019\/04\/30-2-768x512.jpg 768w, https:\/\/marcali.plebania.hu\/wp-content\/uploads\/2019\/04\/30-2-405x270.jpg 405w\" sizes=\"auto, (max-width: 1024px) 100vw, 1024px\" \/><\/figure><\/li><\/ul>\n\n\n\n<p>A szentmise alatt a h\u00edvek meg\u00faj\u00edtott\u00e1k kereszts\u00e9gi fogadalmukat, majd Iv\u00e1n atya elv\u00e9gezte a v\u00edzszentel\u00e9si szertart\u00e1st is.<\/p>\n\n\n\n<ul class=\"wp-block-gallery columns-3 is-cropped wp-block-gallery-4 is-layout-flex wp-block-gallery-is-layout-flex\"><li class=\"blocks-gallery-item\"><figure><img loading=\"lazy\" decoding=\"async\" width=\"1024\" height=\"683\" src=\"https:\/\/marcali.plebania.hu\/wp-content\/uploads\/2019\/04\/38-1-1024x683.jpg\" alt=\"\" data-id=\"820\" data-link=\"https:\/\/marcali.plebania.hu\/?attachment_id=820\" class=\"wp-image-820\" srcset=\"https:\/\/marcali.plebania.hu\/wp-content\/uploads\/2019\/04\/38-1-1024x683.jpg 1024w, https:\/\/marcali.plebania.hu\/wp-content\/uploads\/2019\/04\/38-1-300x200.jpg 300w, https:\/\/marcali.plebania.hu\/wp-content\/uploads\/2019\/04\/38-1-768x512.jpg 768w, https:\/\/marcali.plebania.hu\/wp-content\/uploads\/2019\/04\/38-1-405x270.jpg 405w\" sizes=\"auto, (max-width: 1024px) 100vw, 1024px\" \/><\/figure><\/li><li class=\"blocks-gallery-item\"><figure><img loading=\"lazy\" decoding=\"async\" width=\"1024\" height=\"683\" src=\"https:\/\/marcali.plebania.hu\/wp-content\/uploads\/2019\/04\/40-1024x683.jpg\" alt=\"\" data-id=\"821\" data-link=\"https:\/\/marcali.plebania.hu\/?attachment_id=821\" class=\"wp-image-821\" srcset=\"https:\/\/marcali.plebania.hu\/wp-content\/uploads\/2019\/04\/40-1024x683.jpg 1024w, https:\/\/marcali.plebania.hu\/wp-content\/uploads\/2019\/04\/40-300x200.jpg 300w, https:\/\/marcali.plebania.hu\/wp-content\/uploads\/2019\/04\/40-768x512.jpg 768w, https:\/\/marcali.plebania.hu\/wp-content\/uploads\/2019\/04\/40-405x270.jpg 405w\" sizes=\"auto, (max-width: 1024px) 100vw, 1024px\" \/><\/figure><\/li><li class=\"blocks-gallery-item\"><figure><img loading=\"lazy\" decoding=\"async\" width=\"1024\" height=\"683\" src=\"https:\/\/marcali.plebania.hu\/wp-content\/uploads\/2019\/04\/46-1-1024x683.jpg\" alt=\"\" data-id=\"822\" data-link=\"https:\/\/marcali.plebania.hu\/?attachment_id=822\" class=\"wp-image-822\" srcset=\"https:\/\/marcali.plebania.hu\/wp-content\/uploads\/2019\/04\/46-1-1024x683.jpg 1024w, https:\/\/marcali.plebania.hu\/wp-content\/uploads\/2019\/04\/46-1-300x200.jpg 300w, https:\/\/marcali.plebania.hu\/wp-content\/uploads\/2019\/04\/46-1-768x512.jpg 768w, https:\/\/marcali.plebania.hu\/wp-content\/uploads\/2019\/04\/46-1-405x270.jpg 405w\" sizes=\"auto, (max-width: 1024px) 100vw, 1024px\" \/><\/figure><\/li><li class=\"blocks-gallery-item\"><figure><img loading=\"lazy\" decoding=\"async\" width=\"1024\" height=\"683\" src=\"https:\/\/marcali.plebania.hu\/wp-content\/uploads\/2019\/04\/50-1-1024x683.jpg\" alt=\"\" data-id=\"823\" data-link=\"https:\/\/marcali.plebania.hu\/?attachment_id=823\" class=\"wp-image-823\" srcset=\"https:\/\/marcali.plebania.hu\/wp-content\/uploads\/2019\/04\/50-1-1024x683.jpg 1024w, https:\/\/marcali.plebania.hu\/wp-content\/uploads\/2019\/04\/50-1-300x200.jpg 300w, https:\/\/marcali.plebania.hu\/wp-content\/uploads\/2019\/04\/50-1-768x512.jpg 768w, https:\/\/marcali.plebania.hu\/wp-content\/uploads\/2019\/04\/50-1-405x270.jpg 405w\" sizes=\"auto, (max-width: 1024px) 100vw, 1024px\" \/><\/figure><\/li><\/ul>\n\n\n\n<p>A felt\u00e1mad\u00e1si szentmise v\u00e9g\u00e9n sz\u00e9p menetben megindult a felt\u00e1mad\u00e1si k\u00f6rmenet a H\u0151s\u00f6k ter\u00e9r\u0151l a R\u00e1k\u00f3czi utc\u00e1n \u00e1t eg\u00e9szen a post\u00e1ig \u00e9s vissza, mik\u00f6zben a jelenl\u00e9v\u0151 h\u00edvek f\u00e1kly\u00e1kkal \u00e9s magyar z\u00e1szl\u00f3kkal tett\u00e9k \u00fcnnep\u00e9lyesebb\u00e9 h\u00fasv\u00e9t vig\u00edli\u00e1j\u00e1t.<\/p>\n\n\n\n<ul class=\"wp-block-gallery columns-3 is-cropped wp-block-gallery-5 is-layout-flex wp-block-gallery-is-layout-flex\"><li class=\"blocks-gallery-item\"><figure><img loading=\"lazy\" decoding=\"async\" width=\"1024\" height=\"683\" src=\"https:\/\/marcali.plebania.hu\/wp-content\/uploads\/2019\/04\/63-1024x683.jpg\" alt=\"\" data-id=\"824\" data-link=\"https:\/\/marcali.plebania.hu\/?attachment_id=824\" class=\"wp-image-824\" srcset=\"https:\/\/marcali.plebania.hu\/wp-content\/uploads\/2019\/04\/63-1024x683.jpg 1024w, https:\/\/marcali.plebania.hu\/wp-content\/uploads\/2019\/04\/63-300x200.jpg 300w, https:\/\/marcali.plebania.hu\/wp-content\/uploads\/2019\/04\/63-768x512.jpg 768w, https:\/\/marcali.plebania.hu\/wp-content\/uploads\/2019\/04\/63-405x270.jpg 405w\" sizes=\"auto, (max-width: 1024px) 100vw, 1024px\" \/><\/figure><\/li><li class=\"blocks-gallery-item\"><figure><img loading=\"lazy\" decoding=\"async\" width=\"1024\" height=\"683\" src=\"https:\/\/marcali.plebania.hu\/wp-content\/uploads\/2019\/04\/74-1-1024x683.jpg\" alt=\"\" data-id=\"825\" data-link=\"https:\/\/marcali.plebania.hu\/?attachment_id=825\" class=\"wp-image-825\" srcset=\"https:\/\/marcali.plebania.hu\/wp-content\/uploads\/2019\/04\/74-1-1024x683.jpg 1024w, https:\/\/marcali.plebania.hu\/wp-content\/uploads\/2019\/04\/74-1-300x200.jpg 300w, https:\/\/marcali.plebania.hu\/wp-content\/uploads\/2019\/04\/74-1-768x512.jpg 768w, https:\/\/marcali.plebania.hu\/wp-content\/uploads\/2019\/04\/74-1-405x270.jpg 405w\" sizes=\"auto, (max-width: 1024px) 100vw, 1024px\" \/><\/figure><\/li><li class=\"blocks-gallery-item\"><figure><img loading=\"lazy\" decoding=\"async\" width=\"1024\" height=\"683\" src=\"https:\/\/marcali.plebania.hu\/wp-content\/uploads\/2019\/04\/99-1024x683.jpg\" alt=\"\" data-id=\"826\" data-link=\"https:\/\/marcali.plebania.hu\/?attachment_id=826\" class=\"wp-image-826\" srcset=\"https:\/\/marcali.plebania.hu\/wp-content\/uploads\/2019\/04\/99-1024x683.jpg 1024w, https:\/\/marcali.plebania.hu\/wp-content\/uploads\/2019\/04\/99-300x200.jpg 300w, https:\/\/marcali.plebania.hu\/wp-content\/uploads\/2019\/04\/99-768x512.jpg 768w, https:\/\/marcali.plebania.hu\/wp-content\/uploads\/2019\/04\/99-405x270.jpg 405w\" sizes=\"auto, (max-width: 1024px) 100vw, 1024px\" \/><\/figure><\/li><li class=\"blocks-gallery-item\"><figure><img loading=\"lazy\" decoding=\"async\" width=\"1024\" height=\"683\" src=\"https:\/\/marcali.plebania.hu\/wp-content\/uploads\/2019\/04\/104-1024x683.jpg\" alt=\"\" data-id=\"827\" data-link=\"https:\/\/marcali.plebania.hu\/?attachment_id=827\" class=\"wp-image-827\" srcset=\"https:\/\/marcali.plebania.hu\/wp-content\/uploads\/2019\/04\/104-1024x683.jpg 1024w, https:\/\/marcali.plebania.hu\/wp-content\/uploads\/2019\/04\/104-300x200.jpg 300w, https:\/\/marcali.plebania.hu\/wp-content\/uploads\/2019\/04\/104-768x512.jpg 768w, https:\/\/marcali.plebania.hu\/wp-content\/uploads\/2019\/04\/104-405x270.jpg 405w\" sizes=\"auto, (max-width: 1024px) 100vw, 1024px\" \/><\/figure><\/li><\/ul>\n\n\n\n<p>H\u00fasv\u00e9tvas\u00e1rnap reggel 7 \u00f3rakor \u00e9telszentel\u00e9si, 9 \u00f3rakor\npedig \u00fcnnepi szentmise lesz. Majd h\u00fasv\u00e9th\u00e9tf\u0151n 9 \u00f3rakor ugyancsak szentmis\u00e9vel,\nut\u00e1na gyermekek keresztel\u00e9s\u00e9vel \u00e9s egy h\u00e1zass\u00e1gk\u00f6t\u00e9ssel folytat\u00f3dnak a vall\u00e1si\nesem\u00e9nyek a pl\u00e9b\u00e1niatemplomban.<\/p>\n","protected":false},"excerpt":{"rendered":"<p>2019. \u00e1prilis 20-\u00e1n, Nagyszombaton 18 \u00f3rakor kezd\u0151d\u00f6tt h\u00fasv\u00e9t vig\u00edli\u00e1j\u00e1nak a szertart\u00e1sa a Marcali Gy\u00fcm\u00f6lcsolt\u00f3 Boldogasszony pl\u00e9b\u00e1niatemplomban. Els\u0151k\u00e9nt Kiss Iv\u00e1n c. pr\u00e9post, esperes-pl\u00e9b\u00e1nos \u00far megszentelte az \u00faj t\u0171zet, majd err\u0151l gy\u00fajtotta meg az \u00faj h\u00fasv\u00e9ti gyerty\u00e1t. Majd ezzel vonultak be a templomba, ahol a h\u00fasv\u00e9ti \u00f6r\u00f6m\u00e9neket Balogh B\u00e1lint k\u00e1ntor \u00e9nekelte el. Ezut\u00e1n a zsid\u00f3 h\u00fasv\u00e9tot az \u00f3sz\u00f6vets\u00e9gi olvasm\u00e1nyok r\u00e9v\u00e9n id\u00e9zt\u00e9k fel. Ezt k\u00f6vet\u0151en a dics\u0151ss\u00e9ggel kezd\u0151d\u00f6tt meg a felt\u00e1mad\u00e1si szentmise, mik\u00f6zben ism\u00e9t megsz\u00f3laltak a nagycs\u00fct\u00f6rt\u00f6k este \u00f3ta n\u00e9ma harangok. Ut\u00e1na T\u00f3th&#8230;<\/p>\n<p class=\"read-more\"><a class=\"btn btn-default\" href=\"https:\/\/marcali.plebania.hu\/?p=806\"> Read More<span class=\"screen-reader-text\">  Read More<\/span><\/a><\/p>\n","protected":false},"author":2,"featured_media":0,"comment_status":"closed","ping_status":"open","sticky":false,"template":"","format":"standard","meta":{"footnotes":""},"categories":[1],"tags":[],"class_list":["post-806","post","type-post","status-publish","format-standard","hentry","category-egyeb"],"_links":{"self":[{"href":"https:\/\/marcali.plebania.hu\/index.php?rest_route=\/wp\/v2\/posts\/806","targetHints":{"allow":["GET"]}}],"collection":[{"href":"https:\/\/marcali.plebania.hu\/index.php?rest_route=\/wp\/v2\/posts"}],"about":[{"href":"https:\/\/marcali.plebania.hu\/index.php?rest_route=\/wp\/v2\/types\/post"}],"author":[{"embeddable":true,"href":"https:\/\/marcali.plebania.hu\/index.php?rest_route=\/wp\/v2\/users\/2"}],"replies":[{"embeddable":true,"href":"https:\/\/marcali.plebania.hu\/index.php?rest_route=%2Fwp%2Fv2%2Fcomments&post=806"}],"version-history":[{"count":1,"href":"https:\/\/marcali.plebania.hu\/index.php?rest_route=\/wp\/v2\/posts\/806\/revisions"}],"predecessor-version":[{"id":828,"href":"https:\/\/marcali.plebania.hu\/index.php?rest_route=\/wp\/v2\/posts\/806\/revisions\/828"}],"wp:attachment":[{"href":"https:\/\/marcali.plebania.hu\/index.php?rest_route=%2Fwp%2Fv2%2Fmedia&parent=806"}],"wp:term":[{"taxonomy":"category","embeddable":true,"href":"https:\/\/marcali.plebania.hu\/index.php?rest_route=%2Fwp%2Fv2%2Fcategories&post=806"},{"taxonomy":"post_tag","embeddable":true,"href":"https:\/\/marcali.plebania.hu\/index.php?rest_route=%2Fwp%2Fv2%2Ftags&post=806"}],"curies":[{"name":"wp","href":"https:\/\/api.w.org\/{rel}","templated":true}]}}