{"id":8065,"date":"2026-05-23T23:05:16","date_gmt":"2026-05-23T23:05:16","guid":{"rendered":"https:\/\/marcali.plebania.hu\/?p=8065"},"modified":"2026-05-23T23:05:16","modified_gmt":"2026-05-23T23:05:16","slug":"hirdetesek-2026-majus-24-en","status":"publish","type":"post","link":"https:\/\/marcali.plebania.hu\/?p=8065","title":{"rendered":"Hirdet\u00e9sek 2026. m\u00e1jus 24-\u00e9n"},"content":{"rendered":"\n<p><a href=\"https:\/\/igenaptar.katolikus.hu\/nap\/index.php?holnap=2026-05-24\" target=\"_blank\" rel=\"noreferrer noopener\"><u>P\u00fcnk\u00f6sdvas\u00e1rnap &#8211; a szentmise olvasm\u00e1nyai<\/u><\/a><\/p>\n\n\n\n<ol start=\"1\" class=\"wp-block-list\">\n<li>K\u00f6sz\u00f6nj\u00fck a cs\u00fct\u00f6rt\u00f6ki <strong>szinod\u00e1lis est<\/strong>en val\u00f3 r\u00e9szv\u00e9telt.<\/li>\n\n\n\n<li><strong>P\u00fcnk\u00f6sdvas\u00e1rnap<\/strong> a h\u00fasv\u00e9ti id\u0151 betet\u0151z\u00e9se, a Szentl\u00e9lek ki\u00e1rad\u00e1s\u00e1nak f\u0151\u00fcnnepe, az Egyh\u00e1z sz\u00fclet\u00e9snapja. Ma 11 \u00f3rakor Biz\u00e9n \u00fcnnepl\u00fcnk szentmis\u00e9t.<\/li>\n\n\n\n<li><span style=\"text-decoration: underline;\">P\u00fcnk\u00f6sdh\u00e9tf\u0151n<\/span> 10 \u00f3rakor b\u00facs\u00fai szentmise kezd\u0151dik az <strong>Orb\u00e1n-k\u00e1poln\u00e1<\/strong>ban. K\u00f6sz\u00f6nj\u00fck az agap\u00e9hoz a h\u00edvek hozz\u00e1j\u00e1rul\u00e1s\u00e1t!<\/li>\n\n\n\n<li>A <strong>lelki adopt\u00e1l\u00f3k tal\u00e1lkoz\u00f3ja <\/strong><span style=\"text-decoration: underline;\">cs\u00fct\u00f6rt\u00f6k\u00f6n<\/span> 17 \u00f3rakor kezd\u0151dik a pl\u00e9b\u00e1niatemplomban.<\/li>\n\n\n\n<li>A h\u00e9ten folytat\u00f3dik a <strong>H\u00e1zas Kurzus<\/strong>, a jelentkez\u0151ket <span style=\"text-decoration: underline;\">cs\u00fct\u00f6rt\u00f6k\u00f6n<\/span> 18:15-re v\u00e1rjuk a k\u00f6z\u00f6ss\u00e9gi h\u00e1zba.<\/li>\n\n\n\n<li>J\u00f6v\u0151 <span style=\"text-decoration: underline;\">vas\u00e1rnap<\/span> 10:00-kor kezd\u0151dik a b\u00e9rm\u00e1l\u00e1s a pl\u00e9b\u00e1niatemplomban, amelyre szeretettel h\u00edvjuk k\u00f6z\u00f6ss\u00e9g\u00fcnk minden tagj\u00e1t. (Aznap 17:30-kor lesz m\u00e9g szentmise a Boldog Gizella-templomban.)<\/li>\n\n\n\n<li><strong>K\u00f6z\u00f6s focimeccsn\u00e9z\u00e9s<\/strong>re h\u00edvjuk az erre nyitottakat: a <span style=\"text-decoration: underline;\">szombat<\/span>i mise ut\u00e1n a pl\u00e9b\u00e1nia nagyterm\u00e9ben megn\u00e9zz\u00fck a Bajnokok Lig\u00e1ja d\u00f6nt\u0151j\u00e9t. Minden \u00e9rdekl\u0151d\u0151t szeretettel v\u00e1runk.<\/li>\n\n\n\n<li><strong>Pl\u00e9b\u00e1niai nap<\/strong>ot szervez\u00fcnk <span style=\"text-decoration: underline;\">j\u00fanius 13-\u00e1n<\/span>, melyre szeretettel h\u00edvjuk k\u00f6z\u00f6ss\u00e9g\u00fcnk minden tagj\u00e1t \u00e9s az \u00e9rdekl\u0151d\u0151ket. D\u00e9lel\u0151tt f\u0151z\u0151verseny \u00e9s sportversenyek (pingpong, csocs\u00f3, fallabda, sakk), az eb\u00e9d ut\u00e1n szabadon v\u00e1laszthat\u00f3 k\u00f6z\u00f6ss\u00e9gi \u00e9s \u00fcgyess\u00e9gi j\u00e1t\u00e9kok, \u00edj\u00e1szat, feln\u0151tteknek imas\u00e9ta lehet\u0151s\u00e9g, besz\u00e9lget\u00e9s, t\u00e1rsasj\u00e1t\u00e9k \u00e9s kv\u00edz a program. Ma est\u00e9t\u0151l lehet jelentkezni a f\u0151z\u0151versenyre \u00e9s a k\u00fcl\u00f6nf\u00e9le programokra a marcali.plebania.hu oldalon. Aki szeretne, az inf\u00f3pontn\u00e1l v\u00e1s\u00e1rolhat eb\u00e9djegyet. Emellett l\u00e1ngost is lehet majd venni. S\u00fctem\u00e9ny- \u00e9s egy\u00e9b felaj\u00e1nl\u00e1sokat a programhoz k\u00f6sz\u00f6nettel vesz\u00fcnk. K\u00e9rj\u00fck, a szervez\u00e9s megk\u00f6nny\u00edt\u00e9se \u00e9rdek\u00e9ben azok is regisztr\u00e1ljanak, akik nem vesznek r\u00e9szt egyik versenyben sem, de elj\u00f6nnek a programra. K\u00f6z\u00f6ss\u00e9gi napunk az esti szentmis\u00e9vel \u00e9r v\u00e9get, ami a tan\u00e9v v\u00e9gi h\u00e1laad\u00f3 szentmis\u00e9nk lesz.<\/li>\n\n\n\n<li>A j\u00falius 13-t\u00f3l 17-ig tart\u00f3 pl\u00e9b\u00e1niai<strong> napk\u00f6zis t\u00e1bor<\/strong>ba a honlapunkon lehet jelentkezni j\u00fanius 5-ig.<\/li>\n\n\n\n<li>Az <strong>\u00farnap<\/strong>i k\u00f6rmenethez, ami <span style=\"text-decoration: underline;\">j\u00fanius 7-\u00e9n<\/span> lesz a 10 \u00f3rai szentmise v\u00e9g\u00e9n, seg\u00edts\u00e9get k\u00e9r\u00fcnk az olt\u00e1rok \u00e9p\u00edt\u00e9s\u00e9hez, valamint vir\u00e1gok \u00e9s lombok felaj\u00e1nl\u00e1s\u00e1t a d\u00edsz\u00edt\u00e9shez. A felaj\u00e1nlott seg\u00edts\u00e9gnek megfelel\u0151en tudjuk \u00fcnnep\u00e9lyesen megtartani a k\u00f6rmenetet, amivel hit\u00fcnket \u00e9s im\u00e1d\u00e1sunkat fejezz\u00fck ki az Olt\u00e1riszents\u00e9gben jelen l\u00e9v\u0151 J\u00e9zus ir\u00e1nt. Egyel\u0151re nagyon kev\u00e9s a jelentkez\u0151. K\u00e9rj\u00fck, aki ind\u00edttat\u00e1st \u00e9rez r\u00e1, iratkozzon fel a sekresty\u00e9ben vagy az irod\u00e1ban.<\/li>\n<\/ol>\n","protected":false},"excerpt":{"rendered":"<p>P\u00fcnk\u00f6sdvas\u00e1rnap &#8211; a szentmise olvasm\u00e1nyai<\/p>\n","protected":false},"author":1,"featured_media":0,"comment_status":"closed","ping_status":"open","sticky":false,"template":"","format":"standard","meta":{"footnotes":""},"categories":[3],"tags":[],"class_list":["post-8065","post","type-post","status-publish","format-standard","hentry","category-hirdetesek"],"_links":{"self":[{"href":"https:\/\/marcali.plebania.hu\/index.php?rest_route=\/wp\/v2\/posts\/8065","targetHints":{"allow":["GET"]}}],"collection":[{"href":"https:\/\/marcali.plebania.hu\/index.php?rest_route=\/wp\/v2\/posts"}],"about":[{"href":"https:\/\/marcali.plebania.hu\/index.php?rest_route=\/wp\/v2\/types\/post"}],"author":[{"embeddable":true,"href":"https:\/\/marcali.plebania.hu\/index.php?rest_route=\/wp\/v2\/users\/1"}],"replies":[{"embeddable":true,"href":"https:\/\/marcali.plebania.hu\/index.php?rest_route=%2Fwp%2Fv2%2Fcomments&post=8065"}],"version-history":[{"count":1,"href":"https:\/\/marcali.plebania.hu\/index.php?rest_route=\/wp\/v2\/posts\/8065\/revisions"}],"predecessor-version":[{"id":8066,"href":"https:\/\/marcali.plebania.hu\/index.php?rest_route=\/wp\/v2\/posts\/8065\/revisions\/8066"}],"wp:attachment":[{"href":"https:\/\/marcali.plebania.hu\/index.php?rest_route=%2Fwp%2Fv2%2Fmedia&parent=8065"}],"wp:term":[{"taxonomy":"category","embeddable":true,"href":"https:\/\/marcali.plebania.hu\/index.php?rest_route=%2Fwp%2Fv2%2Fcategories&post=8065"},{"taxonomy":"post_tag","embeddable":true,"href":"https:\/\/marcali.plebania.hu\/index.php?rest_route=%2Fwp%2Fv2%2Ftags&post=8065"}],"curies":[{"name":"wp","href":"https:\/\/api.w.org\/{rel}","templated":true}]}}