{"id":8074,"date":"2026-05-30T21:36:12","date_gmt":"2026-05-30T21:36:12","guid":{"rendered":"https:\/\/marcali.plebania.hu\/?p=8074"},"modified":"2026-05-30T21:36:12","modified_gmt":"2026-05-30T21:36:12","slug":"hirdetesek-2026-majus-31-en","status":"publish","type":"post","link":"https:\/\/marcali.plebania.hu\/?p=8074","title":{"rendered":"Hirdet\u00e9sek 2026. m\u00e1jus 31-\u00e9n"},"content":{"rendered":"\n<p><a href=\"https:\/\/igenaptar.katolikus.hu\/nap\/index.php?holnap=2026-05-31\" target=\"_blank\" rel=\"noreferrer noopener\"><u>Szenth\u00e1roms\u00e1g vas\u00e1rnapja &#8211; a szentmise olvasm\u00e1nyai<\/u><\/a><\/p>\n\n\n\n<ol start=\"1\" class=\"wp-block-list\">\n<li>Szenth\u00e1roms\u00e1g vas\u00e1rnapj\u00e1n a 10 \u00f3rai szentmis\u00e9ben r\u00e9szes\u00fclnek a <strong>b\u00e9rm\u00e1l\u00e1s<\/strong> szents\u00e9g\u00e9ben, akik r\u00e9szt vettek a pl\u00e9b\u00e1niai felk\u00e9sz\u00edt\u0151n. Im\u00e1dkozzunk a b\u00e9rm\u00e1lkoz\u00f3k\u00e9rt \u00e9s csal\u00e1djaik\u00e9rt! (Ma 17:30-kor lesz m\u00e9g szentmise a Boldog Gizella-templomban.)<\/li>\n\n\n\n<li>K\u00f6sz\u00f6nj\u00fck a bekapcsol\u00f3d\u00e1st a m\u00e1jusi <strong>lit\u00e1nia<\/strong> elim\u00e1dkoz\u00e1s\u00e1ba.<\/li>\n\n\n\n<li>A <strong>F\u00e9rfi k\u00f6r<\/strong> <span style=\"text-decoration: underline;\">szerd\u00e1n<\/span> 18 \u00f3rakor kezd\u0151dik a pl\u00e9b\u00e1ni\u00e1n.<\/li>\n\n\n\n<li>Az <strong>els\u0151p\u00e9ntekesek<\/strong> megl\u00e1togat\u00e1sa <span style=\"text-decoration: underline;\">p\u00e9nteken<\/span> d\u00e9lel\u0151tt lesz.<\/li>\n\n\n\n<li><span style=\"text-decoration: underline;\">P\u00e9ntekig<\/span> lehet jelentkezni a j\u00falius 13-t\u00f3l 17-ig tart\u00f3 pl\u00e9b\u00e1niai<strong> napk\u00f6zis t\u00e1bor<\/strong>unkba, k\u00f6sz\u00f6nj\u00fck az eddigi jelentkez\u00e9seket.<\/li>\n\n\n\n<li>Az <strong>els\u0151 szombati ima\u00f3ra<\/strong> 16:30-kor kezd\u0151dik a pl\u00e9b\u00e1niatemplomban.<\/li>\n\n\n\n<li>Egy kaposv\u00e1ri ministr\u00e1nscsoport lesz <span style=\"text-decoration: underline;\">szombaton<\/span> pl\u00e9b\u00e1ni\u00e1nk vend\u00e9ge, az esti szentmis\u00e9n ministr\u00e1nsaink vel\u00fck egy\u00fctt szolg\u00e1lnak majd.<\/li>\n\n\n\n<li>J\u00f6v\u0151 vas\u00e1rnap <strong>\u00darnapja<\/strong>, Krisztus szent Test\u00e9nek \u00e9s V\u00e9r\u00e9nek a f\u0151\u00fcnnepe. Az <strong>\u00farnap<\/strong>i k\u00f6rmenet a 10 \u00f3rai szentmise v\u00e9g\u00e9n kezd\u0151dik, ezzel is kifejezz\u00fck J\u00e9zus ir\u00e1nti im\u00e1datunkat, aki jelen van az Olt\u00e1riszents\u00e9gben. K\u00f6sz\u00f6nj\u00fck a felaj\u00e1nl\u00e1sokat az olt\u00e1rok \u00e9p\u00edt\u00e9s\u00e9hez \u00e9s a d\u00edsz\u00edt\u00e9shez. Tov\u00e1bbi seg\u00edts\u00e9get is k\u00f6sz\u00f6nettel vesz\u00fcnk. Aznap ez lesz az egyetlen k\u00f6z\u00f6s szentmise Marcaliban, erre h\u00edvunk minden h\u00edv\u0151t.<\/li>\n\n\n\n<li>A <strong>fatimai ima\u00f3ra<\/strong> &#8211; a pl\u00e9b\u00e1niai nap miatt &#8211; <span style=\"text-decoration: underline;\">j\u00fanius 12-\u00e9n<\/span> (p\u00e9nteken) 16:30-kor kezd\u0151dik a pl\u00e9b\u00e1niatemplomban.<\/li>\n\n\n\n<li><strong>Pl\u00e9b\u00e1niai nap<\/strong>ot szervez\u00fcnk <span style=\"text-decoration: underline;\">j\u00fanius 13-\u00e1n<\/span>: d\u00e9lel\u0151tt f\u0151z\u0151verseny \u00e9s sportversenyek (fallabda, pingpong, csocs\u00f3 \u00e9s sakk), a d\u00e9li megnyit\u00f3 \u00e9s az eb\u00e9d ut\u00e1n szabadon v\u00e1laszthat\u00f3 k\u00f6z\u00f6ss\u00e9gi \u00e9s \u00fcgyess\u00e9gi j\u00e1t\u00e9kok, \u00edj\u00e1szat, feln\u0151tteknek imas\u00e9ta lehet\u0151s\u00e9g, besz\u00e9lget\u00e9s, t\u00e1rsasj\u00e1t\u00e9k \u00e9s kv\u00edz a program. A j\u00f6v\u0151 tan\u00e9vi els\u0151\u00e1ldoz\u00e1si \u00e9s b\u00e9rm\u00e1l\u00e1si felk\u00e9sz\u00edt\u0151 ir\u00e1nt \u00e9rdekl\u0151d\u0151 csal\u00e1dokat szeretettel h\u00edvjuk \u00e9s v\u00e1rjuk ezen a napon 14:00-re egy megbesz\u00e9l\u00e9sre.<br>M\u00e1r lehet jelentkezni a f\u0151z\u0151versenyre \u00e9s a k\u00fcl\u00f6nf\u00e9le programokra a marcali.plebania.hu oldalon. Aki szeretne, a helysz\u00ednen v\u00e1s\u00e1rolhat eb\u00e9djegyet. Emellett l\u00e1ngost \u00e9s \u00fcd\u00edt\u0151t is lehet majd venni a L\u00e1ngos B\u00e1zis k\u00edn\u00e1lat\u00e1b\u00f3l. S\u00fctem\u00e9ny- \u00e9s egy\u00e9b felaj\u00e1nl\u00e1sokat a programhoz k\u00f6sz\u00f6nettel vesz\u00fcnk. K\u00e9rj\u00fck, a szervez\u00e9s megk\u00f6nny\u00edt\u00e9se \u00e9rdek\u00e9ben azok is regisztr\u00e1ljanak, akik nem vesznek r\u00e9szt egyik versenyben sem, de elj\u00f6nnek a programra. K\u00f6z\u00f6ss\u00e9gi napunk az esti szentmis\u00e9vel \u00e9r v\u00e9get, ami a tan\u00e9v v\u00e9gi h\u00e1laad\u00f3 szentmis\u00e9nk lesz. Szeretettel h\u00edvunk mindenkit a k\u00f6z\u00f6ss\u00e9gi napra.<\/li>\n<\/ol>\n","protected":false},"excerpt":{"rendered":"<p>Szenth\u00e1roms\u00e1g vas\u00e1rnapja &#8211; a szentmise olvasm\u00e1nyai<\/p>\n","protected":false},"author":1,"featured_media":0,"comment_status":"closed","ping_status":"open","sticky":false,"template":"","format":"standard","meta":{"footnotes":""},"categories":[3],"tags":[],"class_list":["post-8074","post","type-post","status-publish","format-standard","hentry","category-hirdetesek"],"_links":{"self":[{"href":"https:\/\/marcali.plebania.hu\/index.php?rest_route=\/wp\/v2\/posts\/8074","targetHints":{"allow":["GET"]}}],"collection":[{"href":"https:\/\/marcali.plebania.hu\/index.php?rest_route=\/wp\/v2\/posts"}],"about":[{"href":"https:\/\/marcali.plebania.hu\/index.php?rest_route=\/wp\/v2\/types\/post"}],"author":[{"embeddable":true,"href":"https:\/\/marcali.plebania.hu\/index.php?rest_route=\/wp\/v2\/users\/1"}],"replies":[{"embeddable":true,"href":"https:\/\/marcali.plebania.hu\/index.php?rest_route=%2Fwp%2Fv2%2Fcomments&post=8074"}],"version-history":[{"count":1,"href":"https:\/\/marcali.plebania.hu\/index.php?rest_route=\/wp\/v2\/posts\/8074\/revisions"}],"predecessor-version":[{"id":8075,"href":"https:\/\/marcali.plebania.hu\/index.php?rest_route=\/wp\/v2\/posts\/8074\/revisions\/8075"}],"wp:attachment":[{"href":"https:\/\/marcali.plebania.hu\/index.php?rest_route=%2Fwp%2Fv2%2Fmedia&parent=8074"}],"wp:term":[{"taxonomy":"category","embeddable":true,"href":"https:\/\/marcali.plebania.hu\/index.php?rest_route=%2Fwp%2Fv2%2Fcategories&post=8074"},{"taxonomy":"post_tag","embeddable":true,"href":"https:\/\/marcali.plebania.hu\/index.php?rest_route=%2Fwp%2Fv2%2Ftags&post=8074"}],"curies":[{"name":"wp","href":"https:\/\/api.w.org\/{rel}","templated":true}]}}