{"id":8077,"date":"2026-06-07T05:39:35","date_gmt":"2026-06-07T05:39:35","guid":{"rendered":"https:\/\/marcali.plebania.hu\/?p=8077"},"modified":"2026-06-07T05:53:44","modified_gmt":"2026-06-07T05:53:44","slug":"hirdetesek-2026-junius-7-en","status":"publish","type":"post","link":"https:\/\/marcali.plebania.hu\/?p=8077","title":{"rendered":"Hirdet\u00e9sek 2026. j\u00fanius 7-\u00e9n"},"content":{"rendered":"\n<p><a href=\"https:\/\/igenaptar.katolikus.hu\/nap\/index.php?holnap=2026-06-07\">Krisztus Szent Teste \u00e9s V\u00e9re, \u00darnapja &#8211; A szentmise olvasm\u00e1nyai<\/a><\/p>\n\n\n\n<ol start=\"1\" class=\"wp-block-list\">\n<li>Ma, Krisztus szent Test\u00e9nek \u00e9s V\u00e9r\u00e9nek f\u0151\u00fcnnep\u00e9n, a 10 \u00f3rakor kezd\u0151d\u0151 szentmise ut\u00e1ni \u00farnapi k\u00f6rmenettel is kifejezz\u00fck J\u00e9zus ir\u00e1nti im\u00e1datunkat, aki jelen van az Olt\u00e1riszents\u00e9gben. Ez az egyetlen \u00farnapi szentmise pl\u00e9b\u00e1ni\u00e1nk ter\u00fclet\u00e9n, erre h\u00edvtunk minden h\u00edv\u0151t. K\u00f6sz\u00f6nj\u00fck a felaj\u00e1nl\u00e1sokat az olt\u00e1rok \u00e9p\u00edt\u00e9s\u00e9hez \u00e9s a d\u00edsz\u00edt\u00e9shez.<\/li>\n\n\n\n<li>A <strong>H\u00e1zas Kurzus<\/strong> utols\u00f3 tal\u00e1lkoz\u00f3ja <span style=\"text-decoration: underline;\">cs\u00fct\u00f6rt\u00f6k\u00f6n<\/span> 18:15-kor kezd\u0151dik a k\u00f6z\u00f6ss\u00e9gi h\u00e1zban. K\u00f6sz\u00f6nj\u00fck a jelentkez\u00e9st \u00e9s a r\u00e9szv\u00e9telt, valamint a szervez\u0151k munk\u00e1j\u00e1t.<\/li>\n\n\n\n<li><span style=\"text-decoration: underline;\">P\u00e9nteken<\/span> 16:30-kor kezd\u0151dik a <strong>fatimai ima\u00f3ra<\/strong>.<\/li>\n\n\n\n<li><strong>Pl\u00e9b\u00e1niai k\u00f6z\u00f6ss\u00e9gi nap<\/strong>unk <span style=\"text-decoration: underline;\">szombaton<\/span> lesz: 9 \u00f3r\u00e1t\u00f3l f\u0151z\u0151verseny \u00e9s sportversenyek (fallabda, pingpong, csocs\u00f3 \u00e9s sakk), a d\u00e9li megnyit\u00f3 \u00e9s az eb\u00e9d ut\u00e1n szabadon v\u00e1laszthat\u00f3 k\u00f6z\u00f6ss\u00e9gi \u00e9s \u00fcgyess\u00e9gi j\u00e1t\u00e9kok, \u00edj\u00e1szat, feln\u0151tteknek imas\u00e9ta lehet\u0151s\u00e9g, besz\u00e9lget\u00e9s, t\u00e1rsasj\u00e1t\u00e9k \u00e9s kv\u00edz a program. A j\u00f6v\u0151 tan\u00e9vi els\u0151\u00e1ldoz\u00e1si \u00e9s b\u00e9rm\u00e1l\u00e1si felk\u00e9sz\u00edt\u0151 ir\u00e1nt \u00e9rdekl\u0151d\u0151 csal\u00e1dokat szeretettel h\u00edvjuk \u00e9s v\u00e1rjuk ezen a napon 14:00-re egy megbesz\u00e9l\u00e9sre.<br>M\u00e9g lehet jelentkezni a f\u0151z\u0151versenyre \u00e9s a k\u00fcl\u00f6nf\u00e9le programokra, <em><a href=\"https:\/\/marcali.plebania.hu\/index.php\/2025\/05\/10\/jelentkezes-a-kozelgo-plebaniai-programokra\/\" data-type=\"link\" data-id=\"https:\/\/marcali.plebania.hu\/index.php\/2025\/05\/10\/jelentkezes-a-kozelgo-plebaniai-programokra\/\">IDE KATTINTVA<\/a><\/em>. Aki szeretne, a helysz\u00ednen v\u00e1s\u00e1rolhat eb\u00e9djegyet. Emellett l\u00e1ngost \u00e9s \u00fcd\u00edt\u0151t is lehet majd venni a L\u00e1ngos B\u00e1zis k\u00edn\u00e1lat\u00e1b\u00f3l. S\u00fctem\u00e9ny- \u00e9s egy\u00e9b felaj\u00e1nl\u00e1sokat a programhoz k\u00f6sz\u00f6nettel vesz\u00fcnk. K\u00e9rj\u00fck, a szervez\u00e9s megk\u00f6nny\u00edt\u00e9se \u00e9rdek\u00e9ben azok is regisztr\u00e1ljanak, akik nem vesznek r\u00e9szt egyik versenyben sem, de elj\u00f6nnek a programra. K\u00f6sz\u00f6nj\u00fck az eddigi jelentkez\u00e9seket. K\u00f6z\u00f6ss\u00e9gi napunk az esti szentmis\u00e9vel \u00e9r v\u00e9get, ami a tan\u00e9v v\u00e9gi h\u00e1laad\u00f3 szentmis\u00e9nk lesz. Szeretettel h\u00edvunk mindenkit a k\u00f6z\u00f6ss\u00e9gi napra.<\/li>\n<\/ol>\n\n\n\n<p><\/p>\n","protected":false},"excerpt":{"rendered":"<p>Krisztus Szent Teste \u00e9s V\u00e9re, \u00darnapja &#8211; A szentmise olvasm\u00e1nyai<\/p>\n","protected":false},"author":1,"featured_media":0,"comment_status":"closed","ping_status":"open","sticky":false,"template":"","format":"standard","meta":{"footnotes":""},"categories":[3],"tags":[],"class_list":["post-8077","post","type-post","status-publish","format-standard","hentry","category-hirdetesek"],"_links":{"self":[{"href":"https:\/\/marcali.plebania.hu\/index.php?rest_route=\/wp\/v2\/posts\/8077","targetHints":{"allow":["GET"]}}],"collection":[{"href":"https:\/\/marcali.plebania.hu\/index.php?rest_route=\/wp\/v2\/posts"}],"about":[{"href":"https:\/\/marcali.plebania.hu\/index.php?rest_route=\/wp\/v2\/types\/post"}],"author":[{"embeddable":true,"href":"https:\/\/marcali.plebania.hu\/index.php?rest_route=\/wp\/v2\/users\/1"}],"replies":[{"embeddable":true,"href":"https:\/\/marcali.plebania.hu\/index.php?rest_route=%2Fwp%2Fv2%2Fcomments&post=8077"}],"version-history":[{"count":2,"href":"https:\/\/marcali.plebania.hu\/index.php?rest_route=\/wp\/v2\/posts\/8077\/revisions"}],"predecessor-version":[{"id":8081,"href":"https:\/\/marcali.plebania.hu\/index.php?rest_route=\/wp\/v2\/posts\/8077\/revisions\/8081"}],"wp:attachment":[{"href":"https:\/\/marcali.plebania.hu\/index.php?rest_route=%2Fwp%2Fv2%2Fmedia&parent=8077"}],"wp:term":[{"taxonomy":"category","embeddable":true,"href":"https:\/\/marcali.plebania.hu\/index.php?rest_route=%2Fwp%2Fv2%2Fcategories&post=8077"},{"taxonomy":"post_tag","embeddable":true,"href":"https:\/\/marcali.plebania.hu\/index.php?rest_route=%2Fwp%2Fv2%2Ftags&post=8077"}],"curies":[{"name":"wp","href":"https:\/\/api.w.org\/{rel}","templated":true}]}}