{"id":8083,"date":"2026-06-14T19:51:50","date_gmt":"2026-06-14T19:51:50","guid":{"rendered":"https:\/\/marcali.plebania.hu\/?p=8083"},"modified":"2026-06-14T19:51:50","modified_gmt":"2026-06-14T19:51:50","slug":"hirdetesek-2026-junius-14-en","status":"publish","type":"post","link":"https:\/\/marcali.plebania.hu\/?p=8083","title":{"rendered":"Hirdet\u00e9sek 2026. j\u00fanius 14-\u00e9n"},"content":{"rendered":"\n<p><a href=\"https:\/\/igenaptar.katolikus.hu\/nap\/index.php?holnap=2026-06-14\" target=\"_blank\" rel=\"noreferrer noopener\"><u>\u00c9vk\u00f6zi 11. vas\u00e1rnap &#8211; a szentmise olvasm\u00e1nyai<\/u><\/a> <\/p>\n\n\n\n<ol start=\"1\" class=\"wp-block-list\">\n<li>K\u00f6sz\u00f6nj\u00fck az <strong>\u00farnap<\/strong>i k\u00f6rmeneten \u00e9s a szombati <strong>pl\u00e9b\u00e1niai k\u00f6z\u00f6ss\u00e9gi nap<\/strong>on val\u00f3 r\u00e9szv\u00e9telt, k\u00f6zrem\u0171k\u00f6d\u00e9st, szervez\u00e9st, seg\u00edts\u00e9gny\u00fajt\u00e1st, felaj\u00e1nl\u00e1sokat.<br><\/li>\n\n\n\n<li>H\u00e9tf\u0151n 15:00-kor kezd\u0151dik <strong>dr. Gyulai Botond akolitusunk gy\u00e1szmis\u00e9je<\/strong> a pl\u00e9b\u00e1niatemplomban. El\u0151tte 14:15-t\u0151l r\u00f3zsaf\u00fcz\u00e9rt im\u00e1dkozunk a templomban.<\/li>\n<\/ol>\n\n\n\n<p><\/p>\n","protected":false},"excerpt":{"rendered":"<p>\u00c9vk\u00f6zi 11. vas\u00e1rnap &#8211; a szentmise olvasm\u00e1nyai<\/p>\n","protected":false},"author":1,"featured_media":0,"comment_status":"closed","ping_status":"open","sticky":false,"template":"","format":"standard","meta":{"footnotes":""},"categories":[3],"tags":[],"class_list":["post-8083","post","type-post","status-publish","format-standard","hentry","category-hirdetesek"],"_links":{"self":[{"href":"https:\/\/marcali.plebania.hu\/index.php?rest_route=\/wp\/v2\/posts\/8083","targetHints":{"allow":["GET"]}}],"collection":[{"href":"https:\/\/marcali.plebania.hu\/index.php?rest_route=\/wp\/v2\/posts"}],"about":[{"href":"https:\/\/marcali.plebania.hu\/index.php?rest_route=\/wp\/v2\/types\/post"}],"author":[{"embeddable":true,"href":"https:\/\/marcali.plebania.hu\/index.php?rest_route=\/wp\/v2\/users\/1"}],"replies":[{"embeddable":true,"href":"https:\/\/marcali.plebania.hu\/index.php?rest_route=%2Fwp%2Fv2%2Fcomments&post=8083"}],"version-history":[{"count":1,"href":"https:\/\/marcali.plebania.hu\/index.php?rest_route=\/wp\/v2\/posts\/8083\/revisions"}],"predecessor-version":[{"id":8084,"href":"https:\/\/marcali.plebania.hu\/index.php?rest_route=\/wp\/v2\/posts\/8083\/revisions\/8084"}],"wp:attachment":[{"href":"https:\/\/marcali.plebania.hu\/index.php?rest_route=%2Fwp%2Fv2%2Fmedia&parent=8083"}],"wp:term":[{"taxonomy":"category","embeddable":true,"href":"https:\/\/marcali.plebania.hu\/index.php?rest_route=%2Fwp%2Fv2%2Fcategories&post=8083"},{"taxonomy":"post_tag","embeddable":true,"href":"https:\/\/marcali.plebania.hu\/index.php?rest_route=%2Fwp%2Fv2%2Ftags&post=8083"}],"curies":[{"name":"wp","href":"https:\/\/api.w.org\/{rel}","templated":true}]}}