{"id":8086,"date":"2026-06-19T21:52:52","date_gmt":"2026-06-19T21:52:52","guid":{"rendered":"https:\/\/marcali.plebania.hu\/?p=8086"},"modified":"2026-06-20T23:27:10","modified_gmt":"2026-06-20T23:27:10","slug":"hirdetesek-2026-junius-21-en","status":"publish","type":"post","link":"https:\/\/marcali.plebania.hu\/?p=8086","title":{"rendered":"Hirdet\u00e9sek 2026. j\u00fanius 21-\u00e9n"},"content":{"rendered":"\n<p><a href=\"https:\/\/igenaptar.katolikus.hu\/nap\/index.php?holnap=2026-06-21\" target=\"_blank\" rel=\"noreferrer noopener\"><u>\u00c9vk\u00f6zi 12. vas\u00e1rnap &#8211; a szentmise olvasm\u00e1nyai<\/u><\/a><\/p>\n\n\n\n<ol start=\"1\" class=\"wp-block-list\">\n<li>Szeptemberben indul a k\u00f6vetkez\u0151 pl\u00e9b\u00e1niai <strong>szents\u00e9gi felk\u00e9sz\u00edt\u0151<\/strong>, melyre szeretettel h\u00edvjuk az \u00e9rdekl\u0151d\u0151ket: <strong>els\u0151\u00e1ldoz\u00e1sra <\/strong>4. oszt\u00e1lyos kort\u00f3l, <strong>b\u00e9rm\u00e1l\u00e1sra <\/strong>8. oszt\u00e1lyos kort\u00f3l lehet jelentkezni. H\u00e9tf\u0151t\u0151l v\u00e1rjuk a csal\u00e1dok jelentkez\u00e9s\u00e9t honlapunkon (marcali.plebania.hu). Id\u0151sebbek is jelentkezhetnek a felk\u00e9sz\u00edt\u0151re. A feln\u0151tteknek sz\u00f3l\u00f3 felk\u00e9sz\u00fcl\u00e9si lehet\u0151s\u00e9get (b\u00e1rmelyik szents\u00e9gre) szeptemberben hirdetj\u00fck.<\/li>\n\n\n\n<li>A <strong>k\u00e9pvisel\u0151-test\u00fclet<\/strong> <span style=\"text-decoration: underline;\">cs\u00fct\u00f6rt\u00f6k\u00f6n<\/span> a szentmise ut\u00e1n kezdi \u00fcl\u00e9s\u00e9t a pl\u00e9b\u00e1ni\u00e1n.<\/li>\n\n\n\n<li>A <strong>napk\u00f6zis t\u00e1borunk sz\u00fcl\u0151i \u00e9rtekezlete<\/strong> <span style=\"text-decoration: underline;\">p\u00e9nteken<\/span> 16:15-kor kezd\u0151dik a k\u00f6z\u00f6ss\u00e9gi h\u00e1zban.<\/li>\n\n\n\n<li>E h\u00e9tt\u0151l a p\u00e9ntek esti <strong>r\u00f3zsaf\u00fcz\u00e9r<\/strong>-im\u00e1ds\u00e1g, melyet a b\u00e9k\u00e9\u00e9rt aj\u00e1nlunk fel, egy \u00f3r\u00e1val k\u00e9s\u0151bb, 21:00-kor kezd\u0151dik a templomban. Szabadon csatlakozhat mindenki, aki ind\u00edttat\u00e1st \u00e9rez r\u00e1.  <\/li>\n\n\n\n<li>A <strong>lelki adopt\u00e1l\u00f3k<\/strong>at <span style=\"text-decoration: underline;\">p\u00e9nteken<\/span> 16:45-re v\u00e1rjuk a pl\u00e9b\u00e1niatemplomba a j\u00faniusi <strong>tal\u00e1lkoz\u00f3<\/strong>jukra.<\/li>\n\n\n\n<li><span style=\"text-decoration: underline;\">Szombaton,<\/span> Szent L\u00e1szl\u00f3 kir\u00e1ly, egyh\u00e1zmegy\u00e9nk v\u00e9d\u0151szentj\u00e9nek f\u0151\u00fcnnep\u00e9n 10:30-kor kezd\u0151dik a <strong>papszentel\u00e9s <\/strong>a kaposv\u00e1ri sz\u00e9kesegyh\u00e1zban. Im\u00e1dkozzunk a papok\u00e9rt \u00e9s \u00faj papi hivat\u00e1sok\u00e9rt!<\/li>\n\n\n\n<li>A szeptember 18-t\u00f3l 20-ig Kaposv\u00e1ron megrendez\u00e9sre ker\u00fcl\u0151 <strong>KATT\u00c1RS<\/strong> (Katolikus T\u00e1rsadalmi Napok) esem\u00e9nyeir\u0151l lehet vinni sz\u00f3r\u00f3lapot a templomb\u00f3l. Tov\u00e1bbi inform\u00e1ci\u00f3k a kaposvar.kattars.hu oldalon tal\u00e1lhat\u00f3k, ott lehet jelentkezni az egyh\u00e1zmegyei gy\u0171jt\u0151buszra \u00e9s a regisztr\u00e1ci\u00f3hoz k\u00f6t\u00f6tt programokra is. Szeretettel aj\u00e1nljuk!<\/li>\n<\/ol>\n\n\n\n<p><\/p>\n","protected":false},"excerpt":{"rendered":"<p>\u00c9vk\u00f6zi 12. vas\u00e1rnap &#8211; a szentmise olvasm\u00e1nyai<\/p>\n","protected":false},"author":1,"featured_media":0,"comment_status":"closed","ping_status":"open","sticky":false,"template":"","format":"standard","meta":{"footnotes":""},"categories":[3],"tags":[],"class_list":["post-8086","post","type-post","status-publish","format-standard","hentry","category-hirdetesek"],"_links":{"self":[{"href":"https:\/\/marcali.plebania.hu\/index.php?rest_route=\/wp\/v2\/posts\/8086","targetHints":{"allow":["GET"]}}],"collection":[{"href":"https:\/\/marcali.plebania.hu\/index.php?rest_route=\/wp\/v2\/posts"}],"about":[{"href":"https:\/\/marcali.plebania.hu\/index.php?rest_route=\/wp\/v2\/types\/post"}],"author":[{"embeddable":true,"href":"https:\/\/marcali.plebania.hu\/index.php?rest_route=\/wp\/v2\/users\/1"}],"replies":[{"embeddable":true,"href":"https:\/\/marcali.plebania.hu\/index.php?rest_route=%2Fwp%2Fv2%2Fcomments&post=8086"}],"version-history":[{"count":4,"href":"https:\/\/marcali.plebania.hu\/index.php?rest_route=\/wp\/v2\/posts\/8086\/revisions"}],"predecessor-version":[{"id":8093,"href":"https:\/\/marcali.plebania.hu\/index.php?rest_route=\/wp\/v2\/posts\/8086\/revisions\/8093"}],"wp:attachment":[{"href":"https:\/\/marcali.plebania.hu\/index.php?rest_route=%2Fwp%2Fv2%2Fmedia&parent=8086"}],"wp:term":[{"taxonomy":"category","embeddable":true,"href":"https:\/\/marcali.plebania.hu\/index.php?rest_route=%2Fwp%2Fv2%2Fcategories&post=8086"},{"taxonomy":"post_tag","embeddable":true,"href":"https:\/\/marcali.plebania.hu\/index.php?rest_route=%2Fwp%2Fv2%2Ftags&post=8086"}],"curies":[{"name":"wp","href":"https:\/\/api.w.org\/{rel}","templated":true}]}}