{"id":8095,"date":"2026-06-24T10:22:51","date_gmt":"2026-06-24T10:22:51","guid":{"rendered":"https:\/\/marcali.plebania.hu\/?p=8095"},"modified":"2026-06-24T10:22:51","modified_gmt":"2026-06-24T10:22:51","slug":"jelentkezes-a-plebaniai-elsoaldozasi-es-bermalasi-felkeszitore-2026-27","status":"publish","type":"post","link":"https:\/\/marcali.plebania.hu\/?p=8095","title":{"rendered":"Jelentkez\u00e9s a pl\u00e9b\u00e1niai els\u0151\u00e1ldoz\u00e1si \u00e9s b\u00e9rm\u00e1l\u00e1si felk\u00e9sz\u00edt\u0151re (2026-27)"},"content":{"rendered":"\n<p>Szeptemberben indul a k\u00f6vetkez\u0151 pl\u00e9b\u00e1niai <strong>szents\u00e9gi felk\u00e9sz\u00edt\u0151<\/strong>, melyre szeretettel h\u00edvjuk az \u00e9rdekl\u0151d\u0151ket: <\/p>\n\n\n\n<ul class=\"wp-block-list\">\n<li><strong>els\u0151\u00e1ldoz\u00e1sra <\/strong>4. oszt\u00e1lyos kort\u00f3l, <\/li>\n\n\n\n<li><strong>b\u00e9rm\u00e1l\u00e1sra <\/strong>8. oszt\u00e1lyos kort\u00f3l lehet jelentkezni. <\/li>\n\n\n\n<li>Id\u0151sebbek is jelentkezhetnek a felk\u00e9sz\u00edt\u0151re. <\/li>\n\n\n\n<li>A <strong>feln\u0151ttek<\/strong>nek sz\u00f3l\u00f3 felk\u00e9sz\u00fcl\u00e9si lehet\u0151s\u00e9get (b\u00e1rmelyik szents\u00e9gre) szeptemberben hirdetj\u00fck meg.<\/li>\n<\/ul>\n\n\n\n<p><\/p>\n\n\n\n<div class=\"wp-block-buttons is-content-justification-center is-layout-flex wp-container-core-buttons-is-layout-16018d1d wp-block-buttons-is-layout-flex\">\n<div class=\"wp-block-button\"><a class=\"wp-block-button__link wp-element-button\" href=\"https:\/\/forms.gle\/VQ5RYvVnTnx8NbhW6\">JELENTKEZ\u00c9S A PL\u00c9B\u00c1NIAI SZENTS\u00c9GI FELK\u00c9SZ\u00cdT\u0150RE<\/a><\/div>\n<\/div>\n\n\n\n<p><\/p>\n","protected":false},"excerpt":{"rendered":"<p>Szeptemberben indul a k\u00f6vetkez\u0151 pl\u00e9b\u00e1niai szents\u00e9gi felk\u00e9sz\u00edt\u0151, melyre szeretettel h\u00edvjuk az \u00e9rdekl\u0151d\u0151ket:<\/p>\n","protected":false},"author":1,"featured_media":0,"comment_status":"closed","ping_status":"open","sticky":false,"template":"","format":"standard","meta":{"footnotes":""},"categories":[9],"tags":[],"class_list":["post-8095","post","type-post","status-publish","format-standard","hentry","category-jelentkezes"],"_links":{"self":[{"href":"https:\/\/marcali.plebania.hu\/index.php?rest_route=\/wp\/v2\/posts\/8095","targetHints":{"allow":["GET"]}}],"collection":[{"href":"https:\/\/marcali.plebania.hu\/index.php?rest_route=\/wp\/v2\/posts"}],"about":[{"href":"https:\/\/marcali.plebania.hu\/index.php?rest_route=\/wp\/v2\/types\/post"}],"author":[{"embeddable":true,"href":"https:\/\/marcali.plebania.hu\/index.php?rest_route=\/wp\/v2\/users\/1"}],"replies":[{"embeddable":true,"href":"https:\/\/marcali.plebania.hu\/index.php?rest_route=%2Fwp%2Fv2%2Fcomments&post=8095"}],"version-history":[{"count":1,"href":"https:\/\/marcali.plebania.hu\/index.php?rest_route=\/wp\/v2\/posts\/8095\/revisions"}],"predecessor-version":[{"id":8096,"href":"https:\/\/marcali.plebania.hu\/index.php?rest_route=\/wp\/v2\/posts\/8095\/revisions\/8096"}],"wp:attachment":[{"href":"https:\/\/marcali.plebania.hu\/index.php?rest_route=%2Fwp%2Fv2%2Fmedia&parent=8095"}],"wp:term":[{"taxonomy":"category","embeddable":true,"href":"https:\/\/marcali.plebania.hu\/index.php?rest_route=%2Fwp%2Fv2%2Fcategories&post=8095"},{"taxonomy":"post_tag","embeddable":true,"href":"https:\/\/marcali.plebania.hu\/index.php?rest_route=%2Fwp%2Fv2%2Ftags&post=8095"}],"curies":[{"name":"wp","href":"https:\/\/api.w.org\/{rel}","templated":true}]}}