{"id":8099,"date":"2026-06-28T06:21:20","date_gmt":"2026-06-28T06:21:20","guid":{"rendered":"https:\/\/marcali.plebania.hu\/?p=8099"},"modified":"2026-06-28T06:21:20","modified_gmt":"2026-06-28T06:21:20","slug":"hirdetesek-2026-junius-28-an","status":"publish","type":"post","link":"https:\/\/marcali.plebania.hu\/?p=8099","title":{"rendered":"Hirdet\u00e9sek 2026. j\u00fanius 28-\u00e1n"},"content":{"rendered":"\n<p><a href=\"https:\/\/igenaptar.katolikus.hu\/nap\/index.php?holnap=2026-06-28\" target=\"_blank\" rel=\"noreferrer noopener\"><u>\u00c9vk\u00f6zi 13. vas\u00e1rnap &#8211; a szentmise olvasm\u00e1nyai<\/u><\/a><\/p>\n\n\n\n<ol start=\"1\" class=\"wp-block-list\">\n<li>A <span style=\"text-decoration: underline;\">mai<\/span> perselyadom\u00e1nyokat a Szensz\u00e9k jav\u00e1ra tov\u00e1bb\u00edtjuk. A Szentatya karitat\u00edv c\u00e9ljaira felaj\u00e1nlott <strong>p\u00e9terfill\u00e9r<\/strong>rel<em> <\/em>is tev\u00e9kenyen meg\u00e9lhetj\u00fck a k\u00f6z\u00f6ss\u00e9get a vil\u00e1gegyh\u00e1zzal. Ez az anyagi seg\u00edts\u00e9g mellett a k\u00f6z\u00f6ss\u00e9g, a k\u00f6z\u00f6s felel\u0151ss\u00e9gv\u00e1llal\u00e1s \u00e9s a seg\u00edts\u00e9gny\u00fajt\u00e1s kifejez\u0151d\u00e9se is.<\/li>\n\n\n\n<li>Szeptemberben indul a k\u00f6vetkez\u0151 pl\u00e9b\u00e1niai <strong>szents\u00e9gi felk\u00e9sz\u00edt\u0151<\/strong>, melyre honlapunkon (marcali.plebania.hu) lehet jelentkezni: <strong>els\u0151\u00e1ldoz\u00e1sra <\/strong>4. oszt\u00e1lyos kort\u00f3l, <strong>b\u00e9rm\u00e1l\u00e1sra <\/strong>8. oszt\u00e1lyos kort\u00f3l kezdve. Id\u0151sebbek is jelentkezhetnek a felk\u00e9sz\u00edt\u0151re.<\/li>\n\n\n\n<li>Papi lelkigyakorlat, illetve pl\u00e9b\u00e1ni\u00e1nk ministr\u00e1nst\u00e1bora miatt ezen a h\u00e9ten csak p\u00e9ntekt\u0151l lesznek <strong>szentmis\u00e9k<\/strong>.<\/li>\n\n\n\n<li>Az <strong>els\u0151p\u00e9ntekesek<\/strong> megl\u00e1togat\u00e1sa <span style=\"text-decoration: underline;\">p\u00e9nteken<\/span> d\u00e9lel\u0151tt lesz.<\/li>\n\n\n\n<li>A <span style=\"text-decoration: underline;\">p\u00e9ntek<\/span> esti <strong>r\u00f3zsaf\u00fcz\u00e9r<\/strong>-im\u00e1ds\u00e1g, melyet a b\u00e9k\u00e9\u00e9rt aj\u00e1nlunk fel, 21:00-kor kezd\u0151dik a pl\u00e9b\u00e1niatemplomban. Szabadon csatlakozhat mindenki, aki ind\u00edttat\u00e1st \u00e9rez r\u00e1.<\/li>\n\n\n\n<li>Az <strong>els\u0151 <span style=\"text-decoration: underline;\">szombat<\/span>i ima\u00f3ra<\/strong> 16:30-kor kezd\u0151dik a pl\u00e9b\u00e1niatemplomban.<\/li>\n\n\n\n<li><span style=\"text-decoration: underline;\">J\u00falius 9-e<\/span> templomunk <strong>szents\u00e9gim\u00e1d\u00e1si nap<\/strong>ja: 12:00-t\u0151l szents\u00e9gim\u00e1d\u00e1s lesz a pl\u00e9b\u00e1niatemplomban az esti szentmis\u00e9ig. Jelentkezni a sekresty\u00e9ben, vagy az irod\u00e1ban lehet.<\/li>\n\n\n\n<li>A szeptember 18-t\u00f3l 20-ig Kaposv\u00e1ron megrendez\u00e9sre ker\u00fcl\u0151 <strong>KATT\u00c1RS<\/strong> (Katolikus T\u00e1rsadalmi Napok) esem\u00e9nyeir\u0151l sz\u00f3r\u00f3lap vihet\u0151 a templomb\u00f3l. Tov\u00e1bbi inform\u00e1ci\u00f3k a kaposvar.kattars.hu oldalon tal\u00e1lhat\u00f3k, ott lehet jelentkezni az egyh\u00e1zmegyei gy\u0171jt\u0151buszra \u00e9s a regisztr\u00e1ci\u00f3hoz k\u00f6t\u00f6tt programokra is. Szeretettel aj\u00e1nljuk!<\/li>\n<\/ol>\n\n\n\n<p><\/p>\n","protected":false},"excerpt":{"rendered":"<p>\u00c9vk\u00f6zi 13. vas\u00e1rnap &#8211; a szentmise olvasm\u00e1nyai<\/p>\n","protected":false},"author":1,"featured_media":0,"comment_status":"closed","ping_status":"open","sticky":false,"template":"","format":"standard","meta":{"footnotes":""},"categories":[3],"tags":[],"class_list":["post-8099","post","type-post","status-publish","format-standard","hentry","category-hirdetesek"],"_links":{"self":[{"href":"https:\/\/marcali.plebania.hu\/index.php?rest_route=\/wp\/v2\/posts\/8099","targetHints":{"allow":["GET"]}}],"collection":[{"href":"https:\/\/marcali.plebania.hu\/index.php?rest_route=\/wp\/v2\/posts"}],"about":[{"href":"https:\/\/marcali.plebania.hu\/index.php?rest_route=\/wp\/v2\/types\/post"}],"author":[{"embeddable":true,"href":"https:\/\/marcali.plebania.hu\/index.php?rest_route=\/wp\/v2\/users\/1"}],"replies":[{"embeddable":true,"href":"https:\/\/marcali.plebania.hu\/index.php?rest_route=%2Fwp%2Fv2%2Fcomments&post=8099"}],"version-history":[{"count":1,"href":"https:\/\/marcali.plebania.hu\/index.php?rest_route=\/wp\/v2\/posts\/8099\/revisions"}],"predecessor-version":[{"id":8100,"href":"https:\/\/marcali.plebania.hu\/index.php?rest_route=\/wp\/v2\/posts\/8099\/revisions\/8100"}],"wp:attachment":[{"href":"https:\/\/marcali.plebania.hu\/index.php?rest_route=%2Fwp%2Fv2%2Fmedia&parent=8099"}],"wp:term":[{"taxonomy":"category","embeddable":true,"href":"https:\/\/marcali.plebania.hu\/index.php?rest_route=%2Fwp%2Fv2%2Fcategories&post=8099"},{"taxonomy":"post_tag","embeddable":true,"href":"https:\/\/marcali.plebania.hu\/index.php?rest_route=%2Fwp%2Fv2%2Ftags&post=8099"}],"curies":[{"name":"wp","href":"https:\/\/api.w.org\/{rel}","templated":true}]}}