{"id":8102,"date":"2026-07-04T21:44:50","date_gmt":"2026-07-04T21:44:50","guid":{"rendered":"https:\/\/marcali.plebania.hu\/?p=8102"},"modified":"2026-07-04T21:44:50","modified_gmt":"2026-07-04T21:44:50","slug":"hirdetesek-2026-julius-5-en","status":"publish","type":"post","link":"https:\/\/marcali.plebania.hu\/?p=8102","title":{"rendered":"Hirdet\u00e9sek 2026. j\u00falius 5-\u00e9n"},"content":{"rendered":"\n<p><a href=\"https:\/\/igenaptar.katolikus.hu\/nap\/index.php?holnap=2026-07-05\" target=\"_blank\" rel=\"noreferrer noopener\">\u00c9vk\u00f6zi 14. vas\u00e1rnap \u2013 a szentmise olvasm\u00e1nyai<\/a><\/p>\n\n\n\n<ol start=\"1\" class=\"wp-block-list\">\n<li>A <strong>szents\u00e9gim\u00e1d\u00e1s <\/strong>az Olt\u00e1riszents\u00e9gben jelen l\u00e9v\u0151 J\u00e9zus Krisztus im\u00e1d\u00e1sa a szentmis\u00e9n k\u00edv\u00fcl. Szeretettel buzd\u00edtunk mindenkit arra, hogy id\u0151zz\u00f6n rendszeresen az Olt\u00e1riszents\u00e9g jelenl\u00e9t\u00e9ben, \u00e9s k\u00e9rje J\u00e9zust \u00f6nmag\u00e1\u00e9rt \u00e9s m\u00e1sok\u00e9rt, megb\u00e9k\u00e9lesek\u00e9rt, pl\u00e9b\u00e1niai k\u00f6z\u00f6ss\u00e9g\u00fcnk\u00e9rt, megt\u00e9r\u00e9sek\u00e9rt. Cs\u00fct\u00f6rt\u00f6k\u00f6n d\u00e9lt\u0151l az esti szentmis\u00e9ig tart pl\u00e9b\u00e1niatemplomunk szents\u00e9gim\u00e1d\u00e1si napja, a hirdet\u0151t\u00e1bl\u00e1n olvashat\u00f3 rend szerint. A feliratkozottakon k\u00edv\u00fcl is b\u00e1rki csatlakozhat, ak\u00e1r csak egy kis id\u0151re is.<\/li>\n\n\n\n<li>J\u00f6v\u0151 h\u00e9tf\u0151n (j\u00fal. 13-\u00e1n) kezd\u0151dik pl\u00e9b\u00e1ni\u00e1nk <strong>napk\u00f6zis t\u00e1bor<\/strong>a, k\u00f6sz\u00f6nj\u00fck a jelentkez\u00e9seket. K\u00e9rj\u00fck, im\u00e1dkozzanak a t\u00e1bor lelki gy\u00fcm\u00f6lcsei\u00e9rt! H\u00e1l\u00e1san fogadjuk azt is, ha valaki f\u00f6ldi gy\u00fcm\u00f6lccsel tudja t\u00e1mogatni a t\u00e1bor r\u00e9sztvev\u0151it.<\/li>\n\n\n\n<li>A szeptemberben indul\u00f3 <strong>els\u0151\u00e1ldoz\u00e1si \u00e9s b\u00e9rm\u00e1l\u00e1si felk\u00e9sz\u00edt\u0151<\/strong>re a <a href=\"https:\/\/forms.gle\/VQ5RYvVnTnx8NbhW6\">honlapunkon lehet jelentkezni<\/a>. A jelentkez\u00e9si fel\u00fcleten m\u00e1r l\u00e1that\u00f3 a felk\u00e9sz\u00edt\u0151 \u00f6sszes id\u0151pontja.<\/li>\n\n\n\n<li>A szeptemberi <strong>KATT\u00c1RS<\/strong> (Katolikus T\u00e1rsadalmi Napok) esem\u00e9nyeir\u0151l sz\u00f3r\u00f3lap vihet\u0151 a templomb\u00f3l. Tov\u00e1bbi inform\u00e1ci\u00f3k a kaposvar.kattars.hu oldalon tal\u00e1lhat\u00f3k, ott lehet jelentkezni az egyh\u00e1zmegyei gy\u0171jt\u0151buszra \u00e9s a regisztr\u00e1ci\u00f3hoz k\u00f6t\u00f6tt programokra is. Szeretettel aj\u00e1nljuk!<\/li>\n<\/ol>\n\n\n\n<p><\/p>\n","protected":false},"excerpt":{"rendered":"<p>\u00c9vk\u00f6zi 14. vas\u00e1rnap \u2013 a szentmise olvasm\u00e1nyai<\/p>\n","protected":false},"author":1,"featured_media":0,"comment_status":"closed","ping_status":"open","sticky":false,"template":"","format":"standard","meta":{"footnotes":""},"categories":[3],"tags":[],"class_list":["post-8102","post","type-post","status-publish","format-standard","hentry","category-hirdetesek"],"_links":{"self":[{"href":"https:\/\/marcali.plebania.hu\/index.php?rest_route=\/wp\/v2\/posts\/8102","targetHints":{"allow":["GET"]}}],"collection":[{"href":"https:\/\/marcali.plebania.hu\/index.php?rest_route=\/wp\/v2\/posts"}],"about":[{"href":"https:\/\/marcali.plebania.hu\/index.php?rest_route=\/wp\/v2\/types\/post"}],"author":[{"embeddable":true,"href":"https:\/\/marcali.plebania.hu\/index.php?rest_route=\/wp\/v2\/users\/1"}],"replies":[{"embeddable":true,"href":"https:\/\/marcali.plebania.hu\/index.php?rest_route=%2Fwp%2Fv2%2Fcomments&post=8102"}],"version-history":[{"count":1,"href":"https:\/\/marcali.plebania.hu\/index.php?rest_route=\/wp\/v2\/posts\/8102\/revisions"}],"predecessor-version":[{"id":8103,"href":"https:\/\/marcali.plebania.hu\/index.php?rest_route=\/wp\/v2\/posts\/8102\/revisions\/8103"}],"wp:attachment":[{"href":"https:\/\/marcali.plebania.hu\/index.php?rest_route=%2Fwp%2Fv2%2Fmedia&parent=8102"}],"wp:term":[{"taxonomy":"category","embeddable":true,"href":"https:\/\/marcali.plebania.hu\/index.php?rest_route=%2Fwp%2Fv2%2Fcategories&post=8102"},{"taxonomy":"post_tag","embeddable":true,"href":"https:\/\/marcali.plebania.hu\/index.php?rest_route=%2Fwp%2Fv2%2Ftags&post=8102"}],"curies":[{"name":"wp","href":"https:\/\/api.w.org\/{rel}","templated":true}]}}