{"id":8104,"date":"2026-07-11T23:29:20","date_gmt":"2026-07-11T23:29:20","guid":{"rendered":"https:\/\/marcali.plebania.hu\/?p=8104"},"modified":"2026-07-12T05:50:18","modified_gmt":"2026-07-12T05:50:18","slug":"hirdetesek-2026-julius-12-en","status":"publish","type":"post","link":"https:\/\/marcali.plebania.hu\/?p=8104","title":{"rendered":"Hirdet\u00e9sek 2026. j\u00falius 12-\u00e9n"},"content":{"rendered":"\n<p><a href=\"https:\/\/igenaptar.katolikus.hu\/nap\/index.php?holnap=2026-07-12\" target=\"_blank\" rel=\"noreferrer noopener\"><u>\u00c9vk\u00f6zi 15. vas\u00e1rnap &#8211; olvasm\u00e1nyok<\/u><\/a> <\/p>\n\n\n\n<ol start=\"1\" class=\"wp-block-list\">\n<li>K\u00f6sz\u00f6nj\u00fck a bekapcsol\u00f3d\u00e1st a m\u00falt cs\u00fct\u00f6rt\u00f6ki <strong>szents\u00e9gim\u00e1d\u00e1si <\/strong>napba.<\/li>\n\n\n\n<li><span style=\"text-decoration: underline;\">H\u00e9tf\u0151n<\/span> (j\u00fal. 13-\u00e1n) kezd\u0151dik pl\u00e9b\u00e1ni\u00e1nk <strong>napk\u00f6zis t\u00e1bor<\/strong>a, k\u00f6sz\u00f6nj\u00fck a jelentkez\u00e9seket. K\u00e9rj\u00fck, im\u00e1dkozzanak a t\u00e1bor\u00e9rt \u00e9s a r\u00e9sztvev\u0151k\u00e9rt! H\u00e1l\u00e1san fogadjuk azt is, ha valaki gy\u00fcm\u00f6lccsel tudja t\u00e1mogatni a t\u00e1bort.<\/li>\n\n\n\n<li><span style=\"text-decoration: underline;\">Kedden<\/span> 16:30-kor <strong>fatimai ima\u00f3ra<\/strong> kezd\u0151dik a pl\u00e9b\u00e1niatemplomban.<\/li>\n\n\n\n<li>A t\u00e1bor miatt ezen a h\u00e9ten h\u00e9tf\u0151n, szerd\u00e1n \u00e9s p\u00e9nteken nem lesz <strong>n\u00e9pkonyhai \u00e9tkeztet\u00e9s<\/strong>, <span style=\"text-decoration: underline;\">csak<\/span> <span style=\"text-decoration: underline;\">kedden<\/span> \u00e9s <span style=\"text-decoration: underline;\">cs\u00fct\u00f6rt\u00f6k\u00f6n<\/span>, a szokott id\u0151ben.<\/li>\n\n\n\n<li>A heti <strong>miserend<\/strong> is elt\u00e9r a megszokott\u00f3l a t\u00e1bor miatt: <span style=\"text-decoration: underline;\">szerd\u00e1n<\/span> 15:15-kor, <span style=\"text-decoration: underline;\">p\u00e9nteken<\/span> 16:30-kor kezd\u0151dik a szentmise a pl\u00e9b\u00e1niatemplomban, ut\u00f3bbi lesz egyben a <strong>t\u00e1borz\u00e1r\u00f3<\/strong> szentmise.<\/li>\n\n\n\n<li>Albert Csaba, Amszterdamban tanul\u00f3 orgonista ad <strong>koncert<\/strong>et a pl\u00e9b\u00e1niatemplomban <span style=\"text-decoration: underline;\">p\u00e9nteken<\/span> 19:00-kor. A bel\u00e9p\u00e9s ingyenes, a hallgat\u00f3k adom\u00e1nyaikkal t\u00e1mogathatj\u00e1k Albert Csaba tanulm\u00e1nyait.<\/li>\n\n\n\n<li>A szeptemberben indul\u00f3 <strong>els\u0151\u00e1ldoz\u00e1si \u00e9s b\u00e9rm\u00e1l\u00e1si felk\u00e9sz\u00edt\u0151<\/strong>re a honlapunkon lehet jelentkezni. A jelentkez\u00e9si fel\u00fcleten m\u00e1r l\u00e1that\u00f3 a felk\u00e9sz\u00edt\u0151 \u00f6sszes id\u0151pontja.<\/li>\n\n\n\n<li>A szeptemberi <strong>KATT\u00c1RS<\/strong> (Katolikus T\u00e1rsadalmi Napok) esem\u00e9nyeir\u0151l sz\u00f3r\u00f3lap vihet\u0151 a templomb\u00f3l. Tov\u00e1bbi inform\u00e1ci\u00f3k a <a href=\"http:\/\/kaposvar.kattars.hu\">kaposvar.kattars.hu<\/a> oldalon tal\u00e1lhat\u00f3k, ott lehet jelentkezni az egyh\u00e1zmegyei gy\u0171jt\u0151buszra \u00e9s a regisztr\u00e1ci\u00f3hoz k\u00f6t\u00f6tt programokra is. Szeretettel aj\u00e1nljuk!<\/li>\n<\/ol>\n\n\n\n<p><\/p>\n","protected":false},"excerpt":{"rendered":"<p>\u00c9vk\u00f6zi 15. vas\u00e1rnap &#8211; olvasm\u00e1nyok<\/p>\n","protected":false},"author":1,"featured_media":0,"comment_status":"closed","ping_status":"open","sticky":false,"template":"","format":"standard","meta":{"footnotes":""},"categories":[3],"tags":[],"class_list":["post-8104","post","type-post","status-publish","format-standard","hentry","category-hirdetesek"],"_links":{"self":[{"href":"https:\/\/marcali.plebania.hu\/index.php?rest_route=\/wp\/v2\/posts\/8104","targetHints":{"allow":["GET"]}}],"collection":[{"href":"https:\/\/marcali.plebania.hu\/index.php?rest_route=\/wp\/v2\/posts"}],"about":[{"href":"https:\/\/marcali.plebania.hu\/index.php?rest_route=\/wp\/v2\/types\/post"}],"author":[{"embeddable":true,"href":"https:\/\/marcali.plebania.hu\/index.php?rest_route=\/wp\/v2\/users\/1"}],"replies":[{"embeddable":true,"href":"https:\/\/marcali.plebania.hu\/index.php?rest_route=%2Fwp%2Fv2%2Fcomments&post=8104"}],"version-history":[{"count":2,"href":"https:\/\/marcali.plebania.hu\/index.php?rest_route=\/wp\/v2\/posts\/8104\/revisions"}],"predecessor-version":[{"id":8106,"href":"https:\/\/marcali.plebania.hu\/index.php?rest_route=\/wp\/v2\/posts\/8104\/revisions\/8106"}],"wp:attachment":[{"href":"https:\/\/marcali.plebania.hu\/index.php?rest_route=%2Fwp%2Fv2%2Fmedia&parent=8104"}],"wp:term":[{"taxonomy":"category","embeddable":true,"href":"https:\/\/marcali.plebania.hu\/index.php?rest_route=%2Fwp%2Fv2%2Fcategories&post=8104"},{"taxonomy":"post_tag","embeddable":true,"href":"https:\/\/marcali.plebania.hu\/index.php?rest_route=%2Fwp%2Fv2%2Ftags&post=8104"}],"curies":[{"name":"wp","href":"https:\/\/api.w.org\/{rel}","templated":true}]}}