{"id":8108,"date":"2026-07-20T07:37:54","date_gmt":"2026-07-20T07:37:54","guid":{"rendered":"https:\/\/marcali.plebania.hu\/?p=8108"},"modified":"2026-07-20T07:37:54","modified_gmt":"2026-07-20T07:37:54","slug":"hirdetesek-2026-julius-19-en","status":"publish","type":"post","link":"https:\/\/marcali.plebania.hu\/?p=8108","title":{"rendered":"Hirdet\u00e9sek 2026. j\u00falius 19-\u00e9n"},"content":{"rendered":"\n<p><a href=\"https:\/\/igenaptar.katolikus.hu\/nap\/index.php?holnap=2026-07-19\" target=\"_blank\" rel=\"noreferrer noopener\"><u>\u00c9vk\u00f6zi 16. vas\u00e1rnap<\/u><\/a><\/p>\n\n\n\n<ol start=\"1\" class=\"wp-block-list\">\n<li>K\u00f6sz\u00f6nj\u00fck a pl\u00e9b\u00e1niai napk\u00f6zis t\u00e1borban val\u00f3 r\u00e9szv\u00e9telt \u00e9s minden seg\u00edts\u00e9get, t\u00e1mogat\u00e1st: el\u0151k\u00e9sz\u00edt\u00e9st, szervez\u00e9st, felaj\u00e1nl\u00e1sokat (pl. gy\u00fcm\u00f6lcs, m\u00e9z, fagylalt, utaz\u00e1s).<\/li>\n\n\n\n<li><span style=\"text-decoration: underline;\">Ma<\/span> este (j\u00fal. 19.) az \u00e9rdekl\u0151d\u0151kkel k\u00f6z\u00f6sen n\u00e9zz\u00fck meg a foci-vb d\u00f6nt\u0151j\u00e9t. F\u00e9l 9 k\u00f6r\u00fcl m\u00e1r lehet \u00e9rkezni a pl\u00e9b\u00e1ni\u00e1ra.<\/li>\n\n\n\n<li>A j\u00f6v\u0151 vas\u00e1rnapi szentmis\u00e9k ut\u00e1n lesz a <strong>g\u00e9pj\u00e1rm\u0171vek meg\u00e1ld\u00e1sa<\/strong>.<\/li>\n<\/ol>\n","protected":false},"excerpt":{"rendered":"<p>\u00c9vk\u00f6zi 16. vas\u00e1rnap<\/p>\n","protected":false},"author":1,"featured_media":0,"comment_status":"closed","ping_status":"open","sticky":false,"template":"","format":"standard","meta":{"footnotes":""},"categories":[3],"tags":[],"class_list":["post-8108","post","type-post","status-publish","format-standard","hentry","category-hirdetesek"],"_links":{"self":[{"href":"https:\/\/marcali.plebania.hu\/index.php?rest_route=\/wp\/v2\/posts\/8108","targetHints":{"allow":["GET"]}}],"collection":[{"href":"https:\/\/marcali.plebania.hu\/index.php?rest_route=\/wp\/v2\/posts"}],"about":[{"href":"https:\/\/marcali.plebania.hu\/index.php?rest_route=\/wp\/v2\/types\/post"}],"author":[{"embeddable":true,"href":"https:\/\/marcali.plebania.hu\/index.php?rest_route=\/wp\/v2\/users\/1"}],"replies":[{"embeddable":true,"href":"https:\/\/marcali.plebania.hu\/index.php?rest_route=%2Fwp%2Fv2%2Fcomments&post=8108"}],"version-history":[{"count":1,"href":"https:\/\/marcali.plebania.hu\/index.php?rest_route=\/wp\/v2\/posts\/8108\/revisions"}],"predecessor-version":[{"id":8109,"href":"https:\/\/marcali.plebania.hu\/index.php?rest_route=\/wp\/v2\/posts\/8108\/revisions\/8109"}],"wp:attachment":[{"href":"https:\/\/marcali.plebania.hu\/index.php?rest_route=%2Fwp%2Fv2%2Fmedia&parent=8108"}],"wp:term":[{"taxonomy":"category","embeddable":true,"href":"https:\/\/marcali.plebania.hu\/index.php?rest_route=%2Fwp%2Fv2%2Fcategories&post=8108"},{"taxonomy":"post_tag","embeddable":true,"href":"https:\/\/marcali.plebania.hu\/index.php?rest_route=%2Fwp%2Fv2%2Ftags&post=8108"}],"curies":[{"name":"wp","href":"https:\/\/api.w.org\/{rel}","templated":true}]}}