{"id":8110,"date":"2026-07-25T19:50:38","date_gmt":"2026-07-25T19:50:38","guid":{"rendered":"https:\/\/marcali.plebania.hu\/?p=8110"},"modified":"2026-07-25T19:51:12","modified_gmt":"2026-07-25T19:51:12","slug":"hirdetesek-2026-julius-26-an","status":"publish","type":"post","link":"https:\/\/marcali.plebania.hu\/?p=8110","title":{"rendered":"Hirdet\u00e9sek 2026. j\u00falius 26-\u00e1n"},"content":{"rendered":"\n<p><a href=\"https:\/\/igenaptar.katolikus.hu\/nap\/index.php?holnap=2026-07-26\" target=\"_blank\" rel=\"noreferrer noopener\"><u>\u00c9vk\u00f6zi 17. vas\u00e1rnap<\/u><\/a><\/p>\n\n\n\n<ol start=\"1\" class=\"wp-block-list\">\n<li>A vas\u00e1rnapi szentmis\u00e9k ut\u00e1n lesz a <strong>g\u00e9pj\u00e1rm\u0171vek meg\u00e1ld\u00e1sa<\/strong>.<\/li>\n\n\n\n<li>Az <strong>els\u0151 szombati ima\u00f3ra<\/strong> a szombati esk\u00fcv\u0151 miatt <span style=\"text-decoration: underline;\">p\u00e9nteken<\/span> 16:30-kor kezd\u0151dik a pl\u00e9b\u00e1niatemplomban.<\/li>\n\n\n\n<li>A szeptemberben indul\u00f3 <strong>els\u0151\u00e1ldoz\u00e1si \u00e9s b\u00e9rm\u00e1l\u00e1si felk\u00e9sz\u00edt\u0151<\/strong>re a <a href=\"https:\/\/marcali.plebania.hu\/index.php\/2025\/05\/10\/jelentkezes-a-kozelgo-plebaniai-programokra\/\">honlapunkon<\/a> lehet jelentkezni. A jelentkez\u00e9si fel\u00fcleten m\u00e1r l\u00e1that\u00f3 a felk\u00e9sz\u00edt\u0151 \u00f6sszes id\u0151pontja.<\/li>\n\n\n\n<li>A szeptemberi KATT\u00c1RS (Katolikus T\u00e1rsadalmi Napok) esem\u00e9nyeir\u0151l sz\u00f3r\u00f3lap vihet\u0151 a templomb\u00f3l. Tov\u00e1bbi inform\u00e1ci\u00f3k a <a href=\"http:\/\/kaposvar.kattars.hu\">kaposvar.kattars.hu<\/a> oldalon tal\u00e1lhat\u00f3k, ott lehet jelentkezni az egyh\u00e1zmegyei gy\u0171jt\u0151buszra \u00e9s a regisztr\u00e1ci\u00f3hoz k\u00f6t\u00f6tt programokra is. Szeretettel aj\u00e1nljuk!<\/li>\n\n\n\n<li>A K\u00c9SZ Marcali Csoportja szeptember 26-\u00e1n (szombaton) <strong>zar\u00e1ndoklat<\/strong>ot szervez Bakonyb\u00e9l-Pannonhalma \u00fati c\u00e9lokkal, melyre b\u00e1rki jelentkezhet. A k\u00f6lts\u00e9gek: 15.000 Ft\/f\u0151, a K\u00c9SZ tagoknak 10.000 Ft. Jelentkezni S\u00e1voly Andre\u00e1n\u00e1l, Kiss K\u00e1lm\u00e1nn\u00e1l, vagy a Marcali pl\u00e9b\u00e1ni\u00e1n lehet irodaid\u0151ben.<\/li>\n<\/ol>\n\n\n\n<p><\/p>\n","protected":false},"excerpt":{"rendered":"<p>\u00c9vk\u00f6zi 17. vas\u00e1rnap<\/p>\n","protected":false},"author":1,"featured_media":0,"comment_status":"closed","ping_status":"open","sticky":false,"template":"","format":"standard","meta":{"footnotes":""},"categories":[3],"tags":[],"class_list":["post-8110","post","type-post","status-publish","format-standard","hentry","category-hirdetesek"],"_links":{"self":[{"href":"https:\/\/marcali.plebania.hu\/index.php?rest_route=\/wp\/v2\/posts\/8110","targetHints":{"allow":["GET"]}}],"collection":[{"href":"https:\/\/marcali.plebania.hu\/index.php?rest_route=\/wp\/v2\/posts"}],"about":[{"href":"https:\/\/marcali.plebania.hu\/index.php?rest_route=\/wp\/v2\/types\/post"}],"author":[{"embeddable":true,"href":"https:\/\/marcali.plebania.hu\/index.php?rest_route=\/wp\/v2\/users\/1"}],"replies":[{"embeddable":true,"href":"https:\/\/marcali.plebania.hu\/index.php?rest_route=%2Fwp%2Fv2%2Fcomments&post=8110"}],"version-history":[{"count":3,"href":"https:\/\/marcali.plebania.hu\/index.php?rest_route=\/wp\/v2\/posts\/8110\/revisions"}],"predecessor-version":[{"id":8115,"href":"https:\/\/marcali.plebania.hu\/index.php?rest_route=\/wp\/v2\/posts\/8110\/revisions\/8115"}],"wp:attachment":[{"href":"https:\/\/marcali.plebania.hu\/index.php?rest_route=%2Fwp%2Fv2%2Fmedia&parent=8110"}],"wp:term":[{"taxonomy":"category","embeddable":true,"href":"https:\/\/marcali.plebania.hu\/index.php?rest_route=%2Fwp%2Fv2%2Fcategories&post=8110"},{"taxonomy":"post_tag","embeddable":true,"href":"https:\/\/marcali.plebania.hu\/index.php?rest_route=%2Fwp%2Fv2%2Ftags&post=8110"}],"curies":[{"name":"wp","href":"https:\/\/api.w.org\/{rel}","templated":true}]}}