{"id":8117,"date":"2026-08-02T14:43:48","date_gmt":"2026-08-02T14:43:48","guid":{"rendered":"https:\/\/marcali.plebania.hu\/?p=8117"},"modified":"2026-08-02T14:44:01","modified_gmt":"2026-08-02T14:44:01","slug":"hirdetesek-2026-augusztus-2-an","status":"publish","type":"post","link":"https:\/\/marcali.plebania.hu\/?p=8117","title":{"rendered":"Hirdet\u00e9sek 2026. augusztus 2-\u00e1n"},"content":{"rendered":"\n<p><a href=\"https:\/\/igenaptar.katolikus.hu\/nap\/index.php?holnap=2026-08-02\" target=\"_blank\" rel=\"noreferrer noopener\"><u>\u00c9vk\u00f6zi 18. vas\u00e1rnap<\/u><\/a><\/p>\n\n\n\n<ol start=\"1\" class=\"wp-block-list\">\n<li>A szeptemberben indul\u00f3 <strong>els\u0151\u00e1ldoz\u00e1si \u00e9s b\u00e9rm\u00e1l\u00e1si felk\u00e9sz\u00edt\u0151<\/strong>re a <a href=\"https:\/\/forms.gle\/Ghsz8iLpbB9WUinL8\" target=\"_blank\" rel=\"noreferrer noopener\"><em>IDE KATTINTVA<\/em><\/a> lehet jelentkezni. A jelentkez\u00e9si fel\u00fcleten m\u00e1r l\u00e1that\u00f3 a felk\u00e9sz\u00edt\u0151 \u00f6sszes id\u0151pontja.<\/li>\n\n\n\n<li>A szeptemberi KATT\u00c1RS (Katolikus T\u00e1rsadalmi Napok) esem\u00e9nyeir\u0151l sz\u00f3r\u00f3lap vihet\u0151 a templomb\u00f3l. Tov\u00e1bbi inform\u00e1ci\u00f3k a <a href=\"http:\/\/kaposvar.kattars.hu\" target=\"_blank\" rel=\"noreferrer noopener\"><u>kaposvar.kattars.hu<\/u><\/a> oldalon tal\u00e1lhat\u00f3k, ott lehet jelentkezni az egyh\u00e1zmegyei gy\u0171jt\u0151buszra \u00e9s a regisztr\u00e1ci\u00f3hoz k\u00f6t\u00f6tt programokra is. Szeretettel aj\u00e1nljuk!<\/li>\n\n\n\n<li>A K\u00c9SZ Marcali Csoportja szeptember 26-\u00e1n (szombaton) <strong>zar\u00e1ndoklat<\/strong>ot szervez Bakonyb\u00e9l-Pannonhalma \u00fati c\u00e9lokkal, melyre b\u00e1rki jelentkezhet. A k\u00f6lts\u00e9gek: 15.000 Ft\/f\u0151, a K\u00c9SZ tagoknak 10.000 Ft. Jelentkezni S\u00e1voly Andre\u00e1n\u00e1l, Kiss K\u00e1lm\u00e1nn\u00e1l, vagy a pl\u00e9b\u00e1ni\u00e1n lehet irodaid\u0151ben.<\/li>\n<\/ol>\n\n\n\n<p><\/p>\n","protected":false},"excerpt":{"rendered":"<p>\u00c9vk\u00f6zi 18. vas\u00e1rnap<\/p>\n","protected":false},"author":1,"featured_media":0,"comment_status":"closed","ping_status":"open","sticky":false,"template":"","format":"standard","meta":{"footnotes":""},"categories":[3],"tags":[],"class_list":["post-8117","post","type-post","status-publish","format-standard","hentry","category-hirdetesek"],"_links":{"self":[{"href":"https:\/\/marcali.plebania.hu\/index.php?rest_route=\/wp\/v2\/posts\/8117","targetHints":{"allow":["GET"]}}],"collection":[{"href":"https:\/\/marcali.plebania.hu\/index.php?rest_route=\/wp\/v2\/posts"}],"about":[{"href":"https:\/\/marcali.plebania.hu\/index.php?rest_route=\/wp\/v2\/types\/post"}],"author":[{"embeddable":true,"href":"https:\/\/marcali.plebania.hu\/index.php?rest_route=\/wp\/v2\/users\/1"}],"replies":[{"embeddable":true,"href":"https:\/\/marcali.plebania.hu\/index.php?rest_route=%2Fwp%2Fv2%2Fcomments&post=8117"}],"version-history":[{"count":2,"href":"https:\/\/marcali.plebania.hu\/index.php?rest_route=\/wp\/v2\/posts\/8117\/revisions"}],"predecessor-version":[{"id":8119,"href":"https:\/\/marcali.plebania.hu\/index.php?rest_route=\/wp\/v2\/posts\/8117\/revisions\/8119"}],"wp:attachment":[{"href":"https:\/\/marcali.plebania.hu\/index.php?rest_route=%2Fwp%2Fv2%2Fmedia&parent=8117"}],"wp:term":[{"taxonomy":"category","embeddable":true,"href":"https:\/\/marcali.plebania.hu\/index.php?rest_route=%2Fwp%2Fv2%2Fcategories&post=8117"},{"taxonomy":"post_tag","embeddable":true,"href":"https:\/\/marcali.plebania.hu\/index.php?rest_route=%2Fwp%2Fv2%2Ftags&post=8117"}],"curies":[{"name":"wp","href":"https:\/\/api.w.org\/{rel}","templated":true}]}}