{"id":8120,"date":"2026-08-08T22:16:42","date_gmt":"2026-08-08T22:16:42","guid":{"rendered":"https:\/\/marcali.plebania.hu\/?p=8120"},"modified":"2026-08-08T22:16:42","modified_gmt":"2026-08-08T22:16:42","slug":"hirdetesek-2026-augusztus-9-en","status":"publish","type":"post","link":"https:\/\/marcali.plebania.hu\/?p=8120","title":{"rendered":"Hirdet\u00e9sek 2026. augusztus 9-\u00e9n"},"content":{"rendered":"\n<p><a href=\"https:\/\/igenaptar.katolikus.hu\/nap\/index.php?holnap=2026-08-19\" target=\"_blank\" rel=\"noreferrer noopener\"><u>\u00c9vk\u00f6zi 19. vas\u00e1rnap &#8211; olvasm\u00e1nyok<\/u><\/a><\/p>\n\n\n\n<ol start=\"1\" class=\"wp-block-list\">\n<li>A <strong>fatimai ima\u00f3ra <\/strong>cs\u00fct\u00f6rt\u00f6k\u00f6n 16:30-kor kezd\u0151dik a pl\u00e9b\u00e1niatemplomban.<\/li>\n\n\n\n<li>Az <strong>els\u0151p\u00e9ntekesek<\/strong> megl\u00e1togat\u00e1sa ezen a h\u00e9ten lesz, p\u00e9ntek d\u00e9lel\u0151tt.<\/li>\n\n\n\n<li>J\u00f6v\u0151 <span style=\"text-decoration: underline;\">vas\u00e1rnap<\/span> nem lesz szentmise 11 \u00f3rakor.<\/li>\n\n\n\n<li><span style=\"text-decoration: underline;\">Szombaton<\/span> (aug. 15-\u00e9n) \u00fcnnepelj\u00fck Sz\u0171z M\u00e1ria mennybev\u00e9tel\u00e9t. <strong>Nagyboldogasszony \u00fcnnepe<\/strong> a vas\u00e1rnappal egyenrang\u00fa, parancsolt \u00fcnnep\u00fcnk. A p\u00e9ntek esti mise is m\u00e1r ehhez az \u00fcnnephez tartozik.<\/li>\n\n\n\n<li><span style=\"text-decoration: underline;\">Augusztus 20-\u00e1n<\/span>, <strong>Szent Istv\u00e1n kir\u00e1ly f\u0151\u00fcnnep\u00e9n<\/strong> 9 \u00f3rakor \u00fcnnepl\u00fcnk szentmis\u00e9t a pl\u00e9b\u00e1niatemplomban.<\/li>\n\n\n\n<li>A szeptemberben indul\u00f3 <strong>els\u0151\u00e1ldoz\u00e1si \u00e9s b\u00e9rm\u00e1l\u00e1si felk\u00e9sz\u00edt\u0151<\/strong>re a <a href=\"https:\/\/forms.gle\/Ghsz8iLpbB9WUinL8\" target=\"_blank\" rel=\"noreferrer noopener\"><u><em>ide kattintva<\/em><\/u><\/a> lehet jelentkezni.<\/li>\n\n\n\n<li>A KATT\u00c1RS (Katolikus T\u00e1rsadalmi Napok, szept. 18-20.) programjaira \u00e9s a Marcaliban is meg\u00e1ll\u00f3 gy\u0171jt\u0151buszra a <a href=\"http:\/\/kaposvar.kattars.hu\" target=\"_blank\" rel=\"noreferrer noopener\"><u>kaposvar.kattars.hu<\/u><\/a> oldalon lehet jelentkezni.<\/li>\n\n\n\n<li>A <strong>K\u00c9SZ<\/strong> Marcali Csoportja <span style=\"text-decoration: underline;\">szeptember 26-\u00e1n<\/span> (szombaton) <strong>zar\u00e1ndoklat<\/strong>ot szervez Bakonyb\u00e9l-Pannonhalma \u00fati c\u00e9lokkal, melyre b\u00e1rki jelentkezhet. A r\u00e9szletekr\u0151l \u00e9rdekl\u0151dni \u00e9s jelentkezni S\u00e1voly Andre\u00e1n\u00e1l, Kiss K\u00e1lm\u00e1nn\u00e1l, vagy a Marcali pl\u00e9b\u00e1ni\u00e1n lehet irodaid\u0151ben.<\/li>\n<\/ol>\n\n\n\n<p><\/p>\n","protected":false},"excerpt":{"rendered":"<p>\u00c9vk\u00f6zi 19. vas\u00e1rnap &#8211; olvasm\u00e1nyok<\/p>\n","protected":false},"author":1,"featured_media":0,"comment_status":"closed","ping_status":"open","sticky":false,"template":"","format":"standard","meta":{"footnotes":""},"categories":[3],"tags":[],"class_list":["post-8120","post","type-post","status-publish","format-standard","hentry","category-hirdetesek"],"_links":{"self":[{"href":"https:\/\/marcali.plebania.hu\/index.php?rest_route=\/wp\/v2\/posts\/8120","targetHints":{"allow":["GET"]}}],"collection":[{"href":"https:\/\/marcali.plebania.hu\/index.php?rest_route=\/wp\/v2\/posts"}],"about":[{"href":"https:\/\/marcali.plebania.hu\/index.php?rest_route=\/wp\/v2\/types\/post"}],"author":[{"embeddable":true,"href":"https:\/\/marcali.plebania.hu\/index.php?rest_route=\/wp\/v2\/users\/1"}],"replies":[{"embeddable":true,"href":"https:\/\/marcali.plebania.hu\/index.php?rest_route=%2Fwp%2Fv2%2Fcomments&post=8120"}],"version-history":[{"count":1,"href":"https:\/\/marcali.plebania.hu\/index.php?rest_route=\/wp\/v2\/posts\/8120\/revisions"}],"predecessor-version":[{"id":8121,"href":"https:\/\/marcali.plebania.hu\/index.php?rest_route=\/wp\/v2\/posts\/8120\/revisions\/8121"}],"wp:attachment":[{"href":"https:\/\/marcali.plebania.hu\/index.php?rest_route=%2Fwp%2Fv2%2Fmedia&parent=8120"}],"wp:term":[{"taxonomy":"category","embeddable":true,"href":"https:\/\/marcali.plebania.hu\/index.php?rest_route=%2Fwp%2Fv2%2Fcategories&post=8120"},{"taxonomy":"post_tag","embeddable":true,"href":"https:\/\/marcali.plebania.hu\/index.php?rest_route=%2Fwp%2Fv2%2Ftags&post=8120"}],"curies":[{"name":"wp","href":"https:\/\/api.w.org\/{rel}","templated":true}]}}