{"id":8149,"date":"2026-09-05T10:48:31","date_gmt":"2026-09-05T10:48:31","guid":{"rendered":"https:\/\/marcali.plebania.hu\/?p=8149"},"modified":"2026-09-05T10:54:17","modified_gmt":"2026-09-05T10:54:17","slug":"hirdetesek-2026-augusztus-23-an","status":"publish","type":"post","link":"https:\/\/marcali.plebania.hu\/?p=8149","title":{"rendered":"Hirdet\u00e9sek 2026. augusztus 23-\u00e1n"},"content":{"rendered":"\n<p><a href=\"https:\/\/igenaptar.katolikus.hu\/nap\/index.php?holnap=2026-08-23\"><em>\u00c9vk\u00f6zi 21. vas\u00e1rnap<\/em> &#8211; olvasm\u00e1nyok<\/a><\/p>\n\n\n\n<ol class=\"wp-block-list\">\n<li>K\u00f6sz\u00f6nj\u00fck az augusztus 20-i \u00fcnneps\u00e9g el\u0151k\u00e9sz\u00edt\u00e9s\u00e9be \u00e9s az \u00fcnneps\u00e9gbe val\u00f3 bekapcsol\u00f3d\u00e1st: a b\u00faz\u00e1t a K\u00e9thelyi Gazdak\u00f6r\u00f6knek, a keny\u00e9r megs\u00fct\u00e9s\u00e9t a Tak\u00e1cs S\u00fct\u00f6d\u00e9nek, a t\u00f6bbi keny\u00e9r-felaj\u00e1nl\u00e1st, a templom el\u0151k\u00e9sz\u00edt\u00e9s\u00e9t \u00e9s d\u00edsz\u00edt\u00e9s\u00e9t az \u00fcnnepre, a szentmis\u00e9n val\u00f3 szolg\u00e1latot \u00e9s jelenl\u00e9tet, valamint Polg\u00e1rmester \u00darnak a keny\u00e9r megszeg\u00e9s\u00e9t.<br><\/li>\n\n\n\n<li>Az \u00faj tan\u00e9v k\u00f6zeledt\u00e9vel szeretettel aj\u00e1nljuk a k\u00fcl\u00f6nf\u00e9le <strong>lehet\u0151s\u00e9gek<\/strong>et <strong>a hit\u00e9letben val\u00f3 elm\u00e9ly\u00fcl\u00e9sre <\/strong>(a r\u00e9szleteket a k\u00f6vetkez\u0151 vas\u00e1rnapokon hirdetj\u00fck):\n<ul class=\"wp-block-list\">\n<li>az el\u0151z\u0151 tan\u00e9vben az \u00f6nkorm\u00e1nyzat, az \u00f3vod\u00e1k, az \u00f3vodapedag\u00f3gusok \u00e9s a sz\u00fcl\u0151k t\u00e1mogat\u00e1s\u00e1nak \u00e9s bizalm\u00e1nak k\u00f6sz\u00f6nhet\u0151en elindult az <em>\u00f3vodai fakultat\u00edv hittan<\/em>, ez id\u00e9n folytat\u00f3dik.<\/li>\n\n\n\n<li>Az <em>iskolai hit- \u00e9s erk\u00f6lcstan<\/em> az el\u0151\u00edrt tanterv szerint pr\u00f3b\u00e1lja megtan\u00edtani azt az ismeretet, ami a hit\u00fcnkh\u00f6z tartozik. \u00a0<\/li>\n\n\n\n<li>Emellett, att\u00f3l f\u00fcggetlen\u00fcl a <em>pl\u00e9b\u00e1ni\u00e1n is<\/em> ind\u00edtunk hittant als\u00f3soknak \u00e9s fels\u0151s\u00f6knek, erre b\u00e1rki jelentkezhet, aki szeretne, ak\u00e1r j\u00e1r iskolai hittanra, ak\u00e1r nem. Itt az iskolai tananyag, hit\u00fcnk ismerete helyett, pontosabban azt kieg\u00e9sz\u00edtve a hit k\u00f6z\u00f6ss\u00e9gi \u00e9s gyakorlati meg\u00e9l\u00e9se a hangs\u00falyos. Erre szeretettel h\u00edvjuk azokat is, akik most ismerkedn\u00e9nek meg hit\u00fcnkkel.<\/li>\n\n\n\n<li>Az <em>els\u0151\u00e1ldoz\u00e1s <\/em>\u00e9s a<em> b\u00e9rm\u00e1l\u00e1s<\/em> a hitben val\u00f3 komolyabb elk\u00f6telez\u0151d\u00e9st felt\u00e9telezi, ezekre k\u00fcl\u00f6n <em>felk\u00e9sz\u00edt\u0151t<\/em> ind\u00edtunk szeptemberben, amit az iskolai hittan nem helyettes\u00edt. Ahogy azt m\u00e1r az el\u0151z\u0151 tan\u00e9v v\u00e9g\u00e9n meghirdett\u00fck, a di\u00e1kokkal \u00e9s sz\u00fcleikkel k\u00f6z\u00f6sen k\u00e9sz\u00fcl\u00fcnk a szents\u00e9g felv\u00e9tel\u00e9re. A r\u00e9szletek a <a href=\"https:\/\/forms.gle\/Ghsz8iLpbB9WUinL8\" target=\"_blank\" rel=\"noreferrer noopener\">jelentkez\u00e9si lapon<\/a> tal\u00e1lhat\u00f3k.<\/li>\n<\/ul>\n<\/li>\n\n\n\n<li>A <em>feln\u0151tt<\/em> \u00e9rdekl\u0151d\u0151k sz\u00e1m\u00e1ra is indul k\u00fcl\u00f6n <em>hittan \u00e9s szents\u00e9gi felk\u00e9sz\u00edt\u0151<\/em> a pl\u00e9b\u00e1ni\u00e1n. &nbsp;<br><\/li>\n\n\n\n<li>A <strong>lelki adopt\u00e1l\u00f3k tal\u00e1lkoz\u00f3ja <\/strong>szerd\u00e1n 17:00-kor kezd\u0151dik a pl\u00e9b\u00e1niatemplomban.<br><\/li>\n\n\n\n<li>A tan\u00e9v kezdete el\u0151tt, szombaton (aug.29.) az esti mise ut\u00e1n az \u00d6r\u00f6mforr\u00e1s zenekar vezet\u00e9s\u00e9vel <strong>git\u00e1ros \u00e9nekes szents\u00e9gim\u00e1d\u00e1sra<\/strong> h\u00edvunk mindenkit, aki sz\u00edvesen im\u00e1dkozik \u00edgy a gyermekek\u00e9rt, fiatalok\u00e9rt, sz\u00fcl\u0151k\u00e9rt, nagysz\u00fcl\u0151k\u00e9rt, pedag\u00f3gusok\u00e9rt, vezet\u0151k\u00e9rt.<br><\/li>\n\n\n\n<li>A kaposv\u00e1ri <strong>KATT\u00c1RS<\/strong> (Katolikus T\u00e1rsadalmi Napok, szept. 18-20.) programjaira \u00e9s a Marcaliban is meg\u00e1ll\u00f3 gy\u0171jt\u0151buszra a <a href=\"http:\/\/kaposvar.kattars.hu\" target=\"_blank\" rel=\"noreferrer noopener\">kaposvar.kattars.hu<\/a> oldalon lehet jelentkezni.<\/li>\n<\/ol>\n\n\n\n<p><\/p>\n","protected":false},"excerpt":{"rendered":"<p>\u00c9vk\u00f6zi 21. vas\u00e1rnap &#8211; olvasm\u00e1nyok<\/p>\n","protected":false},"author":1,"featured_media":0,"comment_status":"closed","ping_status":"open","sticky":false,"template":"","format":"standard","meta":{"footnotes":""},"categories":[3],"tags":[],"class_list":["post-8149","post","type-post","status-publish","format-standard","hentry","category-hirdetesek"],"_links":{"self":[{"href":"https:\/\/marcali.plebania.hu\/index.php?rest_route=\/wp\/v2\/posts\/8149","targetHints":{"allow":["GET"]}}],"collection":[{"href":"https:\/\/marcali.plebania.hu\/index.php?rest_route=\/wp\/v2\/posts"}],"about":[{"href":"https:\/\/marcali.plebania.hu\/index.php?rest_route=\/wp\/v2\/types\/post"}],"author":[{"embeddable":true,"href":"https:\/\/marcali.plebania.hu\/index.php?rest_route=\/wp\/v2\/users\/1"}],"replies":[{"embeddable":true,"href":"https:\/\/marcali.plebania.hu\/index.php?rest_route=%2Fwp%2Fv2%2Fcomments&post=8149"}],"version-history":[{"count":3,"href":"https:\/\/marcali.plebania.hu\/index.php?rest_route=\/wp\/v2\/posts\/8149\/revisions"}],"predecessor-version":[{"id":8152,"href":"https:\/\/marcali.plebania.hu\/index.php?rest_route=\/wp\/v2\/posts\/8149\/revisions\/8152"}],"wp:attachment":[{"href":"https:\/\/marcali.plebania.hu\/index.php?rest_route=%2Fwp%2Fv2%2Fmedia&parent=8149"}],"wp:term":[{"taxonomy":"category","embeddable":true,"href":"https:\/\/marcali.plebania.hu\/index.php?rest_route=%2Fwp%2Fv2%2Fcategories&post=8149"},{"taxonomy":"post_tag","embeddable":true,"href":"https:\/\/marcali.plebania.hu\/index.php?rest_route=%2Fwp%2Fv2%2Ftags&post=8149"}],"curies":[{"name":"wp","href":"https:\/\/api.w.org\/{rel}","templated":true}]}}