{"id":8157,"date":"2026-09-05T21:22:36","date_gmt":"2026-09-05T21:22:36","guid":{"rendered":"https:\/\/marcali.plebania.hu\/?p=8157"},"modified":"2026-09-05T21:48:28","modified_gmt":"2026-09-05T21:48:28","slug":"hirdetesek-2026-szeptember-6-an","status":"publish","type":"post","link":"https:\/\/marcali.plebania.hu\/?p=8157","title":{"rendered":"Hirdet\u00e9sek 2026. szeptember 6-\u00e1n"},"content":{"rendered":"\n<p><a href=\"https:\/\/igenaptar.katolikus.hu\/nap\/index.php?holnap=2026-09-06\" target=\"_blank\" rel=\"noreferrer noopener\"><em>\u00c9vk\u00f6zi 23. vas\u00e1rnap<\/em> \u2013 olvasm\u00e1nyok<\/a><\/p>\n\n\n\n<ol class=\"wp-block-list\">\n<li>K\u00f6sz\u00f6nj\u00fck a bekapcsol\u00f3d\u00e1st a m\u00falt szombati <strong>zen\u00e9s szents\u00e9gim\u00e1d\u00e1s<\/strong>ba. Ilyen jelleg\u0171 szents\u00e9gim\u00e1d\u00e1s legk\u00f6zelebb okt\u00f3ber 10-\u00e9n lesz, az \u00d6r\u00f6mforr\u00e1s zenekar k\u00f6zrem\u0171k\u00f6d\u00e9s\u00e9vel.<br><\/li>\n\n\n\n<li>Az <em>\u00f3vodai \u00e9s iskolai hittan<\/em> mellett, att\u00f3l f\u00fcggetlen\u00fcl szeretettel aj\u00e1nljuk a k\u00fcl\u00f6nf\u00e9le <strong>lehet\u0151s\u00e9gek<\/strong>et <strong>a hit\u00e9letben val\u00f3 elm\u00e9ly\u00fcl\u00e9sre a pl\u00e9b\u00e1ni\u00e1n<\/strong>:\n<ol style=\"list-style-type:lower-alpha\" class=\"wp-block-list\">\n<li>Pl\u00e9b\u00e1niai hittan als\u00f3soknak \u00e9s fels\u0151s\u00f6knek. B\u00e1rki jelentkezhet, aki szeretne, ak\u00e1r j\u00e1r iskolai hittanra, ak\u00e1r nem. Itt a hit k\u00f6z\u00f6ss\u00e9gi \u00e9s gyakorlati meg\u00e9l\u00e9s\u00e9n van a hangs\u00faly. Erre szeretettel h\u00edvjuk azokat is, akik most ismerkedn\u00e9nek meg hit\u00fcnkkel.<\/li>\n\n\n\n<li>Az <em>els\u0151\u00e1ldoz\u00e1s <\/em>\u00e9s a<em> b\u00e9rm\u00e1l\u00e1s<\/em> a hitben val\u00f3 komolyabb elk\u00f6telez\u0151d\u00e9st felt\u00e9telezi. A di\u00e1kokkal \u00e9s sz\u00fcleikkel k\u00f6z\u00f6sen k\u00e9sz\u00fcl\u00fcnk a szents\u00e9g m\u00e9lt\u00f3 felv\u00e9tel\u00e9re.<br><br>A honlapunk (marcali.plebania.hu) tetej\u00e9n, a \u201e<a href=\"https:\/\/marcali.plebania.hu\/?p=7220\">Jelentkez\u00e9sek<\/a>\u201d oldalon el\u00e9rhet\u0151 a jelentkez\u00e9si fel\u00fclet mindegyik pl\u00e9b\u00e1niai hittanra.<br><\/li>\n<\/ol>\n<\/li>\n\n\n\n<li>J\u00f6v\u0151 <span style=\"text-decoration: underline;\">vas\u00e1rnap<\/span> a 9 \u00f3rai Veni Sancte <strong>tan\u00e9vkezd\u0151 szentmis\u00e9<\/strong>ben k\u00e9rj\u00fck a Szentl\u00e9lek seg\u00edts\u00e9g\u00e9t az \u00faj tan\u00e9vre \u00e9s ennek r\u00e9szek\u00e9nt meg\u00e1ldjuk az iskolat\u00e1sk\u00e1kat. Szeretettel h\u00edvjuk a di\u00e1kokat (iskolat\u00e1sk\u00e1jukkal egy\u00fctt), a sz\u00fcl\u0151ket, rokonokat, a pedag\u00f3gusokat \u00e9s k\u00f6z\u00f6ss\u00e9g\u00fcnk minden tagj\u00e1t. A tan\u00e9vkezd\u0151 mise ut\u00e1n <strong>sz\u00fcl\u0151i \u00e9rtekezlet<\/strong>et tartunk az els\u0151\u00e1ldoz\u00e1s ir\u00e1nt \u00e9rdekl\u0151d\u0151 csal\u00e1doknak a pl\u00e9b\u00e1ni\u00e1n.<\/li>\n<\/ol>\n\n\n\n<ol start=\"4\" class=\"wp-block-list\">\n<li>A <em><strong>feln\u0151tt<\/strong><\/em>\u00e9rdekl\u0151d\u0151k sz\u00e1m\u00e1ra is indul k\u00fcl\u00f6n <em>hittan \u00e9s szents\u00e9gi felk\u00e9sz\u00edt\u0151<\/em> a pl\u00e9b\u00e1ni\u00e1n: szeptember 16-t\u00f3l k\u00e9thetente az esti szentmise ut\u00e1ni \u00f3r\u00e1ban (kb. 18:00-t\u00f3l 19:00-ig).<br><\/li>\n\n\n\n<li>A <strong>F\u00e9rfi-k\u00f6r<\/strong> k\u00f6vetkez\u0151 tal\u00e1lkoz\u00f3ja <span style=\"text-decoration: underline;\">szerd\u00e1n<\/span> 18:00-kor kezd\u0151dik a pl\u00e9b\u00e1ni\u00e1n. Szeretettel v\u00e1rjuk a tagokat \u00e9s az \u00e9rdekl\u0151d\u0151 f\u00e9rfiakat minden m\u00e1sodik h\u00e9ten k\u00f6z\u00f6s im\u00e1ra, r\u00f6vid el\u0151ad\u00e1sra \u00e9s besz\u00e9lget\u00e9sre.<br><\/li>\n\n\n\n<li>A hit\u00e9leti programok mellett a k\u00f6vetkez\u0151 <strong>k\u00f6z\u00f6ss\u00e9gi programlehet\u0151s\u00e9gek<\/strong>et is k\u00edn\u00e1ljuk az \u00e9rdekl\u0151d\u0151knek, egyik sem verseny vagy komoly edz\u00e9s, hanem egy (vagy t\u00f6bb) kedves elfoglalts\u00e1gunk j\u00f3 hangulat\u00fa, k\u00f6z\u00f6ss\u00e9gben \u0171z\u00e9se a c\u00e9l: \u00edj\u00e1szat, pingpong, sakk \u00e9s egy\u00e9b t\u00e1rsasj\u00e1t\u00e9kok, valamint t\u00e1rsast\u00e1nc. Az \u00e9rdekl\u0151d\u0151k a honlapunkon jelentkezhetnek, vel\u00fck egyeztet\u00fcnk a programok id\u0151pontj\u00e1r\u00f3l.<br><\/li>\n\n\n\n<li>A <strong>Fatimai ima\u00f3ra<\/strong> <span style=\"text-decoration: underline;\">p\u00e9nteken<\/span> 16:30-kor kezd\u0151dik a pl\u00e9b\u00e1niatemplomban.<br><\/li>\n\n\n\n<li><span style=\"text-decoration: underline;\">Cs\u00fct\u00f6rt\u00f6k\u00f6n<\/span> kezd\u0151dik Kaposv\u00e1ron az idei <strong>KATT\u00c1RS<\/strong> (Katolikus T\u00e1rsadalmi Napok). A programok k\u00f6z\u00f6tt szerepel t\u00f6bbek k\u00f6z\u00f6tt: k\u00f6z\u00f6s im\u00e1ds\u00e1g, \u00fcnnepi szentmise, konferencia, koncertek, t\u00e1ncegy\u00fcttes el\u0151ad\u00e1sa, sport, lovagi bemutat\u00f3. R\u00e9szletes programterv a <a href=\"http:\/\/kaposvar.kattars.hu\/\"><u>kaposvar.kattars.hu<\/u><\/a> oldalon tal\u00e1lhat\u00f3. Ott lehet jelentkezni a szombati k\u00fcl\u00f6nbuszra is, ami 9:00 k\u00f6r\u00fcl fog indulni a H\u0151s\u00f6k ter\u00e9t\u0151l \u00e9s 18:30 k\u00f6r\u00fcl indul vissza Kaposv\u00e1rr\u00f3l. Az \u00fatik\u00f6lts\u00e9g oda-vissza 1000 Ft, 12 \u00e9v alatt ingyen lehet utazni. Az egy\u00e9ni jelentkez\u00e9s helyett, szerda d\u00e9lut\u00e1nig a pl\u00e9b\u00e1niai csoportos regisztr\u00e1ci\u00f3ra is lehet jelentkezni a sekresty\u00e9ben vagy az irod\u00e1n.<\/li>\n<\/ol>\n","protected":false},"excerpt":{"rendered":"<p>\u00c9vk\u00f6zi 23. vas\u00e1rnap \u2013 olvasm\u00e1nyok<\/p>\n","protected":false},"author":1,"featured_media":0,"comment_status":"closed","ping_status":"open","sticky":false,"template":"","format":"standard","meta":{"footnotes":""},"categories":[3],"tags":[],"class_list":["post-8157","post","type-post","status-publish","format-standard","hentry","category-hirdetesek"],"_links":{"self":[{"href":"https:\/\/marcali.plebania.hu\/index.php?rest_route=\/wp\/v2\/posts\/8157","targetHints":{"allow":["GET"]}}],"collection":[{"href":"https:\/\/marcali.plebania.hu\/index.php?rest_route=\/wp\/v2\/posts"}],"about":[{"href":"https:\/\/marcali.plebania.hu\/index.php?rest_route=\/wp\/v2\/types\/post"}],"author":[{"embeddable":true,"href":"https:\/\/marcali.plebania.hu\/index.php?rest_route=\/wp\/v2\/users\/1"}],"replies":[{"embeddable":true,"href":"https:\/\/marcali.plebania.hu\/index.php?rest_route=%2Fwp%2Fv2%2Fcomments&post=8157"}],"version-history":[{"count":3,"href":"https:\/\/marcali.plebania.hu\/index.php?rest_route=\/wp\/v2\/posts\/8157\/revisions"}],"predecessor-version":[{"id":8160,"href":"https:\/\/marcali.plebania.hu\/index.php?rest_route=\/wp\/v2\/posts\/8157\/revisions\/8160"}],"wp:attachment":[{"href":"https:\/\/marcali.plebania.hu\/index.php?rest_route=%2Fwp%2Fv2%2Fmedia&parent=8157"}],"wp:term":[{"taxonomy":"category","embeddable":true,"href":"https:\/\/marcali.plebania.hu\/index.php?rest_route=%2Fwp%2Fv2%2Fcategories&post=8157"},{"taxonomy":"post_tag","embeddable":true,"href":"https:\/\/marcali.plebania.hu\/index.php?rest_route=%2Fwp%2Fv2%2Ftags&post=8157"}],"curies":[{"name":"wp","href":"https:\/\/api.w.org\/{rel}","templated":true}]}}