{"id":829,"date":"2019-04-22T16:02:07","date_gmt":"2019-04-22T16:02:07","guid":{"rendered":"https:\/\/marcali.plebania.hu\/?p=829"},"modified":"2019-04-22T16:02:07","modified_gmt":"2019-04-22T16:02:07","slug":"etelszenteles-a-plebaniatemplomban","status":"publish","type":"post","link":"https:\/\/marcali.plebania.hu\/?p=829","title":{"rendered":"\u00c9telszentel\u00e9s a pl\u00e9b\u00e1niatemplomban"},"content":{"rendered":"\n<p>A r\u00e9gi szok\u00e1soknak megfelel\u0151en 2019. \u00e1prilis 21-\u00e9n 7 \u00f3rakor kezd\u0151d\u00f6tt a h\u00fasv\u00e9t reggeli \u00e9telszentel\u00e9si szentmise a Marcali Pl\u00e9b\u00e1niatemplomban.<\/p>\n\n\n\n<ul class=\"wp-block-gallery columns-3 is-cropped wp-block-gallery-1 is-layout-flex wp-block-gallery-is-layout-flex\"><li class=\"blocks-gallery-item\"><figure><img loading=\"lazy\" decoding=\"async\" width=\"1024\" height=\"683\" src=\"https:\/\/marcali.plebania.hu\/wp-content\/uploads\/2019\/04\/07-3-1024x683.jpg\" alt=\"\" data-id=\"830\" data-link=\"https:\/\/marcali.plebania.hu\/?attachment_id=830\" class=\"wp-image-830\" srcset=\"https:\/\/marcali.plebania.hu\/wp-content\/uploads\/2019\/04\/07-3-1024x683.jpg 1024w, https:\/\/marcali.plebania.hu\/wp-content\/uploads\/2019\/04\/07-3-300x200.jpg 300w, https:\/\/marcali.plebania.hu\/wp-content\/uploads\/2019\/04\/07-3-768x512.jpg 768w, https:\/\/marcali.plebania.hu\/wp-content\/uploads\/2019\/04\/07-3-405x270.jpg 405w\" sizes=\"auto, (max-width: 1024px) 100vw, 1024px\" \/><\/figure><\/li><li class=\"blocks-gallery-item\"><figure><img loading=\"lazy\" decoding=\"async\" width=\"1024\" height=\"683\" src=\"https:\/\/marcali.plebania.hu\/wp-content\/uploads\/2019\/04\/08-4-1024x683.jpg\" alt=\"\" data-id=\"831\" data-link=\"https:\/\/marcali.plebania.hu\/?attachment_id=831\" class=\"wp-image-831\" srcset=\"https:\/\/marcali.plebania.hu\/wp-content\/uploads\/2019\/04\/08-4-1024x683.jpg 1024w, https:\/\/marcali.plebania.hu\/wp-content\/uploads\/2019\/04\/08-4-300x200.jpg 300w, https:\/\/marcali.plebania.hu\/wp-content\/uploads\/2019\/04\/08-4-768x512.jpg 768w, https:\/\/marcali.plebania.hu\/wp-content\/uploads\/2019\/04\/08-4-405x270.jpg 405w\" sizes=\"auto, (max-width: 1024px) 100vw, 1024px\" \/><\/figure><\/li><li class=\"blocks-gallery-item\"><figure><img loading=\"lazy\" decoding=\"async\" width=\"1024\" height=\"683\" src=\"https:\/\/marcali.plebania.hu\/wp-content\/uploads\/2019\/04\/09-3-1024x683.jpg\" alt=\"\" data-id=\"832\" data-link=\"https:\/\/marcali.plebania.hu\/?attachment_id=832\" class=\"wp-image-832\" srcset=\"https:\/\/marcali.plebania.hu\/wp-content\/uploads\/2019\/04\/09-3-1024x683.jpg 1024w, https:\/\/marcali.plebania.hu\/wp-content\/uploads\/2019\/04\/09-3-300x200.jpg 300w, https:\/\/marcali.plebania.hu\/wp-content\/uploads\/2019\/04\/09-3-768x512.jpg 768w, https:\/\/marcali.plebania.hu\/wp-content\/uploads\/2019\/04\/09-3-405x270.jpg 405w\" sizes=\"auto, (max-width: 1024px) 100vw, 1024px\" \/><\/figure><\/li><li class=\"blocks-gallery-item\"><figure><img loading=\"lazy\" decoding=\"async\" width=\"1024\" height=\"683\" src=\"https:\/\/marcali.plebania.hu\/wp-content\/uploads\/2019\/04\/10-2-1024x683.jpg\" alt=\"\" data-id=\"833\" data-link=\"https:\/\/marcali.plebania.hu\/?attachment_id=833\" class=\"wp-image-833\" srcset=\"https:\/\/marcali.plebania.hu\/wp-content\/uploads\/2019\/04\/10-2-1024x683.jpg 1024w, https:\/\/marcali.plebania.hu\/wp-content\/uploads\/2019\/04\/10-2-300x200.jpg 300w, https:\/\/marcali.plebania.hu\/wp-content\/uploads\/2019\/04\/10-2-768x512.jpg 768w, https:\/\/marcali.plebania.hu\/wp-content\/uploads\/2019\/04\/10-2-405x270.jpg 405w\" sizes=\"auto, (max-width: 1024px) 100vw, 1024px\" \/><\/figure><\/li><\/ul>\n\n\n\n<p>Ez a szok\u00e1s a bibliai id\u0151kre vezethet\u0151 vissza, amikor a zsid\u00f3k az \u00fcnnepnek megfelel\u0151 \u00e9teleket, meghat\u00e1rozott sorrendben fogyasztottak. Ez a trad\u00edci\u00f3 azonban napjainkra m\u00e1r \u00e1talakult a magyar \u00e9telek \u00e9s \u00edz vil\u00e1gnak megfelel\u0151en. A h\u00fasv\u00e9ti \u00e9telek meg\u00e1ld\u00e1sa r\u00e9gebben f\u0151leg vid\u00e9ken volt szok\u00e1sban, ahol a sz\u00e9pen feld\u00edsz\u00edtett kosaraikban a h\u00edvek minden esztend\u0151ben elvitt\u00e9k a h\u00fasv\u00e9ti reggelihez elk\u00e9sz\u00edtett sonk\u00e1t, toj\u00e1st, torm\u00e1t, kal\u00e1csot, \u00e9s a bort is. Azonban ma m\u00e1r a v\u00e1rosokban is kezd visszat\u00e9rni ez a hagyom\u00e1ny \u00e9s \u00e9vr\u0151l-\u00e9vre mindig sokan hozz\u00e1k el h\u00fasv\u00e9ti \u00e9teleiket megszenteltetni.<\/p>\n\n\n\n<ul class=\"wp-block-gallery columns-3 is-cropped wp-block-gallery-2 is-layout-flex wp-block-gallery-is-layout-flex\"><li class=\"blocks-gallery-item\"><figure><img loading=\"lazy\" decoding=\"async\" width=\"1024\" height=\"683\" src=\"https:\/\/marcali.plebania.hu\/wp-content\/uploads\/2019\/04\/12-4-1024x683.jpg\" alt=\"\" data-id=\"834\" data-link=\"https:\/\/marcali.plebania.hu\/?attachment_id=834\" class=\"wp-image-834\" srcset=\"https:\/\/marcali.plebania.hu\/wp-content\/uploads\/2019\/04\/12-4-1024x683.jpg 1024w, https:\/\/marcali.plebania.hu\/wp-content\/uploads\/2019\/04\/12-4-300x200.jpg 300w, https:\/\/marcali.plebania.hu\/wp-content\/uploads\/2019\/04\/12-4-768x512.jpg 768w, https:\/\/marcali.plebania.hu\/wp-content\/uploads\/2019\/04\/12-4-405x270.jpg 405w\" sizes=\"auto, (max-width: 1024px) 100vw, 1024px\" \/><\/figure><\/li><li class=\"blocks-gallery-item\"><figure><img loading=\"lazy\" decoding=\"async\" width=\"1024\" height=\"683\" src=\"https:\/\/marcali.plebania.hu\/wp-content\/uploads\/2019\/04\/14-2-1024x683.jpg\" alt=\"\" data-id=\"838\" data-link=\"https:\/\/marcali.plebania.hu\/?attachment_id=838\" class=\"wp-image-838\" srcset=\"https:\/\/marcali.plebania.hu\/wp-content\/uploads\/2019\/04\/14-2-1024x683.jpg 1024w, https:\/\/marcali.plebania.hu\/wp-content\/uploads\/2019\/04\/14-2-300x200.jpg 300w, https:\/\/marcali.plebania.hu\/wp-content\/uploads\/2019\/04\/14-2-768x512.jpg 768w, https:\/\/marcali.plebania.hu\/wp-content\/uploads\/2019\/04\/14-2-405x270.jpg 405w\" sizes=\"auto, (max-width: 1024px) 100vw, 1024px\" \/><\/figure><\/li><li class=\"blocks-gallery-item\"><figure><img loading=\"lazy\" decoding=\"async\" width=\"1024\" height=\"683\" src=\"https:\/\/marcali.plebania.hu\/wp-content\/uploads\/2019\/04\/16-3-1024x683.jpg\" alt=\"\" data-id=\"839\" data-link=\"https:\/\/marcali.plebania.hu\/?attachment_id=839\" class=\"wp-image-839\" srcset=\"https:\/\/marcali.plebania.hu\/wp-content\/uploads\/2019\/04\/16-3-1024x683.jpg 1024w, https:\/\/marcali.plebania.hu\/wp-content\/uploads\/2019\/04\/16-3-300x200.jpg 300w, https:\/\/marcali.plebania.hu\/wp-content\/uploads\/2019\/04\/16-3-768x512.jpg 768w, https:\/\/marcali.plebania.hu\/wp-content\/uploads\/2019\/04\/16-3-405x270.jpg 405w\" sizes=\"auto, (max-width: 1024px) 100vw, 1024px\" \/><\/figure><\/li><li class=\"blocks-gallery-item\"><figure><img loading=\"lazy\" decoding=\"async\" width=\"1024\" height=\"683\" src=\"https:\/\/marcali.plebania.hu\/wp-content\/uploads\/2019\/04\/15-3-1024x683.jpg\" alt=\"\" data-id=\"840\" data-link=\"https:\/\/marcali.plebania.hu\/?attachment_id=840\" class=\"wp-image-840\" srcset=\"https:\/\/marcali.plebania.hu\/wp-content\/uploads\/2019\/04\/15-3-1024x683.jpg 1024w, https:\/\/marcali.plebania.hu\/wp-content\/uploads\/2019\/04\/15-3-300x200.jpg 300w, https:\/\/marcali.plebania.hu\/wp-content\/uploads\/2019\/04\/15-3-768x512.jpg 768w, https:\/\/marcali.plebania.hu\/wp-content\/uploads\/2019\/04\/15-3-405x270.jpg 405w\" sizes=\"auto, (max-width: 1024px) 100vw, 1024px\" \/><\/figure><\/li><\/ul>\n\n\n\n<p>Marcaliban a r\u00e9gi trad\u00edci\u00f3knak megfelel\u0151en Kiss Iv\u00e1n c. pr\u00e9post esperes-pl\u00e9b\u00e1nos \u00far szentelte meg az \u00edzl\u00e9sesen \u00f6ssze\u00e1ll\u00edtott kosarakban hozott k\u00fcl\u00f6nf\u00e9le \u00e9teleket: els\u0151sorban a sonk\u00e1t, a toj\u00e1st, kal\u00e1csot, torm\u00e1t \u00e9s a bort.<\/p>\n\n\n\n<ul class=\"wp-block-gallery columns-3 is-cropped wp-block-gallery-3 is-layout-flex wp-block-gallery-is-layout-flex\"><li class=\"blocks-gallery-item\"><figure><img loading=\"lazy\" decoding=\"async\" width=\"1024\" height=\"683\" src=\"https:\/\/marcali.plebania.hu\/wp-content\/uploads\/2019\/04\/23-1-1024x683.jpg\" alt=\"\" data-id=\"841\" data-link=\"https:\/\/marcali.plebania.hu\/?attachment_id=841\" class=\"wp-image-841\" srcset=\"https:\/\/marcali.plebania.hu\/wp-content\/uploads\/2019\/04\/23-1-1024x683.jpg 1024w, https:\/\/marcali.plebania.hu\/wp-content\/uploads\/2019\/04\/23-1-300x200.jpg 300w, https:\/\/marcali.plebania.hu\/wp-content\/uploads\/2019\/04\/23-1-768x512.jpg 768w, https:\/\/marcali.plebania.hu\/wp-content\/uploads\/2019\/04\/23-1-405x270.jpg 405w\" sizes=\"auto, (max-width: 1024px) 100vw, 1024px\" \/><\/figure><\/li><li class=\"blocks-gallery-item\"><figure><img loading=\"lazy\" decoding=\"async\" width=\"1024\" height=\"683\" src=\"https:\/\/marcali.plebania.hu\/wp-content\/uploads\/2019\/04\/24-2-1024x683.jpg\" alt=\"\" data-id=\"842\" data-link=\"https:\/\/marcali.plebania.hu\/?attachment_id=842\" class=\"wp-image-842\" srcset=\"https:\/\/marcali.plebania.hu\/wp-content\/uploads\/2019\/04\/24-2-1024x683.jpg 1024w, https:\/\/marcali.plebania.hu\/wp-content\/uploads\/2019\/04\/24-2-300x200.jpg 300w, https:\/\/marcali.plebania.hu\/wp-content\/uploads\/2019\/04\/24-2-768x512.jpg 768w, https:\/\/marcali.plebania.hu\/wp-content\/uploads\/2019\/04\/24-2-405x270.jpg 405w\" sizes=\"auto, (max-width: 1024px) 100vw, 1024px\" \/><\/figure><\/li><li class=\"blocks-gallery-item\"><figure><img loading=\"lazy\" decoding=\"async\" width=\"1024\" height=\"683\" src=\"https:\/\/marcali.plebania.hu\/wp-content\/uploads\/2019\/04\/25-1-1024x683.jpg\" alt=\"\" data-id=\"843\" data-link=\"https:\/\/marcali.plebania.hu\/?attachment_id=843\" class=\"wp-image-843\" srcset=\"https:\/\/marcali.plebania.hu\/wp-content\/uploads\/2019\/04\/25-1-1024x683.jpg 1024w, https:\/\/marcali.plebania.hu\/wp-content\/uploads\/2019\/04\/25-1-300x200.jpg 300w, https:\/\/marcali.plebania.hu\/wp-content\/uploads\/2019\/04\/25-1-768x512.jpg 768w, https:\/\/marcali.plebania.hu\/wp-content\/uploads\/2019\/04\/25-1-405x270.jpg 405w\" sizes=\"auto, (max-width: 1024px) 100vw, 1024px\" \/><\/figure><\/li><li class=\"blocks-gallery-item\"><figure><img loading=\"lazy\" decoding=\"async\" width=\"1024\" height=\"683\" src=\"https:\/\/marcali.plebania.hu\/wp-content\/uploads\/2019\/04\/28-1-1024x683.jpg\" alt=\"\" data-id=\"844\" data-link=\"https:\/\/marcali.plebania.hu\/?attachment_id=844\" class=\"wp-image-844\" srcset=\"https:\/\/marcali.plebania.hu\/wp-content\/uploads\/2019\/04\/28-1-1024x683.jpg 1024w, https:\/\/marcali.plebania.hu\/wp-content\/uploads\/2019\/04\/28-1-300x200.jpg 300w, https:\/\/marcali.plebania.hu\/wp-content\/uploads\/2019\/04\/28-1-768x512.jpg 768w, https:\/\/marcali.plebania.hu\/wp-content\/uploads\/2019\/04\/28-1-405x270.jpg 405w\" sizes=\"auto, (max-width: 1024px) 100vw, 1024px\" \/><\/figure><\/li><\/ul>\n\n\n\n<p>A szentmise v\u00e9g\u00e9n Iv\u00e1n atya a\ntemplom bej\u00e1rat\u00e1n\u00e1l szem\u00e9lyesen k\u00edv\u00e1nt mindenkinek \u00e1ldott, boldog h\u00fasv\u00e9ti\n\u00fcnnepeket, mik\u00f6zben Gelencs\u00e9r R\u00f3bert vil\u00e1gi eln\u00f6k \u00e9s Kir\u00e1ly Jen\u0151 templomatya a\nMarcali Katolikus \u00dajs\u00e1g h\u00fasv\u00e9ti sz\u00e1m\u00e1val \u00f6rvendeztette meg a jelenl\u00e9v\u0151ket.<\/p>\n","protected":false},"excerpt":{"rendered":"<p>A r\u00e9gi szok\u00e1soknak megfelel\u0151en 2019. \u00e1prilis 21-\u00e9n 7 \u00f3rakor kezd\u0151d\u00f6tt a h\u00fasv\u00e9t reggeli \u00e9telszentel\u00e9si szentmise a Marcali Pl\u00e9b\u00e1niatemplomban. Ez a szok\u00e1s a bibliai id\u0151kre vezethet\u0151 vissza, amikor a zsid\u00f3k az \u00fcnnepnek megfelel\u0151 \u00e9teleket, meghat\u00e1rozott sorrendben fogyasztottak. Ez a trad\u00edci\u00f3 azonban napjainkra m\u00e1r \u00e1talakult a magyar \u00e9telek \u00e9s \u00edz vil\u00e1gnak megfelel\u0151en. A h\u00fasv\u00e9ti \u00e9telek meg\u00e1ld\u00e1sa r\u00e9gebben f\u0151leg vid\u00e9ken volt szok\u00e1sban, ahol a sz\u00e9pen feld\u00edsz\u00edtett kosaraikban a h\u00edvek minden esztend\u0151ben elvitt\u00e9k a h\u00fasv\u00e9ti reggelihez elk\u00e9sz\u00edtett sonk\u00e1t, toj\u00e1st, torm\u00e1t, kal\u00e1csot, \u00e9s a bort&#8230;<\/p>\n<p class=\"read-more\"><a class=\"btn btn-default\" href=\"https:\/\/marcali.plebania.hu\/?p=829\"> Read More<span class=\"screen-reader-text\">  Read More<\/span><\/a><\/p>\n","protected":false},"author":2,"featured_media":0,"comment_status":"closed","ping_status":"open","sticky":false,"template":"","format":"standard","meta":{"footnotes":""},"categories":[1],"tags":[],"class_list":["post-829","post","type-post","status-publish","format-standard","hentry","category-egyeb"],"_links":{"self":[{"href":"https:\/\/marcali.plebania.hu\/index.php?rest_route=\/wp\/v2\/posts\/829","targetHints":{"allow":["GET"]}}],"collection":[{"href":"https:\/\/marcali.plebania.hu\/index.php?rest_route=\/wp\/v2\/posts"}],"about":[{"href":"https:\/\/marcali.plebania.hu\/index.php?rest_route=\/wp\/v2\/types\/post"}],"author":[{"embeddable":true,"href":"https:\/\/marcali.plebania.hu\/index.php?rest_route=\/wp\/v2\/users\/2"}],"replies":[{"embeddable":true,"href":"https:\/\/marcali.plebania.hu\/index.php?rest_route=%2Fwp%2Fv2%2Fcomments&post=829"}],"version-history":[{"count":1,"href":"https:\/\/marcali.plebania.hu\/index.php?rest_route=\/wp\/v2\/posts\/829\/revisions"}],"predecessor-version":[{"id":845,"href":"https:\/\/marcali.plebania.hu\/index.php?rest_route=\/wp\/v2\/posts\/829\/revisions\/845"}],"wp:attachment":[{"href":"https:\/\/marcali.plebania.hu\/index.php?rest_route=%2Fwp%2Fv2%2Fmedia&parent=829"}],"wp:term":[{"taxonomy":"category","embeddable":true,"href":"https:\/\/marcali.plebania.hu\/index.php?rest_route=%2Fwp%2Fv2%2Fcategories&post=829"},{"taxonomy":"post_tag","embeddable":true,"href":"https:\/\/marcali.plebania.hu\/index.php?rest_route=%2Fwp%2Fv2%2Ftags&post=829"}],"curies":[{"name":"wp","href":"https:\/\/api.w.org\/{rel}","templated":true}]}}