{"id":846,"date":"2019-04-26T07:21:55","date_gmt":"2019-04-26T07:21:55","guid":{"rendered":"https:\/\/marcali.plebania.hu\/?p=846"},"modified":"2019-04-26T07:21:55","modified_gmt":"2019-04-26T07:21:55","slug":"hirdetesek-2019-04-28","status":"publish","type":"post","link":"https:\/\/marcali.plebania.hu\/?p=846","title":{"rendered":"Hirdet\u00e9sek, 2019. 04. 28."},"content":{"rendered":"\n<ol class=\"wp-block-list\"><li>Ma\nvan H\u00fasv\u00e9t 2. vas\u00e1rnapja, az Isteni Irgalmass\u00e1g vas\u00e1rnapja.<\/li><li>A\nj\u00f6v\u0151 h\u00e9ten els\u0151 p\u00e9ntek, 17.30-t\u00f3l az \u00d6r\u00f6m \u00fatj\u00e1t j\u00e1rjuk, szents\u00e9gim\u00e1d\u00e1s\nkeret\u00e9ben, majd 18 \u00f3rakor szentmise. 17.30-t\u00f3l gy\u00f3ntat\u00e1s.<\/li><li>Szerd\u00e1t\u00f3l\nm\u00e1jus h\u00f3napban m\u00e1jusi lit\u00e1ni\u00e1t kezd\u00fcnk h\u00e9tk\u00f6znaponk\u00e9nt 18 \u00f3rakor, ut\u00e1na\nszentmise.<\/li><li>A\nm\u00e1jus 18-ki egyh\u00e1zmegyei zar\u00e1ndoklatra m\u00e1jus 8-\u00e1n, szerd\u00e1n 17 \u00f3rakor\nmegbesz\u00e9l\u00e9st tartunk az X-h\u00e1z nagyterm\u00e9ben. Ekkor kell befizetni az utaz\u00e1s\nk\u00f6lts\u00e9g\u00e9t 6.000- Ft-ot. Aki nem tud elj\u00f6nni, valakit\u0151l ekkor k\u00fcldje el az\n\u00f6sszeget.<\/li><\/ol>\n","protected":false},"excerpt":{"rendered":"<p>Ma van H\u00fasv\u00e9t 2. vas\u00e1rnapja, az Isteni Irgalmass\u00e1g vas\u00e1rnapja. A j\u00f6v\u0151 h\u00e9ten els\u0151 p\u00e9ntek, 17.30-t\u00f3l az \u00d6r\u00f6m \u00fatj\u00e1t j\u00e1rjuk, szents\u00e9gim\u00e1d\u00e1s keret\u00e9ben, majd 18 \u00f3rakor szentmise. 17.30-t\u00f3l gy\u00f3ntat\u00e1s. Szerd\u00e1t\u00f3l m\u00e1jus h\u00f3napban m\u00e1jusi lit\u00e1ni\u00e1t kezd\u00fcnk h\u00e9tk\u00f6znaponk\u00e9nt 18 \u00f3rakor, ut\u00e1na szentmise. A m\u00e1jus 18-ki egyh\u00e1zmegyei zar\u00e1ndoklatra m\u00e1jus 8-\u00e1n, szerd\u00e1n 17 \u00f3rakor megbesz\u00e9l\u00e9st tartunk az X-h\u00e1z nagyterm\u00e9ben. Ekkor kell befizetni az utaz\u00e1s k\u00f6lts\u00e9g\u00e9t 6.000- Ft-ot. Aki nem tud elj\u00f6nni, valakit\u0151l ekkor k\u00fcldje el az \u00f6sszeget.<\/p>\n","protected":false},"author":2,"featured_media":0,"comment_status":"closed","ping_status":"open","sticky":false,"template":"","format":"standard","meta":{"footnotes":""},"categories":[1],"tags":[],"class_list":["post-846","post","type-post","status-publish","format-standard","hentry","category-egyeb"],"_links":{"self":[{"href":"https:\/\/marcali.plebania.hu\/index.php?rest_route=\/wp\/v2\/posts\/846","targetHints":{"allow":["GET"]}}],"collection":[{"href":"https:\/\/marcali.plebania.hu\/index.php?rest_route=\/wp\/v2\/posts"}],"about":[{"href":"https:\/\/marcali.plebania.hu\/index.php?rest_route=\/wp\/v2\/types\/post"}],"author":[{"embeddable":true,"href":"https:\/\/marcali.plebania.hu\/index.php?rest_route=\/wp\/v2\/users\/2"}],"replies":[{"embeddable":true,"href":"https:\/\/marcali.plebania.hu\/index.php?rest_route=%2Fwp%2Fv2%2Fcomments&post=846"}],"version-history":[{"count":1,"href":"https:\/\/marcali.plebania.hu\/index.php?rest_route=\/wp\/v2\/posts\/846\/revisions"}],"predecessor-version":[{"id":847,"href":"https:\/\/marcali.plebania.hu\/index.php?rest_route=\/wp\/v2\/posts\/846\/revisions\/847"}],"wp:attachment":[{"href":"https:\/\/marcali.plebania.hu\/index.php?rest_route=%2Fwp%2Fv2%2Fmedia&parent=846"}],"wp:term":[{"taxonomy":"category","embeddable":true,"href":"https:\/\/marcali.plebania.hu\/index.php?rest_route=%2Fwp%2Fv2%2Fcategories&post=846"},{"taxonomy":"post_tag","embeddable":true,"href":"https:\/\/marcali.plebania.hu\/index.php?rest_route=%2Fwp%2Fv2%2Ftags&post=846"}],"curies":[{"name":"wp","href":"https:\/\/api.w.org\/{rel}","templated":true}]}}