{"id":848,"date":"2019-05-03T08:31:52","date_gmt":"2019-05-03T08:31:52","guid":{"rendered":"https:\/\/marcali.plebania.hu\/?p=848"},"modified":"2019-05-28T14:45:17","modified_gmt":"2019-05-28T14:45:17","slug":"szep-marcali-eredmenyek-csurgon-az-egyhazmegyei-hittanversenyen","status":"publish","type":"post","link":"https:\/\/marcali.plebania.hu\/?p=848","title":{"rendered":"Sz\u00e9p marcali eredm\u00e9nyek  Csurg\u00f3n, az egyh\u00e1zmegyei hittanversenyen"},"content":{"rendered":"\n<p> \u00c1prilis 27-\u00e9n rendezt\u00e9k meg Csurg\u00f3n, a Kaposv\u00e1ri Egyh\u00e1zmegye<br> hittanverseny\u00e9t, melyen mintegy 500 hittanos vett r\u00e9szt az eg\u00e9sz<br> egyh\u00e1zmegy\u00e9b\u0151l. A versenyen sz\u00e9p marcali eredm\u00e9nyek sz\u00fclettek k\u00e9t<br> kateg\u00f3ri\u00e1ban is els\u0151 helyez\u00e9st \u00e9rtek el a marcali hittanosok.<br> &nbsp;A Tal\u00e1lkoz\u00f3t Kiss Iv\u00e1n hitoktat\u00e1si referens nyitotta meg.<\/p>\n\n\n\n<ul class=\"wp-block-gallery columns-3 is-cropped wp-block-gallery-1 is-layout-flex wp-block-gallery-is-layout-flex\"><li class=\"blocks-gallery-item\"><figure><img loading=\"lazy\" decoding=\"async\" width=\"1024\" height=\"678\" src=\"https:\/\/marcali.plebania.hu\/wp-content\/uploads\/2019\/05\/csurg\u00f3-001-1024x678.jpg\" alt=\"\" data-id=\"849\" data-link=\"https:\/\/marcali.plebania.hu\/?attachment_id=849\" class=\"wp-image-849\" srcset=\"https:\/\/marcali.plebania.hu\/wp-content\/uploads\/2019\/05\/csurg\u00f3-001.jpg 1024w, https:\/\/marcali.plebania.hu\/wp-content\/uploads\/2019\/05\/csurg\u00f3-001-300x199.jpg 300w, https:\/\/marcali.plebania.hu\/wp-content\/uploads\/2019\/05\/csurg\u00f3-001-768x509.jpg 768w, https:\/\/marcali.plebania.hu\/wp-content\/uploads\/2019\/05\/csurg\u00f3-001-408x270.jpg 408w\" sizes=\"auto, (max-width: 1024px) 100vw, 1024px\" \/><\/figure><\/li><li class=\"blocks-gallery-item\"><figure><img loading=\"lazy\" decoding=\"async\" width=\"1024\" height=\"678\" src=\"https:\/\/marcali.plebania.hu\/wp-content\/uploads\/2019\/05\/csurg\u00f3-004-1024x678.jpg\" alt=\"\" data-id=\"850\" data-link=\"https:\/\/marcali.plebania.hu\/?attachment_id=850\" class=\"wp-image-850\" srcset=\"https:\/\/marcali.plebania.hu\/wp-content\/uploads\/2019\/05\/csurg\u00f3-004.jpg 1024w, https:\/\/marcali.plebania.hu\/wp-content\/uploads\/2019\/05\/csurg\u00f3-004-300x199.jpg 300w, https:\/\/marcali.plebania.hu\/wp-content\/uploads\/2019\/05\/csurg\u00f3-004-768x509.jpg 768w, https:\/\/marcali.plebania.hu\/wp-content\/uploads\/2019\/05\/csurg\u00f3-004-408x270.jpg 408w\" sizes=\"auto, (max-width: 1024px) 100vw, 1024px\" \/><\/figure><\/li><li class=\"blocks-gallery-item\"><figure><img loading=\"lazy\" decoding=\"async\" width=\"1024\" height=\"678\" src=\"https:\/\/marcali.plebania.hu\/wp-content\/uploads\/2019\/05\/csurg\u00f3-008-1024x678.jpg\" alt=\"\" data-id=\"851\" data-link=\"https:\/\/marcali.plebania.hu\/?attachment_id=851\" class=\"wp-image-851\" srcset=\"https:\/\/marcali.plebania.hu\/wp-content\/uploads\/2019\/05\/csurg\u00f3-008.jpg 1024w, https:\/\/marcali.plebania.hu\/wp-content\/uploads\/2019\/05\/csurg\u00f3-008-300x199.jpg 300w, https:\/\/marcali.plebania.hu\/wp-content\/uploads\/2019\/05\/csurg\u00f3-008-768x509.jpg 768w, https:\/\/marcali.plebania.hu\/wp-content\/uploads\/2019\/05\/csurg\u00f3-008-408x270.jpg 408w\" sizes=\"auto, (max-width: 1024px) 100vw, 1024px\" \/><\/figure><\/li><li class=\"blocks-gallery-item\"><figure><img loading=\"lazy\" decoding=\"async\" width=\"1024\" height=\"678\" src=\"https:\/\/marcali.plebania.hu\/wp-content\/uploads\/2019\/05\/csurg\u00f3-003-1024x678.jpg\" alt=\"\" data-id=\"852\" data-link=\"https:\/\/marcali.plebania.hu\/?attachment_id=852\" class=\"wp-image-852\" srcset=\"https:\/\/marcali.plebania.hu\/wp-content\/uploads\/2019\/05\/csurg\u00f3-003.jpg 1024w, https:\/\/marcali.plebania.hu\/wp-content\/uploads\/2019\/05\/csurg\u00f3-003-300x199.jpg 300w, https:\/\/marcali.plebania.hu\/wp-content\/uploads\/2019\/05\/csurg\u00f3-003-768x509.jpg 768w, https:\/\/marcali.plebania.hu\/wp-content\/uploads\/2019\/05\/csurg\u00f3-003-408x270.jpg 408w\" sizes=\"auto, (max-width: 1024px) 100vw, 1024px\" \/><\/figure><\/li><\/ul>\n\n\n\n<p> Els\u0151 helyez\u00e9st \u00e9rt el sz\u00edndarab kateg\u00f3ri\u00e1ban: Elek B\u00e1lint, N\u00e9meth M\u00e1t\u00e9<br> Barnab\u00e1s, Bojtor N\u00f3ra Lili, Szarka Lili\u00e1na. Als\u00f3s \u00e9nek kateg\u00f3ri\u00e1ban els\u0151<br> helyet \u00e9rt el: P\u00e9ter Hunor Gy\u00f6rgy, Varga Inez.\u00a0 A vas\u00e1rnapi szentmis\u00e9n el\u0151<br> is adt\u00e1k \u00e9nek\u00fcket.<br> Sz\u00e9pen szerepeltek m\u00e9g T\u00f3th Eszter versben \u00e9s Feh\u00e9r Veronika rajzban.<br><br>Felk\u00e9sz\u00edt\u0151 hitoktat\u00f3juk dr Gyulain\u00e9 Domj\u00e1n Zsuzsanna volt.<\/p>\n\n\n\n<ul class=\"wp-block-gallery columns-3 is-cropped wp-block-gallery-2 is-layout-flex wp-block-gallery-is-layout-flex\"><li class=\"blocks-gallery-item\"><figure><img loading=\"lazy\" decoding=\"async\" width=\"1024\" height=\"678\" src=\"https:\/\/marcali.plebania.hu\/wp-content\/uploads\/2019\/05\/csurg\u00f3-021-1024x678.jpg\" alt=\"\" data-id=\"853\" data-link=\"https:\/\/marcali.plebania.hu\/?attachment_id=853\" class=\"wp-image-853\" srcset=\"https:\/\/marcali.plebania.hu\/wp-content\/uploads\/2019\/05\/csurg\u00f3-021.jpg 1024w, https:\/\/marcali.plebania.hu\/wp-content\/uploads\/2019\/05\/csurg\u00f3-021-300x199.jpg 300w, https:\/\/marcali.plebania.hu\/wp-content\/uploads\/2019\/05\/csurg\u00f3-021-768x509.jpg 768w, https:\/\/marcali.plebania.hu\/wp-content\/uploads\/2019\/05\/csurg\u00f3-021-408x270.jpg 408w\" sizes=\"auto, (max-width: 1024px) 100vw, 1024px\" \/><\/figure><\/li><li class=\"blocks-gallery-item\"><figure><img loading=\"lazy\" decoding=\"async\" width=\"1024\" height=\"678\" src=\"https:\/\/marcali.plebania.hu\/wp-content\/uploads\/2019\/05\/csurg\u00f3-023-1024x678.jpg\" alt=\"\" data-id=\"854\" data-link=\"https:\/\/marcali.plebania.hu\/?attachment_id=854\" class=\"wp-image-854\" srcset=\"https:\/\/marcali.plebania.hu\/wp-content\/uploads\/2019\/05\/csurg\u00f3-023.jpg 1024w, https:\/\/marcali.plebania.hu\/wp-content\/uploads\/2019\/05\/csurg\u00f3-023-300x199.jpg 300w, https:\/\/marcali.plebania.hu\/wp-content\/uploads\/2019\/05\/csurg\u00f3-023-768x509.jpg 768w, https:\/\/marcali.plebania.hu\/wp-content\/uploads\/2019\/05\/csurg\u00f3-023-408x270.jpg 408w\" sizes=\"auto, (max-width: 1024px) 100vw, 1024px\" \/><\/figure><\/li><li class=\"blocks-gallery-item\"><figure><img loading=\"lazy\" decoding=\"async\" width=\"1024\" height=\"678\" src=\"https:\/\/marcali.plebania.hu\/wp-content\/uploads\/2019\/05\/csurg\u00f3-034-1024x678.jpg\" alt=\"\" data-id=\"855\" data-link=\"https:\/\/marcali.plebania.hu\/?attachment_id=855\" class=\"wp-image-855\" srcset=\"https:\/\/marcali.plebania.hu\/wp-content\/uploads\/2019\/05\/csurg\u00f3-034.jpg 1024w, https:\/\/marcali.plebania.hu\/wp-content\/uploads\/2019\/05\/csurg\u00f3-034-300x199.jpg 300w, https:\/\/marcali.plebania.hu\/wp-content\/uploads\/2019\/05\/csurg\u00f3-034-768x509.jpg 768w, https:\/\/marcali.plebania.hu\/wp-content\/uploads\/2019\/05\/csurg\u00f3-034-408x270.jpg 408w\" sizes=\"auto, (max-width: 1024px) 100vw, 1024px\" \/><\/figure><\/li><li class=\"blocks-gallery-item\"><figure><img loading=\"lazy\" decoding=\"async\" width=\"1024\" height=\"678\" src=\"https:\/\/marcali.plebania.hu\/wp-content\/uploads\/2019\/05\/csurg\u00f3-016-1024x678.jpg\" alt=\"\" data-id=\"856\" data-link=\"https:\/\/marcali.plebania.hu\/?attachment_id=856\" class=\"wp-image-856\" srcset=\"https:\/\/marcali.plebania.hu\/wp-content\/uploads\/2019\/05\/csurg\u00f3-016.jpg 1024w, https:\/\/marcali.plebania.hu\/wp-content\/uploads\/2019\/05\/csurg\u00f3-016-300x199.jpg 300w, https:\/\/marcali.plebania.hu\/wp-content\/uploads\/2019\/05\/csurg\u00f3-016-768x509.jpg 768w, https:\/\/marcali.plebania.hu\/wp-content\/uploads\/2019\/05\/csurg\u00f3-016-408x270.jpg 408w\" sizes=\"auto, (max-width: 1024px) 100vw, 1024px\" \/><\/figure><\/li><\/ul>\n\n\n\n<p><br>Egyben most vas\u00e1rnap tartott\u00e1k a pl\u00e9b\u00e1niatemplomban a szok\u00e1sos \u00e9vi b\u00fazaszentel\u00e9st, Isten \u00e1ld\u00e1s\u00e1t k\u00e9rt\u00e9k az idei b\u00fazaterm\u00e9sre. <\/p>\n","protected":false},"excerpt":{"rendered":"<p>\u00c1prilis 27-\u00e9n rendezt\u00e9k meg Csurg\u00f3n, a Kaposv\u00e1ri Egyh\u00e1zmegye hittanverseny\u00e9t, melyen mintegy 500 hittanos vett r\u00e9szt az eg\u00e9sz egyh\u00e1zmegy\u00e9b\u0151l. A versenyen sz\u00e9p marcali eredm\u00e9nyek sz\u00fclettek k\u00e9t kateg\u00f3ri\u00e1ban is els\u0151 helyez\u00e9st \u00e9rtek el a marcali hittanosok. &nbsp;A Tal\u00e1lkoz\u00f3t Kiss Iv\u00e1n hitoktat\u00e1si referens nyitotta meg. Els\u0151 helyez\u00e9st \u00e9rt el sz\u00edndarab kateg\u00f3ri\u00e1ban: Elek B\u00e1lint, N\u00e9meth M\u00e1t\u00e9 Barnab\u00e1s, Bojtor N\u00f3ra Lili, Szarka Lili\u00e1na. Als\u00f3s \u00e9nek kateg\u00f3ri\u00e1ban els\u0151 helyet \u00e9rt el: P\u00e9ter Hunor Gy\u00f6rgy, Varga Inez.\u00a0 A vas\u00e1rnapi szentmis\u00e9n el\u0151 is adt\u00e1k \u00e9nek\u00fcket. Sz\u00e9pen szerepeltek m\u00e9g&#8230;<\/p>\n<p class=\"read-more\"><a class=\"btn btn-default\" href=\"https:\/\/marcali.plebania.hu\/?p=848\"> Read More<span class=\"screen-reader-text\">  Read More<\/span><\/a><\/p>\n","protected":false},"author":2,"featured_media":0,"comment_status":"closed","ping_status":"open","sticky":false,"template":"","format":"standard","meta":{"footnotes":""},"categories":[1],"tags":[],"class_list":["post-848","post","type-post","status-publish","format-standard","hentry","category-egyeb"],"_links":{"self":[{"href":"https:\/\/marcali.plebania.hu\/index.php?rest_route=\/wp\/v2\/posts\/848","targetHints":{"allow":["GET"]}}],"collection":[{"href":"https:\/\/marcali.plebania.hu\/index.php?rest_route=\/wp\/v2\/posts"}],"about":[{"href":"https:\/\/marcali.plebania.hu\/index.php?rest_route=\/wp\/v2\/types\/post"}],"author":[{"embeddable":true,"href":"https:\/\/marcali.plebania.hu\/index.php?rest_route=\/wp\/v2\/users\/2"}],"replies":[{"embeddable":true,"href":"https:\/\/marcali.plebania.hu\/index.php?rest_route=%2Fwp%2Fv2%2Fcomments&post=848"}],"version-history":[{"count":3,"href":"https:\/\/marcali.plebania.hu\/index.php?rest_route=\/wp\/v2\/posts\/848\/revisions"}],"predecessor-version":[{"id":897,"href":"https:\/\/marcali.plebania.hu\/index.php?rest_route=\/wp\/v2\/posts\/848\/revisions\/897"}],"wp:attachment":[{"href":"https:\/\/marcali.plebania.hu\/index.php?rest_route=%2Fwp%2Fv2%2Fmedia&parent=848"}],"wp:term":[{"taxonomy":"category","embeddable":true,"href":"https:\/\/marcali.plebania.hu\/index.php?rest_route=%2Fwp%2Fv2%2Fcategories&post=848"},{"taxonomy":"post_tag","embeddable":true,"href":"https:\/\/marcali.plebania.hu\/index.php?rest_route=%2Fwp%2Fv2%2Ftags&post=848"}],"curies":[{"name":"wp","href":"https:\/\/api.w.org\/{rel}","templated":true}]}}