{"id":858,"date":"2019-05-03T09:24:07","date_gmt":"2019-05-03T09:24:07","guid":{"rendered":"https:\/\/marcali.plebania.hu\/?p=858"},"modified":"2019-05-10T08:13:10","modified_gmt":"2019-05-10T08:13:10","slug":"hirdetesek-2019-05-05","status":"publish","type":"post","link":"https:\/\/marcali.plebania.hu\/?p=858","title":{"rendered":"Hirdet\u00e9sek, 2019. 05. 05."},"content":{"rendered":"\n<ol class=\"wp-block-list\"><li>Ma van H\u00fasv\u00e9t 3. vas\u00e1rnapja.<\/li><li>A m\u00e1jus 18-ki egyh\u00e1zmegyei zar\u00e1ndoklatra m\u00e1jus 8-\u00e1n, szerd\u00e1n 17 \u00f3rakor megbesz\u00e9l\u00e9st tartunk az X-h\u00e1z nagyterm\u00e9ben. Ekkor kell befizetni az utaz\u00e1s k\u00f6lts\u00e9g\u00e9t 6.000- Ft-ot. Biztos\u00edt\u00e1s k\u00f6t\u00e9s\u00e9re is lehet\u0151s\u00e9g van, ami el\u0151zetes kalkul\u00e1ci\u00f3 szerint 500- Ft\/f\u0151. Aki nem tud elj\u00f6nni, valakit\u0151l ekkor k\u00fcldje el az \u00f6sszeget.<\/li><li>P\u00e9nteken 17.30-t\u00f3l az \u00d6r\u00f6m \u00fatj\u00e1t j\u00e1rjuk, szents\u00e9gim\u00e1d\u00e1s keret\u00e9ben, majd 18 \u00f3rakor szentmise.<\/li><li>Szombaton 17 \u00f3rakor fatimai \u00e1jtatoss\u00e1got tartunk, 18 \u00f3rakor szentmise.<\/li><li>A m\u00e1jusi lit\u00e1ni\u00e1k h\u00e9tk\u00f6znaponk\u00e9nt 18 \u00f3rakor vannak, ut\u00e1na szentmise.<\/li><\/ol>\n","protected":false},"excerpt":{"rendered":"<p>Ma van H\u00fasv\u00e9t 3. vas\u00e1rnapja. A m\u00e1jus 18-ki egyh\u00e1zmegyei zar\u00e1ndoklatra m\u00e1jus 8-\u00e1n, szerd\u00e1n 17 \u00f3rakor megbesz\u00e9l\u00e9st tartunk az X-h\u00e1z nagyterm\u00e9ben. Ekkor kell befizetni az utaz\u00e1s k\u00f6lts\u00e9g\u00e9t 6.000- Ft-ot. Biztos\u00edt\u00e1s k\u00f6t\u00e9s\u00e9re is lehet\u0151s\u00e9g van, ami el\u0151zetes kalkul\u00e1ci\u00f3 szerint 500- Ft\/f\u0151. Aki nem tud elj\u00f6nni, valakit\u0151l ekkor k\u00fcldje el az \u00f6sszeget. P\u00e9nteken 17.30-t\u00f3l az \u00d6r\u00f6m \u00fatj\u00e1t j\u00e1rjuk, szents\u00e9gim\u00e1d\u00e1s keret\u00e9ben, majd 18 \u00f3rakor szentmise. Szombaton 17 \u00f3rakor fatimai \u00e1jtatoss\u00e1got tartunk, 18 \u00f3rakor szentmise. A m\u00e1jusi lit\u00e1ni\u00e1k h\u00e9tk\u00f6znaponk\u00e9nt 18 \u00f3rakor vannak, ut\u00e1na szentmise.<\/p>\n","protected":false},"author":2,"featured_media":0,"comment_status":"closed","ping_status":"open","sticky":false,"template":"","format":"standard","meta":{"footnotes":""},"categories":[1],"tags":[],"class_list":["post-858","post","type-post","status-publish","format-standard","hentry","category-egyeb"],"_links":{"self":[{"href":"https:\/\/marcali.plebania.hu\/index.php?rest_route=\/wp\/v2\/posts\/858","targetHints":{"allow":["GET"]}}],"collection":[{"href":"https:\/\/marcali.plebania.hu\/index.php?rest_route=\/wp\/v2\/posts"}],"about":[{"href":"https:\/\/marcali.plebania.hu\/index.php?rest_route=\/wp\/v2\/types\/post"}],"author":[{"embeddable":true,"href":"https:\/\/marcali.plebania.hu\/index.php?rest_route=\/wp\/v2\/users\/2"}],"replies":[{"embeddable":true,"href":"https:\/\/marcali.plebania.hu\/index.php?rest_route=%2Fwp%2Fv2%2Fcomments&post=858"}],"version-history":[{"count":3,"href":"https:\/\/marcali.plebania.hu\/index.php?rest_route=\/wp\/v2\/posts\/858\/revisions"}],"predecessor-version":[{"id":870,"href":"https:\/\/marcali.plebania.hu\/index.php?rest_route=\/wp\/v2\/posts\/858\/revisions\/870"}],"wp:attachment":[{"href":"https:\/\/marcali.plebania.hu\/index.php?rest_route=%2Fwp%2Fv2%2Fmedia&parent=858"}],"wp:term":[{"taxonomy":"category","embeddable":true,"href":"https:\/\/marcali.plebania.hu\/index.php?rest_route=%2Fwp%2Fv2%2Fcategories&post=858"},{"taxonomy":"post_tag","embeddable":true,"href":"https:\/\/marcali.plebania.hu\/index.php?rest_route=%2Fwp%2Fv2%2Ftags&post=858"}],"curies":[{"name":"wp","href":"https:\/\/api.w.org\/{rel}","templated":true}]}}