{"id":861,"date":"2019-05-10T08:11:40","date_gmt":"2019-05-10T08:11:40","guid":{"rendered":"https:\/\/marcali.plebania.hu\/?p=861"},"modified":"2019-05-10T08:11:40","modified_gmt":"2019-05-10T08:11:40","slug":"az-edesanyakat-es-a-nagymamakat-koszontottek-a-vasarnapi-szentmisen","status":"publish","type":"post","link":"https:\/\/marcali.plebania.hu\/?p=861","title":{"rendered":"Az \u00e9desany\u00e1kat \u00e9s a nagymam\u00e1kat k\u00f6sz\u00f6nt\u00f6tt\u00e9k a vas\u00e1rnapi szentmis\u00e9n"},"content":{"rendered":"\n<p>M\u00e1jus els\u0151 vas\u00e1rnapj\u00e1n az \u00e9desany\u00e1kat k\u00f6sz\u00f6nt\u00f6tt\u00e9k a reggeli szentmis\u00e9n a<br> hittanos gyermekek. A k\u00f6sz\u00f6nt\u0151ben versek \u00e9s im\u00e1k hangzottak el az<br> \u00e9desany\u00e1k\u00e9rt \u00e9s nagymam\u00e1k\u00e9rt. A m\u0171sor ut\u00e1n egy sz\u00e9p sz\u00e1l piros r\u00f3zs\u00e1val<br> vittek \u00e9desanyjuknak, nagyanyjuknak . Ezzel a k\u00f6sz\u00f6nt\u0151vel k\u00f6sz\u00f6nt\u00e9k meg<br> minden Marcali \u00e9desanya j\u00f3s\u00e1g\u00e1t \u00e9s szeretet\u00e9t. <\/p>\n\n\n\n<ul class=\"wp-block-gallery columns-3 is-cropped wp-block-gallery-1 is-layout-flex wp-block-gallery-is-layout-flex\"><li class=\"blocks-gallery-item\"><figure><img loading=\"lazy\" decoding=\"async\" width=\"1024\" height=\"678\" src=\"https:\/\/marcali.plebania.hu\/wp-content\/uploads\/2019\/05\/any\u00e1k-napja-009-1024x678.jpg\" alt=\"\" data-id=\"862\" data-link=\"https:\/\/marcali.plebania.hu\/?attachment_id=862\" class=\"wp-image-862\" srcset=\"https:\/\/marcali.plebania.hu\/wp-content\/uploads\/2019\/05\/any\u00e1k-napja-009.jpg 1024w, https:\/\/marcali.plebania.hu\/wp-content\/uploads\/2019\/05\/any\u00e1k-napja-009-300x199.jpg 300w, https:\/\/marcali.plebania.hu\/wp-content\/uploads\/2019\/05\/any\u00e1k-napja-009-768x509.jpg 768w, https:\/\/marcali.plebania.hu\/wp-content\/uploads\/2019\/05\/any\u00e1k-napja-009-408x270.jpg 408w\" sizes=\"auto, (max-width: 1024px) 100vw, 1024px\" \/><\/figure><\/li><li class=\"blocks-gallery-item\"><figure><img loading=\"lazy\" decoding=\"async\" width=\"1024\" height=\"678\" src=\"https:\/\/marcali.plebania.hu\/wp-content\/uploads\/2019\/05\/any\u00e1k-napja-016-1024x678.jpg\" alt=\"\" data-id=\"863\" data-link=\"https:\/\/marcali.plebania.hu\/?attachment_id=863\" class=\"wp-image-863\" srcset=\"https:\/\/marcali.plebania.hu\/wp-content\/uploads\/2019\/05\/any\u00e1k-napja-016.jpg 1024w, https:\/\/marcali.plebania.hu\/wp-content\/uploads\/2019\/05\/any\u00e1k-napja-016-300x199.jpg 300w, https:\/\/marcali.plebania.hu\/wp-content\/uploads\/2019\/05\/any\u00e1k-napja-016-768x509.jpg 768w, https:\/\/marcali.plebania.hu\/wp-content\/uploads\/2019\/05\/any\u00e1k-napja-016-408x270.jpg 408w\" sizes=\"auto, (max-width: 1024px) 100vw, 1024px\" \/><\/figure><\/li><li class=\"blocks-gallery-item\"><figure><img loading=\"lazy\" decoding=\"async\" width=\"1024\" height=\"678\" src=\"https:\/\/marcali.plebania.hu\/wp-content\/uploads\/2019\/05\/any\u00e1k-napja-018-1024x678.jpg\" alt=\"\" data-id=\"864\" data-link=\"https:\/\/marcali.plebania.hu\/?attachment_id=864\" class=\"wp-image-864\" srcset=\"https:\/\/marcali.plebania.hu\/wp-content\/uploads\/2019\/05\/any\u00e1k-napja-018.jpg 1024w, https:\/\/marcali.plebania.hu\/wp-content\/uploads\/2019\/05\/any\u00e1k-napja-018-300x199.jpg 300w, https:\/\/marcali.plebania.hu\/wp-content\/uploads\/2019\/05\/any\u00e1k-napja-018-768x509.jpg 768w, https:\/\/marcali.plebania.hu\/wp-content\/uploads\/2019\/05\/any\u00e1k-napja-018-408x270.jpg 408w\" sizes=\"auto, (max-width: 1024px) 100vw, 1024px\" \/><\/figure><\/li><li class=\"blocks-gallery-item\"><figure><img loading=\"lazy\" decoding=\"async\" width=\"1024\" height=\"678\" src=\"https:\/\/marcali.plebania.hu\/wp-content\/uploads\/2019\/05\/any\u00e1k-napja-001-1024x678.jpg\" alt=\"\" data-id=\"865\" data-link=\"https:\/\/marcali.plebania.hu\/?attachment_id=865\" class=\"wp-image-865\" srcset=\"https:\/\/marcali.plebania.hu\/wp-content\/uploads\/2019\/05\/any\u00e1k-napja-001.jpg 1024w, https:\/\/marcali.plebania.hu\/wp-content\/uploads\/2019\/05\/any\u00e1k-napja-001-300x199.jpg 300w, https:\/\/marcali.plebania.hu\/wp-content\/uploads\/2019\/05\/any\u00e1k-napja-001-768x509.jpg 768w, https:\/\/marcali.plebania.hu\/wp-content\/uploads\/2019\/05\/any\u00e1k-napja-001-408x270.jpg 408w\" sizes=\"auto, (max-width: 1024px) 100vw, 1024px\" \/><\/figure><\/li><\/ul>\n","protected":false},"excerpt":{"rendered":"<p>M\u00e1jus els\u0151 vas\u00e1rnapj\u00e1n az \u00e9desany\u00e1kat k\u00f6sz\u00f6nt\u00f6tt\u00e9k a reggeli szentmis\u00e9n a hittanos gyermekek. A k\u00f6sz\u00f6nt\u0151ben versek \u00e9s im\u00e1k hangzottak el az \u00e9desany\u00e1k\u00e9rt \u00e9s nagymam\u00e1k\u00e9rt. A m\u0171sor ut\u00e1n egy sz\u00e9p sz\u00e1l piros r\u00f3zs\u00e1val vittek \u00e9desanyjuknak, nagyanyjuknak . Ezzel a k\u00f6sz\u00f6nt\u0151vel k\u00f6sz\u00f6nt\u00e9k meg minden Marcali \u00e9desanya j\u00f3s\u00e1g\u00e1t \u00e9s szeretet\u00e9t.<\/p>\n","protected":false},"author":2,"featured_media":0,"comment_status":"closed","ping_status":"open","sticky":false,"template":"","format":"standard","meta":{"footnotes":""},"categories":[1],"tags":[],"class_list":["post-861","post","type-post","status-publish","format-standard","hentry","category-egyeb"],"_links":{"self":[{"href":"https:\/\/marcali.plebania.hu\/index.php?rest_route=\/wp\/v2\/posts\/861","targetHints":{"allow":["GET"]}}],"collection":[{"href":"https:\/\/marcali.plebania.hu\/index.php?rest_route=\/wp\/v2\/posts"}],"about":[{"href":"https:\/\/marcali.plebania.hu\/index.php?rest_route=\/wp\/v2\/types\/post"}],"author":[{"embeddable":true,"href":"https:\/\/marcali.plebania.hu\/index.php?rest_route=\/wp\/v2\/users\/2"}],"replies":[{"embeddable":true,"href":"https:\/\/marcali.plebania.hu\/index.php?rest_route=%2Fwp%2Fv2%2Fcomments&post=861"}],"version-history":[{"count":1,"href":"https:\/\/marcali.plebania.hu\/index.php?rest_route=\/wp\/v2\/posts\/861\/revisions"}],"predecessor-version":[{"id":866,"href":"https:\/\/marcali.plebania.hu\/index.php?rest_route=\/wp\/v2\/posts\/861\/revisions\/866"}],"wp:attachment":[{"href":"https:\/\/marcali.plebania.hu\/index.php?rest_route=%2Fwp%2Fv2%2Fmedia&parent=861"}],"wp:term":[{"taxonomy":"category","embeddable":true,"href":"https:\/\/marcali.plebania.hu\/index.php?rest_route=%2Fwp%2Fv2%2Fcategories&post=861"},{"taxonomy":"post_tag","embeddable":true,"href":"https:\/\/marcali.plebania.hu\/index.php?rest_route=%2Fwp%2Fv2%2Ftags&post=861"}],"curies":[{"name":"wp","href":"https:\/\/api.w.org\/{rel}","templated":true}]}}