{"id":867,"date":"2019-05-10T08:12:14","date_gmt":"2019-05-10T08:12:14","guid":{"rendered":"https:\/\/marcali.plebania.hu\/?p=867"},"modified":"2019-05-10T08:12:47","modified_gmt":"2019-05-10T08:12:47","slug":"hirdetesek-2019-05-12","status":"publish","type":"post","link":"https:\/\/marcali.plebania.hu\/?p=867","title":{"rendered":"Hirdet\u00e9sek, 2019. 05. 12."},"content":{"rendered":"\n<ol class=\"wp-block-list\"><li>Ma H\u00fasv\u00e9t 4. vas\u00e1rnapja, a J\u00f3 P\u00e1sztor vas\u00e1rnapja. Ilyenkor a papi \u00e9s szerzetesi hivat\u00e1sok\u00e9rt im\u00e1dkozunk.<\/li><li>A h\u00e9ten, p\u00e9nteken 17.30-kor az \u00d6r\u00f6m \u00fatj\u00e1t j\u00e1rjuk, 18 \u00f3rakor szentmise.<\/li><li>Szombaton reggel 5 \u00f3rakor a pl\u00e9b\u00e1niatemplom el\u0151l indul a zar\u00e1ndokcsoportunk Egyh\u00e1zmegyei zar\u00e1ndoklatra a szlov\u00e1kiai Garamszentbenedekre. M\u00e9g 4 hely\u00fcnk van a buszokon, a h\u00e9ten b\u00e1rki csatlakozhat.<\/li><li>Szombaton este a 18 \u00f3ri\u00e1s szentmise elmarad.<\/li><li>A Kaposv\u00e1ri Egyh\u00e1zmegy\u00e9ben jelenleg zsinat folyik. A zsinatba bekapcsol\u00f3dva a Marcali K\u00c9SZ szervezet megh\u00edvta dr. G\u00e1rdonyi M\u00e1t\u00e9 balatonkiliti pl\u00e9b\u00e1nost (aki teol\u00f3giai tan\u00e1r is), hogy m\u00e1jus 30-\u00e1n (cs\u00fct\u00f6rt\u00f6k\u00f6n) 18 \u00f3rakor az X-h\u00e1zban tartson el\u0151ad\u00e1st a zsinatr\u00f3l. Szeretn\u00e9nk min\u00e9l sz\u00e9lesebb k\u00f6rben megh\u00edvni az egyh\u00e1zk\u00f6zs\u00e9g minden tagj\u00e1t.<\/li><\/ol>\n","protected":false},"excerpt":{"rendered":"<p>Ma H\u00fasv\u00e9t 4. vas\u00e1rnapja, a J\u00f3 P\u00e1sztor vas\u00e1rnapja. Ilyenkor a papi \u00e9s szerzetesi hivat\u00e1sok\u00e9rt im\u00e1dkozunk. A h\u00e9ten, p\u00e9nteken 17.30-kor az \u00d6r\u00f6m \u00fatj\u00e1t j\u00e1rjuk, 18 \u00f3rakor szentmise. Szombaton reggel 5 \u00f3rakor a pl\u00e9b\u00e1niatemplom el\u0151l indul a zar\u00e1ndokcsoportunk Egyh\u00e1zmegyei zar\u00e1ndoklatra a szlov\u00e1kiai Garamszentbenedekre. M\u00e9g 4 hely\u00fcnk van a buszokon, a h\u00e9ten b\u00e1rki csatlakozhat. Szombaton este a 18 \u00f3ri\u00e1s szentmise elmarad. A Kaposv\u00e1ri Egyh\u00e1zmegy\u00e9ben jelenleg zsinat folyik. A zsinatba bekapcsol\u00f3dva a Marcali K\u00c9SZ szervezet megh\u00edvta dr. G\u00e1rdonyi M\u00e1t\u00e9 balatonkiliti pl\u00e9b\u00e1nost (aki teol\u00f3giai tan\u00e1r&#8230;<\/p>\n<p class=\"read-more\"><a class=\"btn btn-default\" href=\"https:\/\/marcali.plebania.hu\/?p=867\"> Read More<span class=\"screen-reader-text\">  Read More<\/span><\/a><\/p>\n","protected":false},"author":2,"featured_media":0,"comment_status":"closed","ping_status":"open","sticky":false,"template":"","format":"standard","meta":{"footnotes":""},"categories":[1],"tags":[],"class_list":["post-867","post","type-post","status-publish","format-standard","hentry","category-egyeb"],"_links":{"self":[{"href":"https:\/\/marcali.plebania.hu\/index.php?rest_route=\/wp\/v2\/posts\/867","targetHints":{"allow":["GET"]}}],"collection":[{"href":"https:\/\/marcali.plebania.hu\/index.php?rest_route=\/wp\/v2\/posts"}],"about":[{"href":"https:\/\/marcali.plebania.hu\/index.php?rest_route=\/wp\/v2\/types\/post"}],"author":[{"embeddable":true,"href":"https:\/\/marcali.plebania.hu\/index.php?rest_route=\/wp\/v2\/users\/2"}],"replies":[{"embeddable":true,"href":"https:\/\/marcali.plebania.hu\/index.php?rest_route=%2Fwp%2Fv2%2Fcomments&post=867"}],"version-history":[{"count":2,"href":"https:\/\/marcali.plebania.hu\/index.php?rest_route=\/wp\/v2\/posts\/867\/revisions"}],"predecessor-version":[{"id":869,"href":"https:\/\/marcali.plebania.hu\/index.php?rest_route=\/wp\/v2\/posts\/867\/revisions\/869"}],"wp:attachment":[{"href":"https:\/\/marcali.plebania.hu\/index.php?rest_route=%2Fwp%2Fv2%2Fmedia&parent=867"}],"wp:term":[{"taxonomy":"category","embeddable":true,"href":"https:\/\/marcali.plebania.hu\/index.php?rest_route=%2Fwp%2Fv2%2Fcategories&post=867"},{"taxonomy":"post_tag","embeddable":true,"href":"https:\/\/marcali.plebania.hu\/index.php?rest_route=%2Fwp%2Fv2%2Ftags&post=867"}],"curies":[{"name":"wp","href":"https:\/\/api.w.org\/{rel}","templated":true}]}}