{"id":871,"date":"2019-05-16T09:05:14","date_gmt":"2019-05-16T09:05:14","guid":{"rendered":"https:\/\/marcali.plebania.hu\/?p=871"},"modified":"2019-05-16T09:05:14","modified_gmt":"2019-05-16T09:05:14","slug":"elsoaldozas-2019","status":"publish","type":"post","link":"https:\/\/marcali.plebania.hu\/?p=871","title":{"rendered":"Els\u0151\u00e1ldoz\u00e1s 2019."},"content":{"rendered":"\n<p><strong>M\u00e1jus 22. 16.30 \u00f3ra<\/strong><strong>: <em>sz\u00fcl\u0151i \u00e9rtekezlet az\nels\u0151\u00e1ldoz\u00e1sr\u00f3l az X-h\u00e1zban<\/em><\/strong><\/p>\n\n\n\n<p><strong>M\u00e1jus 24. 14 \u00f3ra<\/strong><strong>: <em>els\u0151\u00e1ldoz\u00f3k gy\u00f3n\u00e1sa a pl\u00e9b\u00e1niatemplomban<\/em><\/strong><\/p>\n\n\n\n<p><strong>M\u00e1jus 31. 14 \u00f3ra:<\/strong><strong> <em>els\u0151\u00e1ldoz\u00f3k f\u0151pr\u00f3b\u00e1ja a pl\u00e9b\u00e1niatemplomban<\/em><\/strong><\/p>\n\n\n\n<p><strong>J\u00fanius 2. 9 \u00f3ra<\/strong><strong>: <em>els\u0151\u00e1ldoz\u00e1s a pl\u00e9b\u00e1nia-templomban\n(8.30-kor gy\u00fclekez\u0151)<\/em><\/strong><\/p>\n","protected":false},"excerpt":{"rendered":"<p>M\u00e1jus 22. 16.30 \u00f3ra: sz\u00fcl\u0151i \u00e9rtekezlet az els\u0151\u00e1ldoz\u00e1sr\u00f3l az X-h\u00e1zban M\u00e1jus 24. 14 \u00f3ra: els\u0151\u00e1ldoz\u00f3k gy\u00f3n\u00e1sa a pl\u00e9b\u00e1niatemplomban M\u00e1jus 31. 14 \u00f3ra: els\u0151\u00e1ldoz\u00f3k f\u0151pr\u00f3b\u00e1ja a pl\u00e9b\u00e1niatemplomban J\u00fanius 2. 9 \u00f3ra: els\u0151\u00e1ldoz\u00e1s a pl\u00e9b\u00e1nia-templomban (8.30-kor gy\u00fclekez\u0151)<\/p>\n","protected":false},"author":2,"featured_media":0,"comment_status":"closed","ping_status":"open","sticky":false,"template":"","format":"standard","meta":{"footnotes":""},"categories":[1],"tags":[],"class_list":["post-871","post","type-post","status-publish","format-standard","hentry","category-egyeb"],"_links":{"self":[{"href":"https:\/\/marcali.plebania.hu\/index.php?rest_route=\/wp\/v2\/posts\/871","targetHints":{"allow":["GET"]}}],"collection":[{"href":"https:\/\/marcali.plebania.hu\/index.php?rest_route=\/wp\/v2\/posts"}],"about":[{"href":"https:\/\/marcali.plebania.hu\/index.php?rest_route=\/wp\/v2\/types\/post"}],"author":[{"embeddable":true,"href":"https:\/\/marcali.plebania.hu\/index.php?rest_route=\/wp\/v2\/users\/2"}],"replies":[{"embeddable":true,"href":"https:\/\/marcali.plebania.hu\/index.php?rest_route=%2Fwp%2Fv2%2Fcomments&post=871"}],"version-history":[{"count":1,"href":"https:\/\/marcali.plebania.hu\/index.php?rest_route=\/wp\/v2\/posts\/871\/revisions"}],"predecessor-version":[{"id":872,"href":"https:\/\/marcali.plebania.hu\/index.php?rest_route=\/wp\/v2\/posts\/871\/revisions\/872"}],"wp:attachment":[{"href":"https:\/\/marcali.plebania.hu\/index.php?rest_route=%2Fwp%2Fv2%2Fmedia&parent=871"}],"wp:term":[{"taxonomy":"category","embeddable":true,"href":"https:\/\/marcali.plebania.hu\/index.php?rest_route=%2Fwp%2Fv2%2Fcategories&post=871"},{"taxonomy":"post_tag","embeddable":true,"href":"https:\/\/marcali.plebania.hu\/index.php?rest_route=%2Fwp%2Fv2%2Ftags&post=871"}],"curies":[{"name":"wp","href":"https:\/\/api.w.org\/{rel}","templated":true}]}}