{"id":875,"date":"2019-05-17T08:40:29","date_gmt":"2019-05-17T08:40:29","guid":{"rendered":"https:\/\/marcali.plebania.hu\/?p=875"},"modified":"2019-05-24T08:20:31","modified_gmt":"2019-05-24T08:20:31","slug":"hirdetesek-2019-05-19","status":"publish","type":"post","link":"https:\/\/marcali.plebania.hu\/?p=875","title":{"rendered":"Hirdet\u00e9sek, 2019. 05. 19."},"content":{"rendered":"\n<ol class=\"wp-block-list\"><li>Ma van H\u00fasv\u00e9t 5. vas\u00e1rnapja.<\/li><li><strong>Els\u0151\u00e1ldoz\u00e1ssal kapcsolatos tudnival\u00f3k: <\/strong><\/li><li>M\u00e1jus 22. 16.30 \u00f3ra: <em>sz\u00fcl\u0151i \u00e9rtekezlet az els\u0151\u00e1ldoz\u00e1sr\u00f3l az X-h\u00e1zban<\/em><\/li><li>M\u00e1jus 24. 14 \u00f3ra: <em>els\u0151\u00e1ldoz\u00f3k gy\u00f3n\u00e1sa a pl\u00e9b\u00e1niatemplomban<\/em><\/li><li>M\u00e1jus 31. 14 \u00f3ra: <em>els\u0151\u00e1ldoz\u00f3k f\u0151pr\u00f3b\u00e1ja a pl\u00e9b\u00e1niatemplomban<\/em><\/li><li>J\u00fanius 2. 9 \u00f3ra: <em>els\u0151\u00e1ldoz\u00e1s a pl\u00e9b\u00e1niatemplomban (8.30-kor gy\u00fclekez\u0151)<\/em><\/li><li><strong>B\u00e9rm\u00e1l\u00e1ssal kapcsolatos tudnival\u00f3k:<\/strong><\/li><li>M\u00e1jus 22. 17.15 \u00f3ra: <em>sz\u00fcl\u0151i \u00e9rtekezlet a b\u00e9rm\u00e1l\u00e1sr\u00f3l az X-h\u00e1zban<\/em><\/li><li>J\u00fanius 6. 14 \u00f3ra: <em>b\u00e9rm\u00e1lkoz\u00f3k gy\u00f3n\u00e1sa \u00e9s f\u0151pr\u00f3ba a pl\u00e9b\u00e1nia-templomban<\/em><\/li><li>J\u00fanius 9. (P\u00fcnk\u00f6sdvas\u00e1rnap) 16 \u00f3ra: <em>b\u00e9rm\u00e1l\u00e1s a pl\u00e9b\u00e1niatemplomba (15.30-kor gy\u00fclekez\u0151)<\/em><\/li><li>J\u00f6v\u0151 vas\u00e1rnap 11 \u00f3rakor lesz az Orb\u00e1n k\u00e1polna b\u00facs\u00faja. <\/li><li>A Kaposv\u00e1ri Egyh\u00e1zmegy\u00e9ben jelenleg zsinat folyik. A zsinatba bekapcsol\u00f3dva a Marcali K\u00c9SZ szervezet megh\u00edvta dr. G\u00e1rdonyi M\u00e1t\u00e9 balatonkiliti pl\u00e9b\u00e1nost (aki teol\u00f3giai tan\u00e1r is), hogy m\u00e1jus 30-\u00e1n (cs\u00fct\u00f6rt\u00f6k\u00f6n) 18 \u00f3rakor az X-h\u00e1zban tartson el\u0151ad\u00e1st a zsinatr\u00f3l. Szeretn\u00e9nk min\u00e9l sz\u00e9lesebb k\u00f6rben megh\u00edvni az egyh\u00e1zk\u00f6zs\u00e9g minden tagj\u00e1t.<\/li><\/ol>\n","protected":false},"excerpt":{"rendered":"<p>Ma van H\u00fasv\u00e9t 5. vas\u00e1rnapja. Els\u0151\u00e1ldoz\u00e1ssal kapcsolatos tudnival\u00f3k: M\u00e1jus 22. 16.30 \u00f3ra: sz\u00fcl\u0151i \u00e9rtekezlet az els\u0151\u00e1ldoz\u00e1sr\u00f3l az X-h\u00e1zban M\u00e1jus 24. 14 \u00f3ra: els\u0151\u00e1ldoz\u00f3k gy\u00f3n\u00e1sa a pl\u00e9b\u00e1niatemplomban M\u00e1jus 31. 14 \u00f3ra: els\u0151\u00e1ldoz\u00f3k f\u0151pr\u00f3b\u00e1ja a pl\u00e9b\u00e1niatemplomban J\u00fanius 2. 9 \u00f3ra: els\u0151\u00e1ldoz\u00e1s a pl\u00e9b\u00e1niatemplomban (8.30-kor gy\u00fclekez\u0151) B\u00e9rm\u00e1l\u00e1ssal kapcsolatos tudnival\u00f3k: M\u00e1jus 22. 17.15 \u00f3ra: sz\u00fcl\u0151i \u00e9rtekezlet a b\u00e9rm\u00e1l\u00e1sr\u00f3l az X-h\u00e1zban J\u00fanius 6. 14 \u00f3ra: b\u00e9rm\u00e1lkoz\u00f3k gy\u00f3n\u00e1sa \u00e9s f\u0151pr\u00f3ba a pl\u00e9b\u00e1nia-templomban J\u00fanius 9. (P\u00fcnk\u00f6sdvas\u00e1rnap) 16 \u00f3ra: b\u00e9rm\u00e1l\u00e1s a pl\u00e9b\u00e1niatemplomba (15.30-kor gy\u00fclekez\u0151) J\u00f6v\u0151 vas\u00e1rnap 11 \u00f3rakor&#8230;<\/p>\n<p class=\"read-more\"><a class=\"btn btn-default\" href=\"https:\/\/marcali.plebania.hu\/?p=875\"> Read More<span class=\"screen-reader-text\">  Read More<\/span><\/a><\/p>\n","protected":false},"author":2,"featured_media":0,"comment_status":"closed","ping_status":"open","sticky":false,"template":"","format":"standard","meta":{"footnotes":""},"categories":[1],"tags":[],"class_list":["post-875","post","type-post","status-publish","format-standard","hentry","category-egyeb"],"_links":{"self":[{"href":"https:\/\/marcali.plebania.hu\/index.php?rest_route=\/wp\/v2\/posts\/875","targetHints":{"allow":["GET"]}}],"collection":[{"href":"https:\/\/marcali.plebania.hu\/index.php?rest_route=\/wp\/v2\/posts"}],"about":[{"href":"https:\/\/marcali.plebania.hu\/index.php?rest_route=\/wp\/v2\/types\/post"}],"author":[{"embeddable":true,"href":"https:\/\/marcali.plebania.hu\/index.php?rest_route=\/wp\/v2\/users\/2"}],"replies":[{"embeddable":true,"href":"https:\/\/marcali.plebania.hu\/index.php?rest_route=%2Fwp%2Fv2%2Fcomments&post=875"}],"version-history":[{"count":2,"href":"https:\/\/marcali.plebania.hu\/index.php?rest_route=\/wp\/v2\/posts\/875\/revisions"}],"predecessor-version":[{"id":895,"href":"https:\/\/marcali.plebania.hu\/index.php?rest_route=\/wp\/v2\/posts\/875\/revisions\/895"}],"wp:attachment":[{"href":"https:\/\/marcali.plebania.hu\/index.php?rest_route=%2Fwp%2Fv2%2Fmedia&parent=875"}],"wp:term":[{"taxonomy":"category","embeddable":true,"href":"https:\/\/marcali.plebania.hu\/index.php?rest_route=%2Fwp%2Fv2%2Fcategories&post=875"},{"taxonomy":"post_tag","embeddable":true,"href":"https:\/\/marcali.plebania.hu\/index.php?rest_route=%2Fwp%2Fv2%2Ftags&post=875"}],"curies":[{"name":"wp","href":"https:\/\/api.w.org\/{rel}","templated":true}]}}