{"id":877,"date":"2019-05-23T09:24:32","date_gmt":"2019-05-23T09:24:32","guid":{"rendered":"https:\/\/marcali.plebania.hu\/?p=877"},"modified":"2019-05-23T09:24:32","modified_gmt":"2019-05-23T09:24:32","slug":"a-kaposvari-egyhazmegye-zarandoklata-szlovakiaba-marcali-zarandokokkal","status":"publish","type":"post","link":"https:\/\/marcali.plebania.hu\/?p=877","title":{"rendered":"A Kaposv\u00e1ri Egyh\u00e1zmegye zar\u00e1ndoklata Szlov\u00e1ki\u00e1ba \u2013 Marcali zar\u00e1ndokokkal"},"content":{"rendered":"\n<p>A Kaposv\u00e1ri Egyh\u00e1zmegye a 2020-as Eucharisztikus Kongresszusra k\u00e9sz\u00fclve zar\u00e1ndoklatot hirdetett Szent V\u00e9r kegyhelyekre.<\/p>\n\n\n\n<ul class=\"wp-block-gallery columns-3 is-cropped wp-block-gallery-1 is-layout-flex wp-block-gallery-is-layout-flex\"><li class=\"blocks-gallery-item\"><figure><img loading=\"lazy\" decoding=\"async\" width=\"1024\" height=\"685\" src=\"https:\/\/marcali.plebania.hu\/wp-content\/uploads\/2019\/05\/2019.05.17.Szent-V\u00e9r-363-1024x685.jpg\" alt=\"\" data-id=\"879\" data-link=\"https:\/\/marcali.plebania.hu\/?attachment_id=879\" class=\"wp-image-879\" srcset=\"https:\/\/marcali.plebania.hu\/wp-content\/uploads\/2019\/05\/2019.05.17.Szent-V\u00e9r-363-1024x685.jpg 1024w, https:\/\/marcali.plebania.hu\/wp-content\/uploads\/2019\/05\/2019.05.17.Szent-V\u00e9r-363-300x201.jpg 300w, https:\/\/marcali.plebania.hu\/wp-content\/uploads\/2019\/05\/2019.05.17.Szent-V\u00e9r-363-768x514.jpg 768w, https:\/\/marcali.plebania.hu\/wp-content\/uploads\/2019\/05\/2019.05.17.Szent-V\u00e9r-363-403x270.jpg 403w, https:\/\/marcali.plebania.hu\/wp-content\/uploads\/2019\/05\/2019.05.17.Szent-V\u00e9r-363.jpg 1936w\" sizes=\"auto, (max-width: 1024px) 100vw, 1024px\" \/><\/figure><\/li><li class=\"blocks-gallery-item\"><figure><img loading=\"lazy\" decoding=\"async\" width=\"1024\" height=\"685\" src=\"https:\/\/marcali.plebania.hu\/wp-content\/uploads\/2019\/05\/2019.05.17.Szent-V\u00e9r-263-1-1024x685.jpg\" alt=\"\" data-id=\"880\" data-link=\"https:\/\/marcali.plebania.hu\/?attachment_id=880\" class=\"wp-image-880\" srcset=\"https:\/\/marcali.plebania.hu\/wp-content\/uploads\/2019\/05\/2019.05.17.Szent-V\u00e9r-263-1-1024x685.jpg 1024w, https:\/\/marcali.plebania.hu\/wp-content\/uploads\/2019\/05\/2019.05.17.Szent-V\u00e9r-263-1-300x201.jpg 300w, https:\/\/marcali.plebania.hu\/wp-content\/uploads\/2019\/05\/2019.05.17.Szent-V\u00e9r-263-1-768x514.jpg 768w, https:\/\/marcali.plebania.hu\/wp-content\/uploads\/2019\/05\/2019.05.17.Szent-V\u00e9r-263-1-403x270.jpg 403w, https:\/\/marcali.plebania.hu\/wp-content\/uploads\/2019\/05\/2019.05.17.Szent-V\u00e9r-263-1.jpg 1936w\" sizes=\"auto, (max-width: 1024px) 100vw, 1024px\" \/><\/figure><\/li><li class=\"blocks-gallery-item\"><figure><img loading=\"lazy\" decoding=\"async\" width=\"1024\" height=\"685\" src=\"https:\/\/marcali.plebania.hu\/wp-content\/uploads\/2019\/05\/2019.05.17.Szent-V\u00e9r-379-1024x685.jpg\" alt=\"\" data-id=\"881\" data-link=\"https:\/\/marcali.plebania.hu\/?attachment_id=881\" class=\"wp-image-881\" srcset=\"https:\/\/marcali.plebania.hu\/wp-content\/uploads\/2019\/05\/2019.05.17.Szent-V\u00e9r-379-1024x685.jpg 1024w, https:\/\/marcali.plebania.hu\/wp-content\/uploads\/2019\/05\/2019.05.17.Szent-V\u00e9r-379-300x201.jpg 300w, https:\/\/marcali.plebania.hu\/wp-content\/uploads\/2019\/05\/2019.05.17.Szent-V\u00e9r-379-768x514.jpg 768w, https:\/\/marcali.plebania.hu\/wp-content\/uploads\/2019\/05\/2019.05.17.Szent-V\u00e9r-379-403x270.jpg 403w, https:\/\/marcali.plebania.hu\/wp-content\/uploads\/2019\/05\/2019.05.17.Szent-V\u00e9r-379.jpg 1936w\" sizes=\"auto, (max-width: 1024px) 100vw, 1024px\" \/><\/figure><\/li><li class=\"blocks-gallery-item\"><figure><img loading=\"lazy\" decoding=\"async\" width=\"1024\" height=\"685\" src=\"https:\/\/marcali.plebania.hu\/wp-content\/uploads\/2019\/05\/2019.05.17.Szent-V\u00e9r-348-1024x685.jpg\" alt=\"\" data-id=\"882\" data-link=\"https:\/\/marcali.plebania.hu\/?attachment_id=882\" class=\"wp-image-882\" srcset=\"https:\/\/marcali.plebania.hu\/wp-content\/uploads\/2019\/05\/2019.05.17.Szent-V\u00e9r-348-1024x685.jpg 1024w, https:\/\/marcali.plebania.hu\/wp-content\/uploads\/2019\/05\/2019.05.17.Szent-V\u00e9r-348-300x201.jpg 300w, https:\/\/marcali.plebania.hu\/wp-content\/uploads\/2019\/05\/2019.05.17.Szent-V\u00e9r-348-768x514.jpg 768w, https:\/\/marcali.plebania.hu\/wp-content\/uploads\/2019\/05\/2019.05.17.Szent-V\u00e9r-348-403x270.jpg 403w, https:\/\/marcali.plebania.hu\/wp-content\/uploads\/2019\/05\/2019.05.17.Szent-V\u00e9r-348.jpg 1936w\" sizes=\"auto, (max-width: 1024px) 100vw, 1024px\" \/><\/figure><\/li><\/ul>\n\n\n\n<p>K\u00e9t \u00e9vvel ezel\u0151tt a b\u00e1tai Szent V\u00e9r templomba, tavaly pedig a horv\u00e1torsz\u00e1gi Ludbregbe, az egykori Batthy\u00e1ny ter\u00fcleten fekv\u0151 kegyhelyre l\u00e1togattak el a h\u00edvek. Id\u00e9n, m\u00e1jus 18-\u00e1n mintegy h\u00e9tsz\u00e1z zar\u00e1ndok indult \u00fatnak a felvid\u00e9ki Garamszentbenedeken tal\u00e1lhat\u00f3 Szent V\u00e9r kegyhelyre. A h\u00e9tsz\u00e1z zar\u00e1ndok k\u00f6zt 82 Marcali zar\u00e1ndok is volt Kiss Iv\u00e1n pl\u00e9b\u00e1nos vezet\u00e9s\u00e9vel. Garamszentbenedek Marcalit\u00f3l 300 km-re tal\u00e1lhat\u00f3.<\/p>\n\n\n\n<ul class=\"wp-block-gallery columns-3 is-cropped wp-block-gallery-2 is-layout-flex wp-block-gallery-is-layout-flex\"><li class=\"blocks-gallery-item\"><figure><img loading=\"lazy\" decoding=\"async\" width=\"1024\" height=\"678\" src=\"https:\/\/marcali.plebania.hu\/wp-content\/uploads\/2019\/05\/Garamszentbenedek-507-1024x678.jpg\" alt=\"\" data-id=\"883\" data-link=\"https:\/\/marcali.plebania.hu\/?attachment_id=883\" class=\"wp-image-883\" srcset=\"https:\/\/marcali.plebania.hu\/wp-content\/uploads\/2019\/05\/Garamszentbenedek-507.jpg 1024w, https:\/\/marcali.plebania.hu\/wp-content\/uploads\/2019\/05\/Garamszentbenedek-507-300x199.jpg 300w, https:\/\/marcali.plebania.hu\/wp-content\/uploads\/2019\/05\/Garamszentbenedek-507-768x509.jpg 768w, https:\/\/marcali.plebania.hu\/wp-content\/uploads\/2019\/05\/Garamszentbenedek-507-408x270.jpg 408w\" sizes=\"auto, (max-width: 1024px) 100vw, 1024px\" \/><\/figure><\/li><li class=\"blocks-gallery-item\"><figure><img loading=\"lazy\" decoding=\"async\" width=\"1024\" height=\"678\" src=\"https:\/\/marcali.plebania.hu\/wp-content\/uploads\/2019\/05\/Garamszentbenedek-261-1024x678.jpg\" alt=\"\" data-id=\"884\" data-link=\"https:\/\/marcali.plebania.hu\/?attachment_id=884\" class=\"wp-image-884\" srcset=\"https:\/\/marcali.plebania.hu\/wp-content\/uploads\/2019\/05\/Garamszentbenedek-261.jpg 1024w, https:\/\/marcali.plebania.hu\/wp-content\/uploads\/2019\/05\/Garamszentbenedek-261-300x199.jpg 300w, https:\/\/marcali.plebania.hu\/wp-content\/uploads\/2019\/05\/Garamszentbenedek-261-768x509.jpg 768w, https:\/\/marcali.plebania.hu\/wp-content\/uploads\/2019\/05\/Garamszentbenedek-261-408x270.jpg 408w\" sizes=\"auto, (max-width: 1024px) 100vw, 1024px\" \/><\/figure><\/li><li class=\"blocks-gallery-item\"><figure><img loading=\"lazy\" decoding=\"async\" width=\"1024\" height=\"678\" src=\"https:\/\/marcali.plebania.hu\/wp-content\/uploads\/2019\/05\/Garamszentbenedek-289-1024x678.jpg\" alt=\"\" data-id=\"885\" data-link=\"https:\/\/marcali.plebania.hu\/?attachment_id=885\" class=\"wp-image-885\" srcset=\"https:\/\/marcali.plebania.hu\/wp-content\/uploads\/2019\/05\/Garamszentbenedek-289.jpg 1024w, https:\/\/marcali.plebania.hu\/wp-content\/uploads\/2019\/05\/Garamszentbenedek-289-300x199.jpg 300w, https:\/\/marcali.plebania.hu\/wp-content\/uploads\/2019\/05\/Garamszentbenedek-289-768x509.jpg 768w, https:\/\/marcali.plebania.hu\/wp-content\/uploads\/2019\/05\/Garamszentbenedek-289-408x270.jpg 408w\" sizes=\"auto, (max-width: 1024px) 100vw, 1024px\" \/><\/figure><\/li><li class=\"blocks-gallery-item\"><figure><img loading=\"lazy\" decoding=\"async\" width=\"1024\" height=\"678\" src=\"https:\/\/marcali.plebania.hu\/wp-content\/uploads\/2019\/05\/Garamszentbenedek-314-1024x678.jpg\" alt=\"\" data-id=\"886\" data-link=\"https:\/\/marcali.plebania.hu\/?attachment_id=886\" class=\"wp-image-886\" srcset=\"https:\/\/marcali.plebania.hu\/wp-content\/uploads\/2019\/05\/Garamszentbenedek-314.jpg 1024w, https:\/\/marcali.plebania.hu\/wp-content\/uploads\/2019\/05\/Garamszentbenedek-314-300x199.jpg 300w, https:\/\/marcali.plebania.hu\/wp-content\/uploads\/2019\/05\/Garamszentbenedek-314-768x509.jpg 768w, https:\/\/marcali.plebania.hu\/wp-content\/uploads\/2019\/05\/Garamszentbenedek-314-408x270.jpg 408w\" sizes=\"auto, (max-width: 1024px) 100vw, 1024px\" \/><\/figure><\/li><\/ul>\n\n\n\n<p>Az\nerekly\u00e9t, a Krisztus v\u00e9r\u00e9vel \u00e1titatott Veronika kend\u0151j\u00e9nek egy darabj\u00e1t M\u00e1ty\u00e1s\nkir\u00e1ly aj\u00e1nd\u00e9kozta a garamszentbenedeki benc\u00e9s ap\u00e1ts\u00e1gi templomnak 1483-ban,\naki II. P\u00e1l p\u00e1p\u00e1t\u00f3l kapta azt. A g\u00f3tikus templomban Tom\u00e1\u0161 Gra\u010dka pl\u00e9b\u00e1nos\nk\u00f6sz\u00f6nt\u00f6tte a zar\u00e1ndokokat, majd Orosch J\u00e1nos nagyszombati \u00e9rsek \u00e9s Varga\nL\u00e1szl\u00f3 megy\u00e9sp\u00fcsp\u00f6k k\u00f6z\u00f6sen mutatt\u00e1k be az \u00fcnnepi szentmis\u00e9t, mintegy 10 pap seg\u00e9dlet\u00e9vel.<\/p>\n\n\n\n<p>A\nszentmise ut\u00e1n bemutatt\u00e1k tiszteletad\u00e1sra szent veronika kend\u0151j\u00e9nek ereklye\ndarabj\u00e1t.<\/p>\n\n\n\n<p>A marcali zar\u00e1ndokok ezut\u00e1n Nyitr\u00e1ra mentek \u00e9s ismerkedtek e t\u00f6rt\u00e9nelmi volt magyar v\u00e1rossal.<\/p>\n\n\n\n<ul class=\"wp-block-gallery columns-2 is-cropped wp-block-gallery-3 is-layout-flex wp-block-gallery-is-layout-flex\"><li class=\"blocks-gallery-item\"><figure><img loading=\"lazy\" decoding=\"async\" width=\"1024\" height=\"678\" src=\"https:\/\/marcali.plebania.hu\/wp-content\/uploads\/2019\/05\/Garamszentbenedek-524-1024x678.jpg\" alt=\"\" data-id=\"887\" data-link=\"https:\/\/marcali.plebania.hu\/?attachment_id=887\" class=\"wp-image-887\" srcset=\"https:\/\/marcali.plebania.hu\/wp-content\/uploads\/2019\/05\/Garamszentbenedek-524.jpg 1024w, https:\/\/marcali.plebania.hu\/wp-content\/uploads\/2019\/05\/Garamszentbenedek-524-300x199.jpg 300w, https:\/\/marcali.plebania.hu\/wp-content\/uploads\/2019\/05\/Garamszentbenedek-524-768x509.jpg 768w, https:\/\/marcali.plebania.hu\/wp-content\/uploads\/2019\/05\/Garamszentbenedek-524-408x270.jpg 408w\" sizes=\"auto, (max-width: 1024px) 100vw, 1024px\" \/><\/figure><\/li><li class=\"blocks-gallery-item\"><figure><img loading=\"lazy\" decoding=\"async\" width=\"1024\" height=\"678\" src=\"https:\/\/marcali.plebania.hu\/wp-content\/uploads\/2019\/05\/Garamszentbenedek-526-1024x678.jpg\" alt=\"\" data-id=\"888\" data-link=\"https:\/\/marcali.plebania.hu\/?attachment_id=888\" class=\"wp-image-888\" srcset=\"https:\/\/marcali.plebania.hu\/wp-content\/uploads\/2019\/05\/Garamszentbenedek-526.jpg 1024w, https:\/\/marcali.plebania.hu\/wp-content\/uploads\/2019\/05\/Garamszentbenedek-526-300x199.jpg 300w, https:\/\/marcali.plebania.hu\/wp-content\/uploads\/2019\/05\/Garamszentbenedek-526-768x509.jpg 768w, https:\/\/marcali.plebania.hu\/wp-content\/uploads\/2019\/05\/Garamszentbenedek-526-408x270.jpg 408w\" sizes=\"auto, (max-width: 1024px) 100vw, 1024px\" \/><\/figure><\/li><\/ul>\n","protected":false},"excerpt":{"rendered":"<p>A Kaposv\u00e1ri Egyh\u00e1zmegye a 2020-as Eucharisztikus Kongresszusra k\u00e9sz\u00fclve zar\u00e1ndoklatot hirdetett Szent V\u00e9r kegyhelyekre. K\u00e9t \u00e9vvel ezel\u0151tt a b\u00e1tai Szent V\u00e9r templomba, tavaly pedig a horv\u00e1torsz\u00e1gi Ludbregbe, az egykori Batthy\u00e1ny ter\u00fcleten fekv\u0151 kegyhelyre l\u00e1togattak el a h\u00edvek. Id\u00e9n, m\u00e1jus 18-\u00e1n mintegy h\u00e9tsz\u00e1z zar\u00e1ndok indult \u00fatnak a felvid\u00e9ki Garamszentbenedeken tal\u00e1lhat\u00f3 Szent V\u00e9r kegyhelyre. A h\u00e9tsz\u00e1z zar\u00e1ndok k\u00f6zt 82 Marcali zar\u00e1ndok is volt Kiss Iv\u00e1n pl\u00e9b\u00e1nos vezet\u00e9s\u00e9vel. Garamszentbenedek Marcalit\u00f3l 300 km-re tal\u00e1lhat\u00f3. Az erekly\u00e9t, a Krisztus v\u00e9r\u00e9vel \u00e1titatott Veronika kend\u0151j\u00e9nek egy darabj\u00e1t M\u00e1ty\u00e1s&#8230;<\/p>\n<p class=\"read-more\"><a class=\"btn btn-default\" href=\"https:\/\/marcali.plebania.hu\/?p=877\"> Read More<span class=\"screen-reader-text\">  Read More<\/span><\/a><\/p>\n","protected":false},"author":2,"featured_media":0,"comment_status":"closed","ping_status":"open","sticky":false,"template":"","format":"standard","meta":{"footnotes":""},"categories":[1],"tags":[],"class_list":["post-877","post","type-post","status-publish","format-standard","hentry","category-egyeb"],"_links":{"self":[{"href":"https:\/\/marcali.plebania.hu\/index.php?rest_route=\/wp\/v2\/posts\/877","targetHints":{"allow":["GET"]}}],"collection":[{"href":"https:\/\/marcali.plebania.hu\/index.php?rest_route=\/wp\/v2\/posts"}],"about":[{"href":"https:\/\/marcali.plebania.hu\/index.php?rest_route=\/wp\/v2\/types\/post"}],"author":[{"embeddable":true,"href":"https:\/\/marcali.plebania.hu\/index.php?rest_route=\/wp\/v2\/users\/2"}],"replies":[{"embeddable":true,"href":"https:\/\/marcali.plebania.hu\/index.php?rest_route=%2Fwp%2Fv2%2Fcomments&post=877"}],"version-history":[{"count":1,"href":"https:\/\/marcali.plebania.hu\/index.php?rest_route=\/wp\/v2\/posts\/877\/revisions"}],"predecessor-version":[{"id":889,"href":"https:\/\/marcali.plebania.hu\/index.php?rest_route=\/wp\/v2\/posts\/877\/revisions\/889"}],"wp:attachment":[{"href":"https:\/\/marcali.plebania.hu\/index.php?rest_route=%2Fwp%2Fv2%2Fmedia&parent=877"}],"wp:term":[{"taxonomy":"category","embeddable":true,"href":"https:\/\/marcali.plebania.hu\/index.php?rest_route=%2Fwp%2Fv2%2Fcategories&post=877"},{"taxonomy":"post_tag","embeddable":true,"href":"https:\/\/marcali.plebania.hu\/index.php?rest_route=%2Fwp%2Fv2%2Ftags&post=877"}],"curies":[{"name":"wp","href":"https:\/\/api.w.org\/{rel}","templated":true}]}}