{"id":893,"date":"2019-05-24T08:19:19","date_gmt":"2019-05-24T08:19:19","guid":{"rendered":"https:\/\/marcali.plebania.hu\/?p=893"},"modified":"2019-05-24T08:19:19","modified_gmt":"2019-05-24T08:19:19","slug":"hirdetesek-2019-05-26","status":"publish","type":"post","link":"https:\/\/marcali.plebania.hu\/?p=893","title":{"rendered":"Hirdet\u00e9sek, 2019. 05.26."},"content":{"rendered":"\n<ol class=\"wp-block-list\"><li>Ma van H\u00fasv\u00e9t 6. vas\u00e1rnapja. 11\n\u00f3rakor az Orb\u00e1n k\u00e1polna b\u00facs\u00faja.<\/li><li>A Kaposv\u00e1ri Egyh\u00e1zmegy\u00e9ben jelenleg\nzsinat folyik. A zsinatba bekapcsol\u00f3dva a Marcali Pl\u00e9b\u00e1nia megh\u00edvta dr.\nG\u00e1rdonyi M\u00e1t\u00e9 balatonkiliti pl\u00e9b\u00e1nost, teol\u00f3giai tan\u00e1rt, hogy m\u00e1jus 30-\u00e1n (cs\u00fct\u00f6rt\u00f6k\u00f6n)\n18 \u00f3rakor az X-h\u00e1zban tartson el\u0151ad\u00e1st a zsinatr\u00f3l. Az egyh\u00e1zk\u00f6zs\u00e9g minden\ntagj\u00e1t h\u00edvjuk \u00e9s v\u00e1rjuk.<\/li><li>P\u00e9nteken, d\u00e9lut\u00e1n 14 \u00f3rakor az\nels\u0151\u00e1ldoz\u00e1s f\u0151pr\u00f3b\u00e1ja a pl\u00e9b\u00e1niatemplomban. Az esti szentmise el\u0151tt a sz\u00fcl\u0151knek\ngy\u00f3n\u00e1si lehet\u0151s\u00e9g.<\/li><li>A j\u00f6v\u0151 vas\u00e1rnap, Urunk\nmennybemenetel\u00e9nek \u00fcnnep\u00e9n, a 9 \u00f3r\u00e1s szentmis\u00e9n lesz az els\u0151\u00e1ldoz\u00e1s.<\/li><\/ol>\n","protected":false},"excerpt":{"rendered":"<p>Ma van H\u00fasv\u00e9t 6. vas\u00e1rnapja. 11 \u00f3rakor az Orb\u00e1n k\u00e1polna b\u00facs\u00faja. A Kaposv\u00e1ri Egyh\u00e1zmegy\u00e9ben jelenleg zsinat folyik. A zsinatba bekapcsol\u00f3dva a Marcali Pl\u00e9b\u00e1nia megh\u00edvta dr. G\u00e1rdonyi M\u00e1t\u00e9 balatonkiliti pl\u00e9b\u00e1nost, teol\u00f3giai tan\u00e1rt, hogy m\u00e1jus 30-\u00e1n (cs\u00fct\u00f6rt\u00f6k\u00f6n) 18 \u00f3rakor az X-h\u00e1zban tartson el\u0151ad\u00e1st a zsinatr\u00f3l. Az egyh\u00e1zk\u00f6zs\u00e9g minden tagj\u00e1t h\u00edvjuk \u00e9s v\u00e1rjuk. P\u00e9nteken, d\u00e9lut\u00e1n 14 \u00f3rakor az els\u0151\u00e1ldoz\u00e1s f\u0151pr\u00f3b\u00e1ja a pl\u00e9b\u00e1niatemplomban. Az esti szentmise el\u0151tt a sz\u00fcl\u0151knek gy\u00f3n\u00e1si lehet\u0151s\u00e9g. A j\u00f6v\u0151 vas\u00e1rnap, Urunk mennybemenetel\u00e9nek \u00fcnnep\u00e9n, a 9 \u00f3r\u00e1s szentmis\u00e9n lesz az els\u0151\u00e1ldoz\u00e1s.<\/p>\n","protected":false},"author":2,"featured_media":0,"comment_status":"closed","ping_status":"open","sticky":false,"template":"","format":"standard","meta":{"footnotes":""},"categories":[1],"tags":[],"class_list":["post-893","post","type-post","status-publish","format-standard","hentry","category-egyeb"],"_links":{"self":[{"href":"https:\/\/marcali.plebania.hu\/index.php?rest_route=\/wp\/v2\/posts\/893","targetHints":{"allow":["GET"]}}],"collection":[{"href":"https:\/\/marcali.plebania.hu\/index.php?rest_route=\/wp\/v2\/posts"}],"about":[{"href":"https:\/\/marcali.plebania.hu\/index.php?rest_route=\/wp\/v2\/types\/post"}],"author":[{"embeddable":true,"href":"https:\/\/marcali.plebania.hu\/index.php?rest_route=\/wp\/v2\/users\/2"}],"replies":[{"embeddable":true,"href":"https:\/\/marcali.plebania.hu\/index.php?rest_route=%2Fwp%2Fv2%2Fcomments&post=893"}],"version-history":[{"count":1,"href":"https:\/\/marcali.plebania.hu\/index.php?rest_route=\/wp\/v2\/posts\/893\/revisions"}],"predecessor-version":[{"id":894,"href":"https:\/\/marcali.plebania.hu\/index.php?rest_route=\/wp\/v2\/posts\/893\/revisions\/894"}],"wp:attachment":[{"href":"https:\/\/marcali.plebania.hu\/index.php?rest_route=%2Fwp%2Fv2%2Fmedia&parent=893"}],"wp:term":[{"taxonomy":"category","embeddable":true,"href":"https:\/\/marcali.plebania.hu\/index.php?rest_route=%2Fwp%2Fv2%2Fcategories&post=893"},{"taxonomy":"post_tag","embeddable":true,"href":"https:\/\/marcali.plebania.hu\/index.php?rest_route=%2Fwp%2Fv2%2Ftags&post=893"}],"curies":[{"name":"wp","href":"https:\/\/api.w.org\/{rel}","templated":true}]}}