{"id":899,"date":"2019-05-31T10:06:52","date_gmt":"2019-05-31T10:06:52","guid":{"rendered":"https:\/\/marcali.plebania.hu\/?p=899"},"modified":"2019-05-31T10:06:52","modified_gmt":"2019-05-31T10:06:52","slug":"%ef%bb%bfhirdetesek-2019-06-02","status":"publish","type":"post","link":"https:\/\/marcali.plebania.hu\/?p=899","title":{"rendered":"\ufeffHirdet\u00e9sek, 2019. 06. 02."},"content":{"rendered":"\n<ol class=\"wp-block-list\"><li>Ma Urunk mennybemenetel\u00e9nek \u00fcnnepe. A\npl\u00e9b\u00e1niatemplomban els\u0151\u00e1ldoz\u00e1s.<\/li><li>P\u00fcnk\u00f6sdi miserend: 10 \u00f3ra: B. Gizella\ntemplom, 11 \u00f3ra: gombai templom, 16 \u00f3ra: pl\u00e9b\u00e1niatemplom \u2013 p\u00fcsp\u00f6ki mise\nb\u00e9rm\u00e1l\u00e1ssal.<\/li><li>A b\u00e9rm\u00e1lkoz\u00f3knak hirdetj\u00fck, hogy a\nb\u00e9rm\u00e1l\u00e1s f\u0151pr\u00f3b\u00e1ja, \u00e9s a b\u00e9rm\u00e1lkoz\u00f3k gy\u00f3n\u00e1sa cs\u00fct\u00f6rt\u00f6k\u00f6n 14 \u00f3rakor lesz a\npl\u00e9b\u00e1niatemplomban.<\/li><li>A sz\u00fcl\u0151k \u00e9s b\u00e9rmasz\u00fcl\u0151knek gy\u00f3n\u00e1si\nlehet\u0151s\u00e9g p\u00e9ntekem, 17 \u00f3r\u00e1t\u00f3l a pl\u00e9b\u00e1niatemplomban. A b\u00e9rmasz\u00fcl\u0151k r\u00e9sz\u00e9re\nk\u00f6telez\u0151 a gy\u00f3n\u00e1s elv\u00e9gz\u00e9se.<\/li><li>A h\u00e9ten els\u0151 p\u00e9ntek, 17 \u00f3r\u00e1t\u00f3l\ngy\u00f3ntat\u00e1s, majd 18 \u00f3rakor szentmise.<\/li><li>A h\u00edvek k\u00edv\u00e1ns\u00e1g\u00e1ra els\u0151 p\u00e9nteken 17\n\u00f3r\u00e1t\u00f3l kegyt\u00e1rgy\u00e1rus lesz a sekresty\u00e9ben.<\/li><li>Megk\u00f6sz\u00f6nj\u00fck, hogy a h\u00edvek olyan sz\u00e9p\nsz\u00e1mban j\u00f6ttek el a cs\u00fct\u00f6rt\u00f6ki zsinati el\u0151ad\u00e1sra.<\/li><\/ol>\n","protected":false},"excerpt":{"rendered":"<p>Ma Urunk mennybemenetel\u00e9nek \u00fcnnepe. A pl\u00e9b\u00e1niatemplomban els\u0151\u00e1ldoz\u00e1s. P\u00fcnk\u00f6sdi miserend: 10 \u00f3ra: B. Gizella templom, 11 \u00f3ra: gombai templom, 16 \u00f3ra: pl\u00e9b\u00e1niatemplom \u2013 p\u00fcsp\u00f6ki mise b\u00e9rm\u00e1l\u00e1ssal. A b\u00e9rm\u00e1lkoz\u00f3knak hirdetj\u00fck, hogy a b\u00e9rm\u00e1l\u00e1s f\u0151pr\u00f3b\u00e1ja, \u00e9s a b\u00e9rm\u00e1lkoz\u00f3k gy\u00f3n\u00e1sa cs\u00fct\u00f6rt\u00f6k\u00f6n 14 \u00f3rakor lesz a pl\u00e9b\u00e1niatemplomban. A sz\u00fcl\u0151k \u00e9s b\u00e9rmasz\u00fcl\u0151knek gy\u00f3n\u00e1si lehet\u0151s\u00e9g p\u00e9ntekem, 17 \u00f3r\u00e1t\u00f3l a pl\u00e9b\u00e1niatemplomban. A b\u00e9rmasz\u00fcl\u0151k r\u00e9sz\u00e9re k\u00f6telez\u0151 a gy\u00f3n\u00e1s elv\u00e9gz\u00e9se. A h\u00e9ten els\u0151 p\u00e9ntek, 17 \u00f3r\u00e1t\u00f3l gy\u00f3ntat\u00e1s, majd 18 \u00f3rakor szentmise. A h\u00edvek k\u00edv\u00e1ns\u00e1g\u00e1ra els\u0151 p\u00e9nteken 17 \u00f3r\u00e1t\u00f3l kegyt\u00e1rgy\u00e1rus lesz&#8230;<\/p>\n<p class=\"read-more\"><a class=\"btn btn-default\" href=\"https:\/\/marcali.plebania.hu\/?p=899\"> Read More<span class=\"screen-reader-text\">  Read More<\/span><\/a><\/p>\n","protected":false},"author":2,"featured_media":0,"comment_status":"closed","ping_status":"open","sticky":false,"template":"","format":"standard","meta":{"footnotes":""},"categories":[1],"tags":[],"class_list":["post-899","post","type-post","status-publish","format-standard","hentry","category-egyeb"],"_links":{"self":[{"href":"https:\/\/marcali.plebania.hu\/index.php?rest_route=\/wp\/v2\/posts\/899","targetHints":{"allow":["GET"]}}],"collection":[{"href":"https:\/\/marcali.plebania.hu\/index.php?rest_route=\/wp\/v2\/posts"}],"about":[{"href":"https:\/\/marcali.plebania.hu\/index.php?rest_route=\/wp\/v2\/types\/post"}],"author":[{"embeddable":true,"href":"https:\/\/marcali.plebania.hu\/index.php?rest_route=\/wp\/v2\/users\/2"}],"replies":[{"embeddable":true,"href":"https:\/\/marcali.plebania.hu\/index.php?rest_route=%2Fwp%2Fv2%2Fcomments&post=899"}],"version-history":[{"count":1,"href":"https:\/\/marcali.plebania.hu\/index.php?rest_route=\/wp\/v2\/posts\/899\/revisions"}],"predecessor-version":[{"id":900,"href":"https:\/\/marcali.plebania.hu\/index.php?rest_route=\/wp\/v2\/posts\/899\/revisions\/900"}],"wp:attachment":[{"href":"https:\/\/marcali.plebania.hu\/index.php?rest_route=%2Fwp%2Fv2%2Fmedia&parent=899"}],"wp:term":[{"taxonomy":"category","embeddable":true,"href":"https:\/\/marcali.plebania.hu\/index.php?rest_route=%2Fwp%2Fv2%2Fcategories&post=899"},{"taxonomy":"post_tag","embeddable":true,"href":"https:\/\/marcali.plebania.hu\/index.php?rest_route=%2Fwp%2Fv2%2Ftags&post=899"}],"curies":[{"name":"wp","href":"https:\/\/api.w.org\/{rel}","templated":true}]}}