{"id":919,"date":"2019-06-07T10:04:09","date_gmt":"2019-06-07T10:04:09","guid":{"rendered":"https:\/\/marcali.plebania.hu\/?p=919"},"modified":"2019-06-07T10:04:09","modified_gmt":"2019-06-07T10:04:09","slug":"hirdetesek-2019-06-09","status":"publish","type":"post","link":"https:\/\/marcali.plebania.hu\/?p=919","title":{"rendered":"Hirdet\u00e9sek, 2019. 06. 09."},"content":{"rendered":"\n<ol class=\"wp-block-list\"><li>Ma P\u00fcnk\u00f6sd \u00fcnnepe.<\/li><li>P\u00fcnk\u00f6sd h\u00e9tf\u0151n 9 \u00f3rakor a\npl\u00e9b\u00e1niatemplomban \u00fcnnepi szentmise.<\/li><li>Hittanosaink imat\u00e1bora az id\u00e9n is k\u00e9t\nturnusban lesz, j\u00falius 4-t\u0151l 6-ig a fels\u0151s oszt\u00e1lyok\u00e9, j\u00falius 8-t\u00f3l 12-ig az\nals\u00f3sok\u00e9. Jelentkezni lehet e-mailen: <a href=\"mailto:hittanostabormarcali@gmail.com\">hittanostabormarcali@gmail.com<\/a> c\u00edmen. A jelentkez\u00e9sn\u00e9l el\u0151nyt\njelent, hogy a gyermekek templombaj\u00e1r\u00f3k legyenek, mert a t\u00e1borban im\u00e1ds\u00e1g \u00e9s\nliturgikus cselekm\u00e9nyek is lesznek. Jelentkez\u00e9si hat\u00e1rid\u0151: j\u00fanius 10.<\/li><li>A j\u00f6v\u0151 \u00e9vi Nemzetk\u00f6zi Eukarisztikus\nKongresszusra k\u00e9sz\u00fclve v\u00e1rosunkat is megl\u00e1togatja a Misszi\u00f3s Kereszt, j\u00falius\n5-t\u0151l 7-ig. Erre az esem\u00e9nyre programot fogunk szervezni \u00e9s az egyik hittanos\nt\u00e1borunk is ebben az id\u0151ben lesz.<\/li><li>J\u00f6v\u0151 h\u00e9ten, szerd\u00e1n 17 \u00f3rakor fatimai\nima\u00f3ra, 18 \u00f3rakor szentmise.<\/li><li>J\u00f6v\u0151 vas\u00e1rnap 9 \u00f3rakor tan\u00e9vz\u00e1r\u00f3\nszentmise lesz.<\/li><\/ol>\n","protected":false},"excerpt":{"rendered":"<p>Ma P\u00fcnk\u00f6sd \u00fcnnepe. P\u00fcnk\u00f6sd h\u00e9tf\u0151n 9 \u00f3rakor a pl\u00e9b\u00e1niatemplomban \u00fcnnepi szentmise. Hittanosaink imat\u00e1bora az id\u00e9n is k\u00e9t turnusban lesz, j\u00falius 4-t\u0151l 6-ig a fels\u0151s oszt\u00e1lyok\u00e9, j\u00falius 8-t\u00f3l 12-ig az als\u00f3sok\u00e9. Jelentkezni lehet e-mailen: hittanostabormarcali@gmail.com c\u00edmen. A jelentkez\u00e9sn\u00e9l el\u0151nyt jelent, hogy a gyermekek templombaj\u00e1r\u00f3k legyenek, mert a t\u00e1borban im\u00e1ds\u00e1g \u00e9s liturgikus cselekm\u00e9nyek is lesznek. Jelentkez\u00e9si hat\u00e1rid\u0151: j\u00fanius 10. A j\u00f6v\u0151 \u00e9vi Nemzetk\u00f6zi Eukarisztikus Kongresszusra k\u00e9sz\u00fclve v\u00e1rosunkat is megl\u00e1togatja a Misszi\u00f3s Kereszt, j\u00falius 5-t\u0151l 7-ig. Erre az esem\u00e9nyre programot fogunk szervezni \u00e9s&#8230;<\/p>\n<p class=\"read-more\"><a class=\"btn btn-default\" href=\"https:\/\/marcali.plebania.hu\/?p=919\"> Read More<span class=\"screen-reader-text\">  Read More<\/span><\/a><\/p>\n","protected":false},"author":2,"featured_media":0,"comment_status":"closed","ping_status":"open","sticky":false,"template":"","format":"standard","meta":{"footnotes":""},"categories":[1],"tags":[],"class_list":["post-919","post","type-post","status-publish","format-standard","hentry","category-egyeb"],"_links":{"self":[{"href":"https:\/\/marcali.plebania.hu\/index.php?rest_route=\/wp\/v2\/posts\/919","targetHints":{"allow":["GET"]}}],"collection":[{"href":"https:\/\/marcali.plebania.hu\/index.php?rest_route=\/wp\/v2\/posts"}],"about":[{"href":"https:\/\/marcali.plebania.hu\/index.php?rest_route=\/wp\/v2\/types\/post"}],"author":[{"embeddable":true,"href":"https:\/\/marcali.plebania.hu\/index.php?rest_route=\/wp\/v2\/users\/2"}],"replies":[{"embeddable":true,"href":"https:\/\/marcali.plebania.hu\/index.php?rest_route=%2Fwp%2Fv2%2Fcomments&post=919"}],"version-history":[{"count":1,"href":"https:\/\/marcali.plebania.hu\/index.php?rest_route=\/wp\/v2\/posts\/919\/revisions"}],"predecessor-version":[{"id":920,"href":"https:\/\/marcali.plebania.hu\/index.php?rest_route=\/wp\/v2\/posts\/919\/revisions\/920"}],"wp:attachment":[{"href":"https:\/\/marcali.plebania.hu\/index.php?rest_route=%2Fwp%2Fv2%2Fmedia&parent=919"}],"wp:term":[{"taxonomy":"category","embeddable":true,"href":"https:\/\/marcali.plebania.hu\/index.php?rest_route=%2Fwp%2Fv2%2Fcategories&post=919"},{"taxonomy":"post_tag","embeddable":true,"href":"https:\/\/marcali.plebania.hu\/index.php?rest_route=%2Fwp%2Fv2%2Ftags&post=919"}],"curies":[{"name":"wp","href":"https:\/\/api.w.org\/{rel}","templated":true}]}}