{"id":922,"date":"2019-06-13T08:57:02","date_gmt":"2019-06-13T08:57:02","guid":{"rendered":"https:\/\/marcali.plebania.hu\/?p=922"},"modified":"2019-06-13T08:57:02","modified_gmt":"2019-06-13T08:57:02","slug":"elsoaldozas-a-plebaniatemplomban","status":"publish","type":"post","link":"https:\/\/marcali.plebania.hu\/?p=922","title":{"rendered":"Els\u0151\u00e1ldoz\u00e1s a pl\u00e9b\u00e1niatemplomban"},"content":{"rendered":"\n<p>2019. j\u00fanius 2-\u00e1n, vas\u00e1rnap, Urunk mennybemenetel\u00e9nek \u00fcnnep\u00e9n, a 9 \u00f3r\u00e1s szentmis\u00e9n 26 hittanos gyermek el\u0151sz\u00f6r \u00e1ldozott a Marcali Gy\u00fcm\u00f6lcsolt\u00f3 Boldogasszony pl\u00e9b\u00e1niatemplomban.<\/p>\n\n\n\n<ul class=\"wp-block-gallery columns-3 is-cropped wp-block-gallery-1 is-layout-flex wp-block-gallery-is-layout-flex\"><li class=\"blocks-gallery-item\"><figure><img loading=\"lazy\" decoding=\"async\" width=\"1024\" height=\"683\" src=\"https:\/\/marcali.plebania.hu\/wp-content\/uploads\/2019\/06\/01-1-1024x683.jpg\" alt=\"\" data-id=\"923\" data-link=\"https:\/\/marcali.plebania.hu\/?attachment_id=923\" class=\"wp-image-923\" srcset=\"https:\/\/marcali.plebania.hu\/wp-content\/uploads\/2019\/06\/01-1-1024x683.jpg 1024w, https:\/\/marcali.plebania.hu\/wp-content\/uploads\/2019\/06\/01-1-300x200.jpg 300w, https:\/\/marcali.plebania.hu\/wp-content\/uploads\/2019\/06\/01-1-768x512.jpg 768w, https:\/\/marcali.plebania.hu\/wp-content\/uploads\/2019\/06\/01-1-405x270.jpg 405w\" sizes=\"auto, (max-width: 1024px) 100vw, 1024px\" \/><\/figure><\/li><li class=\"blocks-gallery-item\"><figure><img loading=\"lazy\" decoding=\"async\" width=\"1024\" height=\"683\" src=\"https:\/\/marcali.plebania.hu\/wp-content\/uploads\/2019\/06\/02-1-1024x683.jpg\" alt=\"\" data-id=\"924\" data-link=\"https:\/\/marcali.plebania.hu\/?attachment_id=924\" class=\"wp-image-924\" srcset=\"https:\/\/marcali.plebania.hu\/wp-content\/uploads\/2019\/06\/02-1-1024x683.jpg 1024w, https:\/\/marcali.plebania.hu\/wp-content\/uploads\/2019\/06\/02-1-300x200.jpg 300w, https:\/\/marcali.plebania.hu\/wp-content\/uploads\/2019\/06\/02-1-768x512.jpg 768w, https:\/\/marcali.plebania.hu\/wp-content\/uploads\/2019\/06\/02-1-405x270.jpg 405w\" sizes=\"auto, (max-width: 1024px) 100vw, 1024px\" \/><\/figure><\/li><li class=\"blocks-gallery-item\"><figure><img loading=\"lazy\" decoding=\"async\" width=\"1024\" height=\"683\" src=\"https:\/\/marcali.plebania.hu\/wp-content\/uploads\/2019\/06\/06-1-1024x683.jpg\" alt=\"\" data-id=\"925\" data-link=\"https:\/\/marcali.plebania.hu\/?attachment_id=925\" class=\"wp-image-925\" srcset=\"https:\/\/marcali.plebania.hu\/wp-content\/uploads\/2019\/06\/06-1-1024x683.jpg 1024w, https:\/\/marcali.plebania.hu\/wp-content\/uploads\/2019\/06\/06-1-300x200.jpg 300w, https:\/\/marcali.plebania.hu\/wp-content\/uploads\/2019\/06\/06-1-768x512.jpg 768w, https:\/\/marcali.plebania.hu\/wp-content\/uploads\/2019\/06\/06-1-405x270.jpg 405w\" sizes=\"auto, (max-width: 1024px) 100vw, 1024px\" \/><\/figure><\/li><li class=\"blocks-gallery-item\"><figure><img loading=\"lazy\" decoding=\"async\" width=\"1024\" height=\"683\" src=\"https:\/\/marcali.plebania.hu\/wp-content\/uploads\/2019\/06\/11-1-1024x683.jpg\" alt=\"\" data-id=\"926\" data-link=\"https:\/\/marcali.plebania.hu\/?attachment_id=926\" class=\"wp-image-926\" srcset=\"https:\/\/marcali.plebania.hu\/wp-content\/uploads\/2019\/06\/11-1-1024x683.jpg 1024w, https:\/\/marcali.plebania.hu\/wp-content\/uploads\/2019\/06\/11-1-300x200.jpg 300w, https:\/\/marcali.plebania.hu\/wp-content\/uploads\/2019\/06\/11-1-768x512.jpg 768w, https:\/\/marcali.plebania.hu\/wp-content\/uploads\/2019\/06\/11-1-405x270.jpg 405w\" sizes=\"auto, (max-width: 1024px) 100vw, 1024px\" \/><\/figure><\/li><\/ul>\n\n\n\n<p>Az istentiszteletet Kiss Iv\u00e1n c. pr\u00e9post, esperes-pl\u00e9b\u00e1nos celebr\u00e1lta. Szentbesz\u00e9d\u00e9ben megk\u00f6sz\u00f6nte a sz\u00fcl\u0151k \u00e9s nagysz\u00fcl\u0151k \u00e1ldozatv\u00e1llal\u00e1s\u00e1t, hogy gyermekeik, illetve unok\u00e1ik eljuthattak a szent\u00e1ldoz\u00e1shoz. Iv\u00e1n atya ezen k\u00edv\u00fcl elmondta, hogy a hitoktat\u00e1s is a nevel\u00e9st szolg\u00e1lja, csak\u00fagy, mint az iskolai tan\u00edt\u00e1s. Valamint k\u00f6sz\u00f6net\u00e9t fejezte ki Gy\u00f6rei Istv\u00e1n igazgat\u00f3nak \u00e9s a di\u00e1kok oszt\u00e1lyf\u0151n\u00f6keinek, akik szint\u00e9n elj\u00f6ttek erre a jeles alkalomra.<\/p>\n\n\n\n<ul class=\"wp-block-gallery columns-3 is-cropped wp-block-gallery-2 is-layout-flex wp-block-gallery-is-layout-flex\"><li class=\"blocks-gallery-item\"><figure><img loading=\"lazy\" decoding=\"async\" width=\"1024\" height=\"683\" src=\"https:\/\/marcali.plebania.hu\/wp-content\/uploads\/2019\/06\/08-1-1024x683.jpg\" alt=\"\" data-id=\"927\" data-link=\"https:\/\/marcali.plebania.hu\/?attachment_id=927\" class=\"wp-image-927\" srcset=\"https:\/\/marcali.plebania.hu\/wp-content\/uploads\/2019\/06\/08-1-1024x683.jpg 1024w, https:\/\/marcali.plebania.hu\/wp-content\/uploads\/2019\/06\/08-1-300x200.jpg 300w, https:\/\/marcali.plebania.hu\/wp-content\/uploads\/2019\/06\/08-1-768x512.jpg 768w, https:\/\/marcali.plebania.hu\/wp-content\/uploads\/2019\/06\/08-1-405x270.jpg 405w\" sizes=\"auto, (max-width: 1024px) 100vw, 1024px\" \/><\/figure><\/li><li class=\"blocks-gallery-item\"><figure><img loading=\"lazy\" decoding=\"async\" width=\"1024\" height=\"683\" src=\"https:\/\/marcali.plebania.hu\/wp-content\/uploads\/2019\/06\/09-1024x683.jpg\" alt=\"\" data-id=\"928\" data-link=\"https:\/\/marcali.plebania.hu\/?attachment_id=928\" class=\"wp-image-928\" srcset=\"https:\/\/marcali.plebania.hu\/wp-content\/uploads\/2019\/06\/09-1024x683.jpg 1024w, https:\/\/marcali.plebania.hu\/wp-content\/uploads\/2019\/06\/09-300x200.jpg 300w, https:\/\/marcali.plebania.hu\/wp-content\/uploads\/2019\/06\/09-768x512.jpg 768w, https:\/\/marcali.plebania.hu\/wp-content\/uploads\/2019\/06\/09-405x270.jpg 405w\" sizes=\"auto, (max-width: 1024px) 100vw, 1024px\" \/><\/figure><\/li><li class=\"blocks-gallery-item\"><figure><img loading=\"lazy\" decoding=\"async\" width=\"1024\" height=\"683\" src=\"https:\/\/marcali.plebania.hu\/wp-content\/uploads\/2019\/06\/10-1-1024x683.jpg\" alt=\"\" data-id=\"929\" data-link=\"https:\/\/marcali.plebania.hu\/?attachment_id=929\" class=\"wp-image-929\" srcset=\"https:\/\/marcali.plebania.hu\/wp-content\/uploads\/2019\/06\/10-1-1024x683.jpg 1024w, https:\/\/marcali.plebania.hu\/wp-content\/uploads\/2019\/06\/10-1-300x200.jpg 300w, https:\/\/marcali.plebania.hu\/wp-content\/uploads\/2019\/06\/10-1-768x512.jpg 768w, https:\/\/marcali.plebania.hu\/wp-content\/uploads\/2019\/06\/10-1-405x270.jpg 405w\" sizes=\"auto, (max-width: 1024px) 100vw, 1024px\" \/><\/figure><\/li><li class=\"blocks-gallery-item\"><figure><img loading=\"lazy\" decoding=\"async\" width=\"1024\" height=\"683\" src=\"https:\/\/marcali.plebania.hu\/wp-content\/uploads\/2019\/06\/13-1-1024x683.jpg\" alt=\"\" data-id=\"930\" data-link=\"https:\/\/marcali.plebania.hu\/?attachment_id=930\" class=\"wp-image-930\" srcset=\"https:\/\/marcali.plebania.hu\/wp-content\/uploads\/2019\/06\/13-1-1024x683.jpg 1024w, https:\/\/marcali.plebania.hu\/wp-content\/uploads\/2019\/06\/13-1-300x200.jpg 300w, https:\/\/marcali.plebania.hu\/wp-content\/uploads\/2019\/06\/13-1-768x512.jpg 768w, https:\/\/marcali.plebania.hu\/wp-content\/uploads\/2019\/06\/13-1-405x270.jpg 405w\" sizes=\"auto, (max-width: 1024px) 100vw, 1024px\" \/><\/figure><\/li><\/ul>\n\n\n\n<p>Az els\u0151\u00e1ldoz\u00f3k a szentmis\u00e9n \u2013 az eddigi hagyom\u00e1nyoknak megfelel\u0151en \u2013 kereszts\u00e9gi fogadalmat \u00e9s \u00fcnnep\u00e9lyes \u00edg\u00e9retet tettek, \u00e9s \u0151k is megk\u00f6sz\u00f6nt\u00e9k a sz\u00fcleiknek, hogy lehet\u0151s\u00e9get kaptak arra, hogy a szent\u00e1ldoz\u00e1s r\u00e9v\u00e9n tal\u00e1lkozhassanak Krisztussal.<\/p>\n\n\n\n<ul class=\"wp-block-gallery columns-3 is-cropped wp-block-gallery-3 is-layout-flex wp-block-gallery-is-layout-flex\"><li class=\"blocks-gallery-item\"><figure><img loading=\"lazy\" decoding=\"async\" width=\"1024\" height=\"683\" src=\"https:\/\/marcali.plebania.hu\/wp-content\/uploads\/2019\/06\/18-1024x683.jpg\" alt=\"\" data-id=\"931\" data-link=\"https:\/\/marcali.plebania.hu\/?attachment_id=931\" class=\"wp-image-931\" srcset=\"https:\/\/marcali.plebania.hu\/wp-content\/uploads\/2019\/06\/18-1024x683.jpg 1024w, https:\/\/marcali.plebania.hu\/wp-content\/uploads\/2019\/06\/18-300x200.jpg 300w, https:\/\/marcali.plebania.hu\/wp-content\/uploads\/2019\/06\/18-768x512.jpg 768w, https:\/\/marcali.plebania.hu\/wp-content\/uploads\/2019\/06\/18-405x270.jpg 405w\" sizes=\"auto, (max-width: 1024px) 100vw, 1024px\" \/><\/figure><\/li><li class=\"blocks-gallery-item\"><figure><img loading=\"lazy\" decoding=\"async\" width=\"1024\" height=\"683\" src=\"https:\/\/marcali.plebania.hu\/wp-content\/uploads\/2019\/06\/21-1024x683.jpg\" alt=\"\" data-id=\"932\" data-link=\"https:\/\/marcali.plebania.hu\/?attachment_id=932\" class=\"wp-image-932\" srcset=\"https:\/\/marcali.plebania.hu\/wp-content\/uploads\/2019\/06\/21-1024x683.jpg 1024w, https:\/\/marcali.plebania.hu\/wp-content\/uploads\/2019\/06\/21-300x200.jpg 300w, https:\/\/marcali.plebania.hu\/wp-content\/uploads\/2019\/06\/21-768x512.jpg 768w, https:\/\/marcali.plebania.hu\/wp-content\/uploads\/2019\/06\/21-405x270.jpg 405w\" sizes=\"auto, (max-width: 1024px) 100vw, 1024px\" \/><\/figure><\/li><li class=\"blocks-gallery-item\"><figure><img loading=\"lazy\" decoding=\"async\" width=\"1024\" height=\"683\" src=\"https:\/\/marcali.plebania.hu\/wp-content\/uploads\/2019\/06\/22-1024x683.jpg\" alt=\"\" data-id=\"933\" data-link=\"https:\/\/marcali.plebania.hu\/?attachment_id=933\" class=\"wp-image-933\" srcset=\"https:\/\/marcali.plebania.hu\/wp-content\/uploads\/2019\/06\/22-1024x683.jpg 1024w, https:\/\/marcali.plebania.hu\/wp-content\/uploads\/2019\/06\/22-300x200.jpg 300w, https:\/\/marcali.plebania.hu\/wp-content\/uploads\/2019\/06\/22-768x512.jpg 768w, https:\/\/marcali.plebania.hu\/wp-content\/uploads\/2019\/06\/22-405x270.jpg 405w\" sizes=\"auto, (max-width: 1024px) 100vw, 1024px\" \/><\/figure><\/li><li class=\"blocks-gallery-item\"><figure><img loading=\"lazy\" decoding=\"async\" width=\"1024\" height=\"683\" src=\"https:\/\/marcali.plebania.hu\/wp-content\/uploads\/2019\/06\/26-1-1024x683.jpg\" alt=\"\" data-id=\"934\" data-link=\"https:\/\/marcali.plebania.hu\/?attachment_id=934\" class=\"wp-image-934\" srcset=\"https:\/\/marcali.plebania.hu\/wp-content\/uploads\/2019\/06\/26-1-1024x683.jpg 1024w, https:\/\/marcali.plebania.hu\/wp-content\/uploads\/2019\/06\/26-1-300x200.jpg 300w, https:\/\/marcali.plebania.hu\/wp-content\/uploads\/2019\/06\/26-1-768x512.jpg 768w, https:\/\/marcali.plebania.hu\/wp-content\/uploads\/2019\/06\/26-1-405x270.jpg 405w\" sizes=\"auto, (max-width: 1024px) 100vw, 1024px\" \/><\/figure><\/li><\/ul>\n\n\n\n<p>A szentmis\u00e9n Balogh B\u00e1lint k\u00e1ntor\n\u00e9s a F\u00e9ny Gyermekei Zenekar m\u0171k\u00f6d\u00f6tt k\u00f6zre. Az els\u0151\u00e1ldoz\u00f3k felk\u00e9sz\u00edt\u0151 tan\u00e1rai:\ndr. Gyulain\u00e9 Domj\u00e1n Zsuzsanna \u00e9s Tombor Erzs\u00e9bet hitoktat\u00f3n\u0151k voltak.<\/p>\n","protected":false},"excerpt":{"rendered":"<p>2019. j\u00fanius 2-\u00e1n, vas\u00e1rnap, Urunk mennybemenetel\u00e9nek \u00fcnnep\u00e9n, a 9 \u00f3r\u00e1s szentmis\u00e9n 26 hittanos gyermek el\u0151sz\u00f6r \u00e1ldozott a Marcali Gy\u00fcm\u00f6lcsolt\u00f3 Boldogasszony pl\u00e9b\u00e1niatemplomban. Az istentiszteletet Kiss Iv\u00e1n c. pr\u00e9post, esperes-pl\u00e9b\u00e1nos celebr\u00e1lta. Szentbesz\u00e9d\u00e9ben megk\u00f6sz\u00f6nte a sz\u00fcl\u0151k \u00e9s nagysz\u00fcl\u0151k \u00e1ldozatv\u00e1llal\u00e1s\u00e1t, hogy gyermekeik, illetve unok\u00e1ik eljuthattak a szent\u00e1ldoz\u00e1shoz. Iv\u00e1n atya ezen k\u00edv\u00fcl elmondta, hogy a hitoktat\u00e1s is a nevel\u00e9st szolg\u00e1lja, csak\u00fagy, mint az iskolai tan\u00edt\u00e1s. Valamint k\u00f6sz\u00f6net\u00e9t fejezte ki Gy\u00f6rei Istv\u00e1n igazgat\u00f3nak \u00e9s a di\u00e1kok oszt\u00e1lyf\u0151n\u00f6keinek, akik szint\u00e9n elj\u00f6ttek erre a jeles alkalomra. Az els\u0151\u00e1ldoz\u00f3k&#8230;<\/p>\n<p class=\"read-more\"><a class=\"btn btn-default\" href=\"https:\/\/marcali.plebania.hu\/?p=922\"> Read More<span class=\"screen-reader-text\">  Read More<\/span><\/a><\/p>\n","protected":false},"author":2,"featured_media":0,"comment_status":"closed","ping_status":"open","sticky":false,"template":"","format":"standard","meta":{"footnotes":""},"categories":[1],"tags":[],"class_list":["post-922","post","type-post","status-publish","format-standard","hentry","category-egyeb"],"_links":{"self":[{"href":"https:\/\/marcali.plebania.hu\/index.php?rest_route=\/wp\/v2\/posts\/922","targetHints":{"allow":["GET"]}}],"collection":[{"href":"https:\/\/marcali.plebania.hu\/index.php?rest_route=\/wp\/v2\/posts"}],"about":[{"href":"https:\/\/marcali.plebania.hu\/index.php?rest_route=\/wp\/v2\/types\/post"}],"author":[{"embeddable":true,"href":"https:\/\/marcali.plebania.hu\/index.php?rest_route=\/wp\/v2\/users\/2"}],"replies":[{"embeddable":true,"href":"https:\/\/marcali.plebania.hu\/index.php?rest_route=%2Fwp%2Fv2%2Fcomments&post=922"}],"version-history":[{"count":1,"href":"https:\/\/marcali.plebania.hu\/index.php?rest_route=\/wp\/v2\/posts\/922\/revisions"}],"predecessor-version":[{"id":935,"href":"https:\/\/marcali.plebania.hu\/index.php?rest_route=\/wp\/v2\/posts\/922\/revisions\/935"}],"wp:attachment":[{"href":"https:\/\/marcali.plebania.hu\/index.php?rest_route=%2Fwp%2Fv2%2Fmedia&parent=922"}],"wp:term":[{"taxonomy":"category","embeddable":true,"href":"https:\/\/marcali.plebania.hu\/index.php?rest_route=%2Fwp%2Fv2%2Fcategories&post=922"},{"taxonomy":"post_tag","embeddable":true,"href":"https:\/\/marcali.plebania.hu\/index.php?rest_route=%2Fwp%2Fv2%2Ftags&post=922"}],"curies":[{"name":"wp","href":"https:\/\/api.w.org\/{rel}","templated":true}]}}