{"id":936,"date":"2019-06-13T09:07:47","date_gmt":"2019-06-13T09:07:47","guid":{"rendered":"https:\/\/marcali.plebania.hu\/?p=936"},"modified":"2019-06-13T09:07:47","modified_gmt":"2019-06-13T09:07:47","slug":"bermalas-a-plebaniatemplomban","status":"publish","type":"post","link":"https:\/\/marcali.plebania.hu\/?p=936","title":{"rendered":"B\u00e9rm\u00e1l\u00e1s a pl\u00e9b\u00e1niatemplomban"},"content":{"rendered":"\n<p>2019. j\u00fanius 9-\u00e9n, P\u00fcnk\u00f6sdvas\u00e1rnap 16 \u00f3rakor kezd\u0151d\u00f6tt az \u00fcnnepi szentmise a Marcali pl\u00e9b\u00e1niatemplomban. A b\u00e9rm\u00e1l\u00e1s szents\u00e9g\u00e9t Varga L\u00e1szl\u00f3 kaposv\u00e1ri megy\u00e9sp\u00fcsp\u00f6k szolg\u00e1ltatta ki a nyolcadikos hittanosoknak \u00e9s feln\u0151tt fiataloknak.<\/p>\n\n\n\n<ul class=\"wp-block-gallery columns-3 is-cropped wp-block-gallery-1 is-layout-flex wp-block-gallery-is-layout-flex\"><li class=\"blocks-gallery-item\"><figure><img loading=\"lazy\" decoding=\"async\" width=\"1024\" height=\"683\" src=\"https:\/\/marcali.plebania.hu\/wp-content\/uploads\/2019\/06\/02-2-1024x683.jpg\" alt=\"\" data-id=\"937\" data-link=\"https:\/\/marcali.plebania.hu\/?attachment_id=937\" class=\"wp-image-937\" srcset=\"https:\/\/marcali.plebania.hu\/wp-content\/uploads\/2019\/06\/02-2-1024x683.jpg 1024w, https:\/\/marcali.plebania.hu\/wp-content\/uploads\/2019\/06\/02-2-300x200.jpg 300w, https:\/\/marcali.plebania.hu\/wp-content\/uploads\/2019\/06\/02-2-768x512.jpg 768w, https:\/\/marcali.plebania.hu\/wp-content\/uploads\/2019\/06\/02-2-405x270.jpg 405w\" sizes=\"auto, (max-width: 1024px) 100vw, 1024px\" \/><\/figure><\/li><li class=\"blocks-gallery-item\"><figure><img loading=\"lazy\" decoding=\"async\" width=\"1024\" height=\"683\" src=\"https:\/\/marcali.plebania.hu\/wp-content\/uploads\/2019\/06\/03-1-1024x683.jpg\" alt=\"\" data-id=\"938\" data-link=\"https:\/\/marcali.plebania.hu\/?attachment_id=938\" class=\"wp-image-938\" srcset=\"https:\/\/marcali.plebania.hu\/wp-content\/uploads\/2019\/06\/03-1-1024x683.jpg 1024w, https:\/\/marcali.plebania.hu\/wp-content\/uploads\/2019\/06\/03-1-300x200.jpg 300w, https:\/\/marcali.plebania.hu\/wp-content\/uploads\/2019\/06\/03-1-768x512.jpg 768w, https:\/\/marcali.plebania.hu\/wp-content\/uploads\/2019\/06\/03-1-405x270.jpg 405w\" sizes=\"auto, (max-width: 1024px) 100vw, 1024px\" \/><\/figure><\/li><li class=\"blocks-gallery-item\"><figure><img loading=\"lazy\" decoding=\"async\" width=\"1024\" height=\"683\" src=\"https:\/\/marcali.plebania.hu\/wp-content\/uploads\/2019\/06\/04-1-1024x683.jpg\" alt=\"\" data-id=\"939\" data-link=\"https:\/\/marcali.plebania.hu\/?attachment_id=939\" class=\"wp-image-939\" srcset=\"https:\/\/marcali.plebania.hu\/wp-content\/uploads\/2019\/06\/04-1-1024x683.jpg 1024w, https:\/\/marcali.plebania.hu\/wp-content\/uploads\/2019\/06\/04-1-300x200.jpg 300w, https:\/\/marcali.plebania.hu\/wp-content\/uploads\/2019\/06\/04-1-768x512.jpg 768w, https:\/\/marcali.plebania.hu\/wp-content\/uploads\/2019\/06\/04-1-405x270.jpg 405w\" sizes=\"auto, (max-width: 1024px) 100vw, 1024px\" \/><\/figure><\/li><li class=\"blocks-gallery-item\"><figure><img loading=\"lazy\" decoding=\"async\" width=\"1024\" height=\"683\" src=\"https:\/\/marcali.plebania.hu\/wp-content\/uploads\/2019\/06\/06-2-1024x683.jpg\" alt=\"\" data-id=\"940\" data-link=\"https:\/\/marcali.plebania.hu\/?attachment_id=940\" class=\"wp-image-940\" srcset=\"https:\/\/marcali.plebania.hu\/wp-content\/uploads\/2019\/06\/06-2-1024x683.jpg 1024w, https:\/\/marcali.plebania.hu\/wp-content\/uploads\/2019\/06\/06-2-300x200.jpg 300w, https:\/\/marcali.plebania.hu\/wp-content\/uploads\/2019\/06\/06-2-768x512.jpg 768w, https:\/\/marcali.plebania.hu\/wp-content\/uploads\/2019\/06\/06-2-405x270.jpg 405w\" sizes=\"auto, (max-width: 1024px) 100vw, 1024px\" \/><\/figure><\/li><\/ul>\n\n\n\n<p>A p\u00fcsp\u00f6k urat az egyh\u00e1zk\u00f6zs\u00e9g nev\u00e9ben Kir\u00e1ly R\u00f3bert k\u00e9pvisel\u0151 test\u00fcleti tag \u00e9s feles\u00e9ge k\u00f6sz\u00f6nt\u00f6tt\u00e9k. A b\u00e9rm\u00e1lkoz\u00f3k nev\u00e9ben pedig T\u00f3th Eszter \u00c1gnes \u00e9s Mali Gerg\u0151 ny\u00fajtottak \u00e1t aj\u00e1nd\u00e9kokat \u00e9s k\u00e9rt\u00e9k a megy\u00e9sf\u0151p\u00e1sztort, hogy r\u00e9szes\u00edtse \u0151ket kegyelemben e meghat\u00e1roz\u00f3 szents\u00e9g v\u00e9tele \u00e1ltal.<\/p>\n\n\n\n<ul class=\"wp-block-gallery columns-3 is-cropped wp-block-gallery-2 is-layout-flex wp-block-gallery-is-layout-flex\"><li class=\"blocks-gallery-item\"><figure><img loading=\"lazy\" decoding=\"async\" width=\"1024\" height=\"683\" src=\"https:\/\/marcali.plebania.hu\/wp-content\/uploads\/2019\/06\/10-2-1024x683.jpg\" alt=\"\" data-id=\"941\" data-link=\"https:\/\/marcali.plebania.hu\/?attachment_id=941\" class=\"wp-image-941\" srcset=\"https:\/\/marcali.plebania.hu\/wp-content\/uploads\/2019\/06\/10-2-1024x683.jpg 1024w, https:\/\/marcali.plebania.hu\/wp-content\/uploads\/2019\/06\/10-2-300x200.jpg 300w, https:\/\/marcali.plebania.hu\/wp-content\/uploads\/2019\/06\/10-2-768x512.jpg 768w, https:\/\/marcali.plebania.hu\/wp-content\/uploads\/2019\/06\/10-2-405x270.jpg 405w\" sizes=\"auto, (max-width: 1024px) 100vw, 1024px\" \/><\/figure><\/li><li class=\"blocks-gallery-item\"><figure><img loading=\"lazy\" decoding=\"async\" width=\"1024\" height=\"683\" src=\"https:\/\/marcali.plebania.hu\/wp-content\/uploads\/2019\/06\/11-2-1024x683.jpg\" alt=\"\" data-id=\"942\" data-link=\"https:\/\/marcali.plebania.hu\/?attachment_id=942\" class=\"wp-image-942\" srcset=\"https:\/\/marcali.plebania.hu\/wp-content\/uploads\/2019\/06\/11-2-1024x683.jpg 1024w, https:\/\/marcali.plebania.hu\/wp-content\/uploads\/2019\/06\/11-2-300x200.jpg 300w, https:\/\/marcali.plebania.hu\/wp-content\/uploads\/2019\/06\/11-2-768x512.jpg 768w, https:\/\/marcali.plebania.hu\/wp-content\/uploads\/2019\/06\/11-2-405x270.jpg 405w\" sizes=\"auto, (max-width: 1024px) 100vw, 1024px\" \/><\/figure><\/li><li class=\"blocks-gallery-item\"><figure><img loading=\"lazy\" decoding=\"async\" width=\"1024\" height=\"683\" src=\"https:\/\/marcali.plebania.hu\/wp-content\/uploads\/2019\/06\/12-1-1024x683.jpg\" alt=\"\" data-id=\"943\" data-link=\"https:\/\/marcali.plebania.hu\/?attachment_id=943\" class=\"wp-image-943\" srcset=\"https:\/\/marcali.plebania.hu\/wp-content\/uploads\/2019\/06\/12-1-1024x683.jpg 1024w, https:\/\/marcali.plebania.hu\/wp-content\/uploads\/2019\/06\/12-1-300x200.jpg 300w, https:\/\/marcali.plebania.hu\/wp-content\/uploads\/2019\/06\/12-1-768x512.jpg 768w, https:\/\/marcali.plebania.hu\/wp-content\/uploads\/2019\/06\/12-1-405x270.jpg 405w\" sizes=\"auto, (max-width: 1024px) 100vw, 1024px\" \/><\/figure><\/li><li class=\"blocks-gallery-item\"><figure><img loading=\"lazy\" decoding=\"async\" width=\"1024\" height=\"683\" src=\"https:\/\/marcali.plebania.hu\/wp-content\/uploads\/2019\/06\/17-1024x683.jpg\" alt=\"\" data-id=\"944\" data-link=\"https:\/\/marcali.plebania.hu\/?attachment_id=944\" class=\"wp-image-944\" srcset=\"https:\/\/marcali.plebania.hu\/wp-content\/uploads\/2019\/06\/17-1024x683.jpg 1024w, https:\/\/marcali.plebania.hu\/wp-content\/uploads\/2019\/06\/17-300x200.jpg 300w, https:\/\/marcali.plebania.hu\/wp-content\/uploads\/2019\/06\/17-768x512.jpg 768w, https:\/\/marcali.plebania.hu\/wp-content\/uploads\/2019\/06\/17-405x270.jpg 405w\" sizes=\"auto, (max-width: 1024px) 100vw, 1024px\" \/><\/figure><\/li><\/ul>\n\n\n\n<p>A b\u00e9rm\u00e1l\u00e1sra k\u00e9sz\u00fcl\u0151ket Kiss Iv\u00e1n c. pr\u00e9post, esperes-pl\u00e9b\u00e1nos mutatta be Varga L\u00e1szl\u00f3 p\u00fcsp\u00f6knek, aki ism\u00e9telten \u00f6r\u00f6mmel j\u00f6tt Marcaliba, hogy a 28 hittanost \u00e9s a 4 feln\u0151ttet megb\u00e9rm\u00e1lja. Szentbesz\u00e9d\u00e9ben az \u00fcnnep jelent\u0151s\u00e9g\u00e9r\u0151l, a Szentl\u00e9lek elj\u00f6vetel\u00e9r\u0151l osztotta meg gondolatait a jelenl\u00e9v\u0151knek.<\/p>\n\n\n\n<ul class=\"wp-block-gallery columns-3 is-cropped wp-block-gallery-3 is-layout-flex wp-block-gallery-is-layout-flex\"><li class=\"blocks-gallery-item\"><figure><img loading=\"lazy\" decoding=\"async\" width=\"1024\" height=\"683\" src=\"https:\/\/marcali.plebania.hu\/wp-content\/uploads\/2019\/06\/18-1-1024x683.jpg\" alt=\"\" data-id=\"945\" data-link=\"https:\/\/marcali.plebania.hu\/?attachment_id=945\" class=\"wp-image-945\" srcset=\"https:\/\/marcali.plebania.hu\/wp-content\/uploads\/2019\/06\/18-1-1024x683.jpg 1024w, https:\/\/marcali.plebania.hu\/wp-content\/uploads\/2019\/06\/18-1-300x200.jpg 300w, https:\/\/marcali.plebania.hu\/wp-content\/uploads\/2019\/06\/18-1-768x512.jpg 768w, https:\/\/marcali.plebania.hu\/wp-content\/uploads\/2019\/06\/18-1-405x270.jpg 405w\" sizes=\"auto, (max-width: 1024px) 100vw, 1024px\" \/><\/figure><\/li><li class=\"blocks-gallery-item\"><figure><img loading=\"lazy\" decoding=\"async\" width=\"1024\" height=\"683\" src=\"https:\/\/marcali.plebania.hu\/wp-content\/uploads\/2019\/06\/19-1024x683.jpg\" alt=\"\" data-id=\"946\" data-link=\"https:\/\/marcali.plebania.hu\/?attachment_id=946\" class=\"wp-image-946\" srcset=\"https:\/\/marcali.plebania.hu\/wp-content\/uploads\/2019\/06\/19-1024x683.jpg 1024w, https:\/\/marcali.plebania.hu\/wp-content\/uploads\/2019\/06\/19-300x200.jpg 300w, https:\/\/marcali.plebania.hu\/wp-content\/uploads\/2019\/06\/19-768x512.jpg 768w, https:\/\/marcali.plebania.hu\/wp-content\/uploads\/2019\/06\/19-405x270.jpg 405w\" sizes=\"auto, (max-width: 1024px) 100vw, 1024px\" \/><\/figure><\/li><li class=\"blocks-gallery-item\"><figure><img loading=\"lazy\" decoding=\"async\" width=\"1024\" height=\"683\" src=\"https:\/\/marcali.plebania.hu\/wp-content\/uploads\/2019\/06\/20-1024x683.jpg\" alt=\"\" data-id=\"947\" data-link=\"https:\/\/marcali.plebania.hu\/?attachment_id=947\" class=\"wp-image-947\" srcset=\"https:\/\/marcali.plebania.hu\/wp-content\/uploads\/2019\/06\/20-1024x683.jpg 1024w, https:\/\/marcali.plebania.hu\/wp-content\/uploads\/2019\/06\/20-300x200.jpg 300w, https:\/\/marcali.plebania.hu\/wp-content\/uploads\/2019\/06\/20-768x512.jpg 768w, https:\/\/marcali.plebania.hu\/wp-content\/uploads\/2019\/06\/20-405x270.jpg 405w\" sizes=\"auto, (max-width: 1024px) 100vw, 1024px\" \/><\/figure><\/li><li class=\"blocks-gallery-item\"><figure><img loading=\"lazy\" decoding=\"async\" width=\"1024\" height=\"683\" src=\"https:\/\/marcali.plebania.hu\/wp-content\/uploads\/2019\/06\/22-1-1024x683.jpg\" alt=\"\" data-id=\"948\" data-link=\"https:\/\/marcali.plebania.hu\/?attachment_id=948\" class=\"wp-image-948\" srcset=\"https:\/\/marcali.plebania.hu\/wp-content\/uploads\/2019\/06\/22-1-1024x683.jpg 1024w, https:\/\/marcali.plebania.hu\/wp-content\/uploads\/2019\/06\/22-1-300x200.jpg 300w, https:\/\/marcali.plebania.hu\/wp-content\/uploads\/2019\/06\/22-1-768x512.jpg 768w, https:\/\/marcali.plebania.hu\/wp-content\/uploads\/2019\/06\/22-1-405x270.jpg 405w\" sizes=\"auto, (max-width: 1024px) 100vw, 1024px\" \/><\/figure><\/li><\/ul>\n\n\n\n<p>A szentmis\u00e9n Balogh B\u00e1lint k\u00e1ntor orgon\u00e1n, valamint a F\u00e9ny Gyermekei Zenekar m\u0171k\u00f6d\u00f6tt k\u00f6zre git\u00e1ros, dics\u0151\u00edt\u0151 \u00e9nekekkel.<\/p>\n\n\n\n<ul class=\"wp-block-gallery columns-3 is-cropped wp-block-gallery-4 is-layout-flex wp-block-gallery-is-layout-flex\"><li class=\"blocks-gallery-item\"><figure><img loading=\"lazy\" decoding=\"async\" width=\"1024\" height=\"683\" src=\"https:\/\/marcali.plebania.hu\/wp-content\/uploads\/2019\/06\/27-1-1024x683.jpg\" alt=\"\" data-id=\"949\" data-link=\"https:\/\/marcali.plebania.hu\/?attachment_id=949\" class=\"wp-image-949\" srcset=\"https:\/\/marcali.plebania.hu\/wp-content\/uploads\/2019\/06\/27-1-1024x683.jpg 1024w, https:\/\/marcali.plebania.hu\/wp-content\/uploads\/2019\/06\/27-1-300x200.jpg 300w, https:\/\/marcali.plebania.hu\/wp-content\/uploads\/2019\/06\/27-1-768x512.jpg 768w, https:\/\/marcali.plebania.hu\/wp-content\/uploads\/2019\/06\/27-1-405x270.jpg 405w\" sizes=\"auto, (max-width: 1024px) 100vw, 1024px\" \/><\/figure><\/li><li class=\"blocks-gallery-item\"><figure><img loading=\"lazy\" decoding=\"async\" width=\"1024\" height=\"683\" src=\"https:\/\/marcali.plebania.hu\/wp-content\/uploads\/2019\/06\/28-1024x683.jpg\" alt=\"\" data-id=\"950\" data-link=\"https:\/\/marcali.plebania.hu\/?attachment_id=950\" class=\"wp-image-950\" srcset=\"https:\/\/marcali.plebania.hu\/wp-content\/uploads\/2019\/06\/28-1024x683.jpg 1024w, https:\/\/marcali.plebania.hu\/wp-content\/uploads\/2019\/06\/28-300x200.jpg 300w, https:\/\/marcali.plebania.hu\/wp-content\/uploads\/2019\/06\/28-768x512.jpg 768w, https:\/\/marcali.plebania.hu\/wp-content\/uploads\/2019\/06\/28-405x270.jpg 405w\" sizes=\"auto, (max-width: 1024px) 100vw, 1024px\" \/><\/figure><\/li><li class=\"blocks-gallery-item\"><figure><img loading=\"lazy\" decoding=\"async\" width=\"1024\" height=\"683\" src=\"https:\/\/marcali.plebania.hu\/wp-content\/uploads\/2019\/06\/30-1024x683.jpg\" alt=\"\" data-id=\"951\" data-link=\"https:\/\/marcali.plebania.hu\/?attachment_id=951\" class=\"wp-image-951\" srcset=\"https:\/\/marcali.plebania.hu\/wp-content\/uploads\/2019\/06\/30-1024x683.jpg 1024w, https:\/\/marcali.plebania.hu\/wp-content\/uploads\/2019\/06\/30-300x200.jpg 300w, https:\/\/marcali.plebania.hu\/wp-content\/uploads\/2019\/06\/30-768x512.jpg 768w, https:\/\/marcali.plebania.hu\/wp-content\/uploads\/2019\/06\/30-405x270.jpg 405w\" sizes=\"auto, (max-width: 1024px) 100vw, 1024px\" \/><\/figure><\/li><li class=\"blocks-gallery-item\"><figure><img loading=\"lazy\" decoding=\"async\" width=\"1024\" height=\"683\" src=\"https:\/\/marcali.plebania.hu\/wp-content\/uploads\/2019\/06\/34-1024x683.jpg\" alt=\"\" data-id=\"952\" data-link=\"https:\/\/marcali.plebania.hu\/?attachment_id=952\" class=\"wp-image-952\" srcset=\"https:\/\/marcali.plebania.hu\/wp-content\/uploads\/2019\/06\/34-1024x683.jpg 1024w, https:\/\/marcali.plebania.hu\/wp-content\/uploads\/2019\/06\/34-300x200.jpg 300w, https:\/\/marcali.plebania.hu\/wp-content\/uploads\/2019\/06\/34-768x512.jpg 768w, https:\/\/marcali.plebania.hu\/wp-content\/uploads\/2019\/06\/34-405x270.jpg 405w\" sizes=\"auto, (max-width: 1024px) 100vw, 1024px\" \/><\/figure><\/li><\/ul>\n","protected":false},"excerpt":{"rendered":"<p>2019. j\u00fanius 9-\u00e9n, P\u00fcnk\u00f6sdvas\u00e1rnap 16 \u00f3rakor kezd\u0151d\u00f6tt az \u00fcnnepi szentmise a Marcali pl\u00e9b\u00e1niatemplomban. A b\u00e9rm\u00e1l\u00e1s szents\u00e9g\u00e9t Varga L\u00e1szl\u00f3 kaposv\u00e1ri megy\u00e9sp\u00fcsp\u00f6k szolg\u00e1ltatta ki a nyolcadikos hittanosoknak \u00e9s feln\u0151tt fiataloknak. A p\u00fcsp\u00f6k urat az egyh\u00e1zk\u00f6zs\u00e9g nev\u00e9ben Kir\u00e1ly R\u00f3bert k\u00e9pvisel\u0151 test\u00fcleti tag \u00e9s feles\u00e9ge k\u00f6sz\u00f6nt\u00f6tt\u00e9k. A b\u00e9rm\u00e1lkoz\u00f3k nev\u00e9ben pedig T\u00f3th Eszter \u00c1gnes \u00e9s Mali Gerg\u0151 ny\u00fajtottak \u00e1t aj\u00e1nd\u00e9kokat \u00e9s k\u00e9rt\u00e9k a megy\u00e9sf\u0151p\u00e1sztort, hogy r\u00e9szes\u00edtse \u0151ket kegyelemben e meghat\u00e1roz\u00f3 szents\u00e9g v\u00e9tele \u00e1ltal. A b\u00e9rm\u00e1l\u00e1sra k\u00e9sz\u00fcl\u0151ket Kiss Iv\u00e1n c. pr\u00e9post, esperes-pl\u00e9b\u00e1nos mutatta be Varga L\u00e1szl\u00f3&#8230;<\/p>\n<p class=\"read-more\"><a class=\"btn btn-default\" href=\"https:\/\/marcali.plebania.hu\/?p=936\"> Read More<span class=\"screen-reader-text\">  Read More<\/span><\/a><\/p>\n","protected":false},"author":2,"featured_media":0,"comment_status":"closed","ping_status":"open","sticky":false,"template":"","format":"standard","meta":{"footnotes":""},"categories":[1],"tags":[],"class_list":["post-936","post","type-post","status-publish","format-standard","hentry","category-egyeb"],"_links":{"self":[{"href":"https:\/\/marcali.plebania.hu\/index.php?rest_route=\/wp\/v2\/posts\/936","targetHints":{"allow":["GET"]}}],"collection":[{"href":"https:\/\/marcali.plebania.hu\/index.php?rest_route=\/wp\/v2\/posts"}],"about":[{"href":"https:\/\/marcali.plebania.hu\/index.php?rest_route=\/wp\/v2\/types\/post"}],"author":[{"embeddable":true,"href":"https:\/\/marcali.plebania.hu\/index.php?rest_route=\/wp\/v2\/users\/2"}],"replies":[{"embeddable":true,"href":"https:\/\/marcali.plebania.hu\/index.php?rest_route=%2Fwp%2Fv2%2Fcomments&post=936"}],"version-history":[{"count":1,"href":"https:\/\/marcali.plebania.hu\/index.php?rest_route=\/wp\/v2\/posts\/936\/revisions"}],"predecessor-version":[{"id":953,"href":"https:\/\/marcali.plebania.hu\/index.php?rest_route=\/wp\/v2\/posts\/936\/revisions\/953"}],"wp:attachment":[{"href":"https:\/\/marcali.plebania.hu\/index.php?rest_route=%2Fwp%2Fv2%2Fmedia&parent=936"}],"wp:term":[{"taxonomy":"category","embeddable":true,"href":"https:\/\/marcali.plebania.hu\/index.php?rest_route=%2Fwp%2Fv2%2Fcategories&post=936"},{"taxonomy":"post_tag","embeddable":true,"href":"https:\/\/marcali.plebania.hu\/index.php?rest_route=%2Fwp%2Fv2%2Ftags&post=936"}],"curies":[{"name":"wp","href":"https:\/\/api.w.org\/{rel}","templated":true}]}}