{"id":954,"date":"2019-06-13T09:08:27","date_gmt":"2019-06-13T09:08:27","guid":{"rendered":"https:\/\/marcali.plebania.hu\/?p=954"},"modified":"2019-06-13T09:08:27","modified_gmt":"2019-06-13T09:08:27","slug":"hirdetesek-2019-06-16","status":"publish","type":"post","link":"https:\/\/marcali.plebania.hu\/?p=954","title":{"rendered":"Hirdet\u00e9sek 2019. 06. 16."},"content":{"rendered":"\n<ol class=\"wp-block-list\"><li>Ma van Szenth\u00e1roms\u00e1g vas\u00e1rnapja.<\/li><li>Szombaton, d\u00e9lut\u00e1n 5 \u00f3rakor orsz\u00e1gos\nm\u00e9ret\u0171 szents\u00e9gim\u00e1d\u00e1s lesz a pl\u00e9b\u00e1niatemplomban. Mivel regisztr\u00e1lnunk kell a\nneveket, akik r\u00e9szt vesznek, k\u00e9rj\u00fck, hogy a sekresty\u00e9ben iratkozzanak f\u00f6l a\nlist\u00e1ra.<\/li><li>J\u00f6v\u0151 vas\u00e1rnap, \u00darnapja, a 4 marcali\ntemplom k\u00f6z\u00f6s szentmis\u00e9je \u00e9s \u00farnapi k\u00f6rmenete. 9 \u00f3rakor kezd\u0151dik a\npl\u00e9b\u00e1niatemplomban, majd k\u00f6rmenettel folytat\u00f3dik a templom el\u0151tti t\u00e9ren. K\u00e9rj\u00fck,\nhogy templomonk\u00e9nt a lombs\u00e1trakat a szokott helyen \u00e1ll\u00edts\u00e1k \u00e9s d\u00edsz\u00edts\u00e9k fel.<\/li><li>El\u0151re hirdetem, hogy j\u00falius 5-\u00e9n\nv\u00e1rosunkba \u00e9rkezik az orsz\u00e1got j\u00e1r\u00f3 Misszi\u00f3s Kereszt. Elk\u00e9pzel\u00e9s\u00fcnk, hogy 5-\u00e9n\nels\u0151 p\u00e9nteken este f\u00e9l 6 \u00f3rakor keresztutat v\u00e9gz\u00fcnk, 18 \u00f3rakor szentmise, majd\nTais\u00e9-i ima\u00f3ra k\u00f6vetkezik. Szombaton a t\u00e9rs\u00e9g pl\u00e9b\u00e1ni\u00e1i fognak a kereszt k\u00f6r\u00fcl\nima\u00f3r\u00e1t tartani: 13-t\u00f3l 14-ig Somogys\u00e1mson, 14-t\u0151l 15-ig Balatonszentgy\u00f6rgy,\n15-t\u0151l 16-ig K\u00e9thely, 16-t\u00f3l 18-ig Buzs\u00e1k \u00e9s Nikla, 18 \u00f3rakor \u00fcnnepi szentmise.\nA t\u00f6bbi pl\u00e9b\u00e1ni\u00e1val m\u00e9g egyeztet\u00e9s folyik.<\/li><li>Szombati napokon temet\u00e9s nincsen!<\/li><\/ol>\n","protected":false},"excerpt":{"rendered":"<p>Ma van Szenth\u00e1roms\u00e1g vas\u00e1rnapja. Szombaton, d\u00e9lut\u00e1n 5 \u00f3rakor orsz\u00e1gos m\u00e9ret\u0171 szents\u00e9gim\u00e1d\u00e1s lesz a pl\u00e9b\u00e1niatemplomban. Mivel regisztr\u00e1lnunk kell a neveket, akik r\u00e9szt vesznek, k\u00e9rj\u00fck, hogy a sekresty\u00e9ben iratkozzanak f\u00f6l a list\u00e1ra. J\u00f6v\u0151 vas\u00e1rnap, \u00darnapja, a 4 marcali templom k\u00f6z\u00f6s szentmis\u00e9je \u00e9s \u00farnapi k\u00f6rmenete. 9 \u00f3rakor kezd\u0151dik a pl\u00e9b\u00e1niatemplomban, majd k\u00f6rmenettel folytat\u00f3dik a templom el\u0151tti t\u00e9ren. K\u00e9rj\u00fck, hogy templomonk\u00e9nt a lombs\u00e1trakat a szokott helyen \u00e1ll\u00edts\u00e1k \u00e9s d\u00edsz\u00edts\u00e9k fel. El\u0151re hirdetem, hogy j\u00falius 5-\u00e9n v\u00e1rosunkba \u00e9rkezik az orsz\u00e1got j\u00e1r\u00f3 Misszi\u00f3s Kereszt. Elk\u00e9pzel\u00e9s\u00fcnk, hogy&#8230;<\/p>\n<p class=\"read-more\"><a class=\"btn btn-default\" href=\"https:\/\/marcali.plebania.hu\/?p=954\"> Read More<span class=\"screen-reader-text\">  Read More<\/span><\/a><\/p>\n","protected":false},"author":2,"featured_media":0,"comment_status":"closed","ping_status":"open","sticky":false,"template":"","format":"standard","meta":{"footnotes":""},"categories":[1],"tags":[],"class_list":["post-954","post","type-post","status-publish","format-standard","hentry","category-egyeb"],"_links":{"self":[{"href":"https:\/\/marcali.plebania.hu\/index.php?rest_route=\/wp\/v2\/posts\/954","targetHints":{"allow":["GET"]}}],"collection":[{"href":"https:\/\/marcali.plebania.hu\/index.php?rest_route=\/wp\/v2\/posts"}],"about":[{"href":"https:\/\/marcali.plebania.hu\/index.php?rest_route=\/wp\/v2\/types\/post"}],"author":[{"embeddable":true,"href":"https:\/\/marcali.plebania.hu\/index.php?rest_route=\/wp\/v2\/users\/2"}],"replies":[{"embeddable":true,"href":"https:\/\/marcali.plebania.hu\/index.php?rest_route=%2Fwp%2Fv2%2Fcomments&post=954"}],"version-history":[{"count":1,"href":"https:\/\/marcali.plebania.hu\/index.php?rest_route=\/wp\/v2\/posts\/954\/revisions"}],"predecessor-version":[{"id":955,"href":"https:\/\/marcali.plebania.hu\/index.php?rest_route=\/wp\/v2\/posts\/954\/revisions\/955"}],"wp:attachment":[{"href":"https:\/\/marcali.plebania.hu\/index.php?rest_route=%2Fwp%2Fv2%2Fmedia&parent=954"}],"wp:term":[{"taxonomy":"category","embeddable":true,"href":"https:\/\/marcali.plebania.hu\/index.php?rest_route=%2Fwp%2Fv2%2Fcategories&post=954"},{"taxonomy":"post_tag","embeddable":true,"href":"https:\/\/marcali.plebania.hu\/index.php?rest_route=%2Fwp%2Fv2%2Ftags&post=954"}],"curies":[{"name":"wp","href":"https:\/\/api.w.org\/{rel}","templated":true}]}}