{"id":956,"date":"2019-06-21T08:55:03","date_gmt":"2019-06-21T08:55:03","guid":{"rendered":"https:\/\/marcali.plebania.hu\/?p=956"},"modified":"2019-06-21T08:55:03","modified_gmt":"2019-06-21T08:55:03","slug":"hirdetesek-2019-06-23","status":"publish","type":"post","link":"https:\/\/marcali.plebania.hu\/?p=956","title":{"rendered":"Hirdet\u00e9sek, 2019. 06. 23."},"content":{"rendered":"\n<ol class=\"wp-block-list\"><li>Ma \u00darnapja, az Olt\u00e1riszents\u00e9g \u00fcnnepe.\nA pl\u00e9b\u00e1niatemplomban 9 \u00f3rakor a n\u00e9gy marcali templom k\u00f6z\u00f6s szentmis\u00e9je, majd\n\u00farnapi k\u00f6rmenete a templom el\u0151tti t\u00e9ren.<\/li><li>A j\u00f6v\u0151 h\u00e9ten, p\u00e9nteken esti szentmise\nnem lesz, mert Somogyv\u00e1ron abban az id\u0151ben (18 \u00f3rakor) kezd\u0151dik az \u00fcnnepi szentmise\nSzt. L\u00e1szl\u00f3 tisztelet\u00e9re.<\/li><li>Szombaton 10.30-kor Kaposv\u00e1ron a\nsz\u00e9kesegyh\u00e1zban Varga L\u00e1szl\u00f3 megy\u00e9sp\u00fcsp\u00f6k 4 \u00e1ldoz\u00f3papot szentel.<\/li><li>J\u00falius 5-t\u0151l 7-ig v\u00e1rosunkban\ntart\u00f3zkodik a misszi\u00f3s kereszt.<\/li><li>K\u00f6sz\u00f6net mindazoknak, akik az \u00farnapi lombs\u00e1trakat\nel\u0151k\u00e9sz\u00edtett\u00e9k. K\u00fcl\u00f6n k\u00f6sz\u00f6net a Sz\u0151cs\u00e9nyi Iskol\u00e1nak, akik a lomb-\u00e1gakat\nidesz\u00e1ll\u00edtott\u00e1k.<\/li><\/ol>\n","protected":false},"excerpt":{"rendered":"<p>Ma \u00darnapja, az Olt\u00e1riszents\u00e9g \u00fcnnepe. A pl\u00e9b\u00e1niatemplomban 9 \u00f3rakor a n\u00e9gy marcali templom k\u00f6z\u00f6s szentmis\u00e9je, majd \u00farnapi k\u00f6rmenete a templom el\u0151tti t\u00e9ren. A j\u00f6v\u0151 h\u00e9ten, p\u00e9nteken esti szentmise nem lesz, mert Somogyv\u00e1ron abban az id\u0151ben (18 \u00f3rakor) kezd\u0151dik az \u00fcnnepi szentmise Szt. L\u00e1szl\u00f3 tisztelet\u00e9re. Szombaton 10.30-kor Kaposv\u00e1ron a sz\u00e9kesegyh\u00e1zban Varga L\u00e1szl\u00f3 megy\u00e9sp\u00fcsp\u00f6k 4 \u00e1ldoz\u00f3papot szentel. J\u00falius 5-t\u0151l 7-ig v\u00e1rosunkban tart\u00f3zkodik a misszi\u00f3s kereszt. K\u00f6sz\u00f6net mindazoknak, akik az \u00farnapi lombs\u00e1trakat el\u0151k\u00e9sz\u00edtett\u00e9k. K\u00fcl\u00f6n k\u00f6sz\u00f6net a Sz\u0151cs\u00e9nyi Iskol\u00e1nak, akik a lomb-\u00e1gakat idesz\u00e1ll\u00edtott\u00e1k.<\/p>\n","protected":false},"author":2,"featured_media":0,"comment_status":"closed","ping_status":"open","sticky":false,"template":"","format":"standard","meta":{"footnotes":""},"categories":[1],"tags":[],"class_list":["post-956","post","type-post","status-publish","format-standard","hentry","category-egyeb"],"_links":{"self":[{"href":"https:\/\/marcali.plebania.hu\/index.php?rest_route=\/wp\/v2\/posts\/956","targetHints":{"allow":["GET"]}}],"collection":[{"href":"https:\/\/marcali.plebania.hu\/index.php?rest_route=\/wp\/v2\/posts"}],"about":[{"href":"https:\/\/marcali.plebania.hu\/index.php?rest_route=\/wp\/v2\/types\/post"}],"author":[{"embeddable":true,"href":"https:\/\/marcali.plebania.hu\/index.php?rest_route=\/wp\/v2\/users\/2"}],"replies":[{"embeddable":true,"href":"https:\/\/marcali.plebania.hu\/index.php?rest_route=%2Fwp%2Fv2%2Fcomments&post=956"}],"version-history":[{"count":1,"href":"https:\/\/marcali.plebania.hu\/index.php?rest_route=\/wp\/v2\/posts\/956\/revisions"}],"predecessor-version":[{"id":957,"href":"https:\/\/marcali.plebania.hu\/index.php?rest_route=\/wp\/v2\/posts\/956\/revisions\/957"}],"wp:attachment":[{"href":"https:\/\/marcali.plebania.hu\/index.php?rest_route=%2Fwp%2Fv2%2Fmedia&parent=956"}],"wp:term":[{"taxonomy":"category","embeddable":true,"href":"https:\/\/marcali.plebania.hu\/index.php?rest_route=%2Fwp%2Fv2%2Fcategories&post=956"},{"taxonomy":"post_tag","embeddable":true,"href":"https:\/\/marcali.plebania.hu\/index.php?rest_route=%2Fwp%2Fv2%2Ftags&post=956"}],"curies":[{"name":"wp","href":"https:\/\/api.w.org\/{rel}","templated":true}]}}