{"id":958,"date":"2019-06-28T08:51:20","date_gmt":"2019-06-28T08:51:20","guid":{"rendered":"https:\/\/marcali.plebania.hu\/?p=958"},"modified":"2019-06-28T08:51:20","modified_gmt":"2019-06-28T08:51:20","slug":"urnapja-marcaliban","status":"publish","type":"post","link":"https:\/\/marcali.plebania.hu\/?p=958","title":{"rendered":"\u00darnapja Marcaliban"},"content":{"rendered":"\n<p>2019. j\u00fanius 23-\u00e1n, vas\u00e1rnap 9 \u00f3rakor a Marcali Gy\u00fcm\u00f6lcsolt\u00f3 Boldogasszony pl\u00e9b\u00e1niatemplomban tartott\u00e1k az idei \u00darnapi szentmis\u00e9t, melyet Kiss Iv\u00e1n c. pr\u00e9post, esperes-pl\u00e9b\u00e1nos celebr\u00e1lt.<\/p>\n\n\n\n<ul class=\"wp-block-gallery columns-3 is-cropped wp-block-gallery-1 is-layout-flex wp-block-gallery-is-layout-flex\"><li class=\"blocks-gallery-item\"><figure><img loading=\"lazy\" decoding=\"async\" width=\"1024\" height=\"683\" src=\"https:\/\/marcali.plebania.hu\/wp-content\/uploads\/2019\/06\/01-2-1024x683.jpg\" alt=\"\" data-id=\"959\" data-link=\"https:\/\/marcali.plebania.hu\/?attachment_id=959\" class=\"wp-image-959\" srcset=\"https:\/\/marcali.plebania.hu\/wp-content\/uploads\/2019\/06\/01-2-1024x683.jpg 1024w, https:\/\/marcali.plebania.hu\/wp-content\/uploads\/2019\/06\/01-2-300x200.jpg 300w, https:\/\/marcali.plebania.hu\/wp-content\/uploads\/2019\/06\/01-2-768x512.jpg 768w, https:\/\/marcali.plebania.hu\/wp-content\/uploads\/2019\/06\/01-2-405x270.jpg 405w\" sizes=\"auto, (max-width: 1024px) 100vw, 1024px\" \/><\/figure><\/li><li class=\"blocks-gallery-item\"><figure><img loading=\"lazy\" decoding=\"async\" width=\"1024\" height=\"683\" src=\"https:\/\/marcali.plebania.hu\/wp-content\/uploads\/2019\/06\/12-2-1024x683.jpg\" alt=\"\" data-id=\"960\" data-link=\"https:\/\/marcali.plebania.hu\/?attachment_id=960\" class=\"wp-image-960\" srcset=\"https:\/\/marcali.plebania.hu\/wp-content\/uploads\/2019\/06\/12-2-1024x683.jpg 1024w, https:\/\/marcali.plebania.hu\/wp-content\/uploads\/2019\/06\/12-2-300x200.jpg 300w, https:\/\/marcali.plebania.hu\/wp-content\/uploads\/2019\/06\/12-2-768x512.jpg 768w, https:\/\/marcali.plebania.hu\/wp-content\/uploads\/2019\/06\/12-2-405x270.jpg 405w\" sizes=\"auto, (max-width: 1024px) 100vw, 1024px\" \/><\/figure><\/li><li class=\"blocks-gallery-item\"><figure><img loading=\"lazy\" decoding=\"async\" width=\"1024\" height=\"683\" src=\"https:\/\/marcali.plebania.hu\/wp-content\/uploads\/2019\/06\/13-2-1024x683.jpg\" alt=\"\" data-id=\"961\" data-link=\"https:\/\/marcali.plebania.hu\/?attachment_id=961\" class=\"wp-image-961\" srcset=\"https:\/\/marcali.plebania.hu\/wp-content\/uploads\/2019\/06\/13-2-1024x683.jpg 1024w, https:\/\/marcali.plebania.hu\/wp-content\/uploads\/2019\/06\/13-2-300x200.jpg 300w, https:\/\/marcali.plebania.hu\/wp-content\/uploads\/2019\/06\/13-2-768x512.jpg 768w, https:\/\/marcali.plebania.hu\/wp-content\/uploads\/2019\/06\/13-2-405x270.jpg 405w\" sizes=\"auto, (max-width: 1024px) 100vw, 1024px\" \/><\/figure><\/li><li class=\"blocks-gallery-item\"><figure><img loading=\"lazy\" decoding=\"async\" width=\"1024\" height=\"683\" src=\"https:\/\/marcali.plebania.hu\/wp-content\/uploads\/2019\/06\/14-1024x683.jpg\" alt=\"\" data-id=\"962\" data-link=\"https:\/\/marcali.plebania.hu\/?attachment_id=962\" class=\"wp-image-962\" srcset=\"https:\/\/marcali.plebania.hu\/wp-content\/uploads\/2019\/06\/14-1024x683.jpg 1024w, https:\/\/marcali.plebania.hu\/wp-content\/uploads\/2019\/06\/14-300x200.jpg 300w, https:\/\/marcali.plebania.hu\/wp-content\/uploads\/2019\/06\/14-768x512.jpg 768w, https:\/\/marcali.plebania.hu\/wp-content\/uploads\/2019\/06\/14-405x270.jpg 405w\" sizes=\"auto, (max-width: 1024px) 100vw, 1024px\" \/><\/figure><\/li><\/ul>\n\n\n\n<p>\u00darnapja az Olt\u00e1riszents\u00e9g \u00fcnnepe,\nmelyen Krisztus val\u00f3s\u00e1gos jelenl\u00e9te \u00e1ll a k\u00f6z\u00e9ppontban. Tulajdonk\u00e9ppen minden\nszentmis\u00e9ben e csod\u00e1t \u00e9s titkot \u00fcnneplik a h\u00edv\u0151k vil\u00e1gszerte. A Szentl\u00e9lek\nlesz\u00e1ll\u00e1sa ut\u00e1n a Krisztus szem\u00e9ly\u00e9ben cselekv\u0151 pap szav\u00e1ra a keny\u00e9r J\u00e9zus\nval\u00f3s\u00e1gos test\u00e9v\u00e9, a bor pedig az \u0151 val\u00f3s\u00e1gos v\u00e9r\u00e9v\u00e9 v\u00e1ltozik \u00e1t. E felaj\u00e1nlott\nkeny\u00e9rben \u00e9s borban val\u00f3s\u00e1gosan jelenval\u00f3v\u00e1 v\u00e1lik Krisztus, hogy lelki\nszemeikkel szeml\u00e9lhess\u00e9k \u0151t \u00e9s a szent\u00e1ldoz\u00e1s \u00e1ltal a h\u00edv\u0151k sz\u00edv\u00e9be k\u00f6lt\u00f6zz\u00f6n.\nTeh\u00e1t J\u00e9zus Krisztus jelenl\u00e9te teszi \u00fcnnepp\u00e9 a szentmis\u00e9t. Iv\u00e1n atya\nhom\u00edli\u00e1j\u00e1ban felid\u00e9zte az Olt\u00e1riszents\u00e9g szerep\u00e9t az egyh\u00e1zt\u00f6rt\u00e9nelem kezdeti\nszakasz\u00e1t\u00f3l eg\u00e9szen napjainkig.<\/p>\n\n\n\n<p>A szentmis\u00e9t k\u00f6vet\u0151en az \u00farnapi k\u00f6rmenetet \u2013 a kor\u00e1bbi \u00e9vek hagyom\u00e1nyait\u00f3l elt\u00e9r\u0151en, az es\u0151s id\u0151 miatt \u2013 ez\u00fattal a pl\u00e9b\u00e1niatemplomban tartott\u00e1k meg. A 4 st\u00e1ci\u00f3t ez\u00fattal a F\u00e1jdalmas Sz\u0171zanya szoborn\u00e1l, a Lourdes-i barlangn\u00e1l, a Fatimai olt\u00e1rn\u00e1l, illetve a szembemis\u00e9z\u0151-olt\u00e1rn\u00e1l alak\u00edtott\u00e1k ki a pl\u00e9b\u00e1ni\u00e1hoz tartoz\u00f3 4 templom (pl\u00e9b\u00e1niatemplom, B. Gizella, Gomba \u00e9s Bize) h\u00edv\u0151 k\u00f6z\u00f6ss\u00e9ge k\u00e9pviselet\u00e9ben.<\/p>\n\n\n\n<ul class=\"wp-block-gallery columns-3 is-cropped wp-block-gallery-2 is-layout-flex wp-block-gallery-is-layout-flex\"><li class=\"blocks-gallery-item\"><figure><img loading=\"lazy\" decoding=\"async\" width=\"1024\" height=\"683\" src=\"https:\/\/marcali.plebania.hu\/wp-content\/uploads\/2019\/06\/17-1-1024x683.jpg\" alt=\"\" data-id=\"963\" data-link=\"https:\/\/marcali.plebania.hu\/?attachment_id=963\" class=\"wp-image-963\" srcset=\"https:\/\/marcali.plebania.hu\/wp-content\/uploads\/2019\/06\/17-1-1024x683.jpg 1024w, https:\/\/marcali.plebania.hu\/wp-content\/uploads\/2019\/06\/17-1-300x200.jpg 300w, https:\/\/marcali.plebania.hu\/wp-content\/uploads\/2019\/06\/17-1-768x512.jpg 768w, https:\/\/marcali.plebania.hu\/wp-content\/uploads\/2019\/06\/17-1-405x270.jpg 405w\" sizes=\"auto, (max-width: 1024px) 100vw, 1024px\" \/><\/figure><\/li><li class=\"blocks-gallery-item\"><figure><img loading=\"lazy\" decoding=\"async\" width=\"1024\" height=\"683\" src=\"https:\/\/marcali.plebania.hu\/wp-content\/uploads\/2019\/06\/18-2-1024x683.jpg\" alt=\"\" data-id=\"964\" data-link=\"https:\/\/marcali.plebania.hu\/?attachment_id=964\" class=\"wp-image-964\" srcset=\"https:\/\/marcali.plebania.hu\/wp-content\/uploads\/2019\/06\/18-2-1024x683.jpg 1024w, https:\/\/marcali.plebania.hu\/wp-content\/uploads\/2019\/06\/18-2-300x200.jpg 300w, https:\/\/marcali.plebania.hu\/wp-content\/uploads\/2019\/06\/18-2-768x512.jpg 768w, https:\/\/marcali.plebania.hu\/wp-content\/uploads\/2019\/06\/18-2-405x270.jpg 405w\" sizes=\"auto, (max-width: 1024px) 100vw, 1024px\" \/><\/figure><\/li><li class=\"blocks-gallery-item\"><figure><img loading=\"lazy\" decoding=\"async\" width=\"1024\" height=\"683\" src=\"https:\/\/marcali.plebania.hu\/wp-content\/uploads\/2019\/06\/21-1-1024x683.jpg\" alt=\"\" data-id=\"965\" data-link=\"https:\/\/marcali.plebania.hu\/?attachment_id=965\" class=\"wp-image-965\" srcset=\"https:\/\/marcali.plebania.hu\/wp-content\/uploads\/2019\/06\/21-1-1024x683.jpg 1024w, https:\/\/marcali.plebania.hu\/wp-content\/uploads\/2019\/06\/21-1-300x200.jpg 300w, https:\/\/marcali.plebania.hu\/wp-content\/uploads\/2019\/06\/21-1-768x512.jpg 768w, https:\/\/marcali.plebania.hu\/wp-content\/uploads\/2019\/06\/21-1-405x270.jpg 405w\" sizes=\"auto, (max-width: 1024px) 100vw, 1024px\" \/><\/figure><\/li><li class=\"blocks-gallery-item\"><figure><img loading=\"lazy\" decoding=\"async\" width=\"1024\" height=\"683\" src=\"https:\/\/marcali.plebania.hu\/wp-content\/uploads\/2019\/06\/28-1-1024x683.jpg\" alt=\"\" data-id=\"966\" data-link=\"https:\/\/marcali.plebania.hu\/?attachment_id=966\" class=\"wp-image-966\" srcset=\"https:\/\/marcali.plebania.hu\/wp-content\/uploads\/2019\/06\/28-1-1024x683.jpg 1024w, https:\/\/marcali.plebania.hu\/wp-content\/uploads\/2019\/06\/28-1-300x200.jpg 300w, https:\/\/marcali.plebania.hu\/wp-content\/uploads\/2019\/06\/28-1-768x512.jpg 768w, https:\/\/marcali.plebania.hu\/wp-content\/uploads\/2019\/06\/28-1-405x270.jpg 405w\" sizes=\"auto, (max-width: 1024px) 100vw, 1024px\" \/><\/figure><\/li><\/ul>\n\n\n\n<p>A k\u00fclt\u00e9ri lombs\u00e1trak\nf\u00e9m-szerkezet\u00e9t b\u00e1r szorgos kezek n\u00e9h\u00e1ny nappal ezel\u0151tt \u00f6sszeszerelt\u00e9k, s\u0151t a\nSz\u00e9ch\u00e9nyi Zsigmond Mez\u0151gazdas\u00e1gi Szakk\u00e9pz\u0151 Iskola j\u00f3volt\u00e1b\u00f3l a t\u00f6lgy \u00e9s h\u00e1rsfa\n\u00e1gakat is lesz\u00e1ll\u00edtott\u00e1k, \u00e1m az id\u0151j\u00e1r\u00e1s v\u00e9g\u00fcl megakad\u00e1lyozta ezek haszn\u00e1lat\u00e1t\na templom el\u0151tti t\u00e9ren. Kiss Iv\u00e1n atya megk\u00f6sz\u00f6nte mindenki \u00e1ldozatos munk\u00e1j\u00e1t\n\u00e9s seg\u00edts\u00e9g\u00e9t, melyet az \u00dar dics\u0151s\u00e9g\u00e9re aj\u00e1nlott fel.<\/p>\n","protected":false},"excerpt":{"rendered":"<p>2019. j\u00fanius 23-\u00e1n, vas\u00e1rnap 9 \u00f3rakor a Marcali Gy\u00fcm\u00f6lcsolt\u00f3 Boldogasszony pl\u00e9b\u00e1niatemplomban tartott\u00e1k az idei \u00darnapi szentmis\u00e9t, melyet Kiss Iv\u00e1n c. pr\u00e9post, esperes-pl\u00e9b\u00e1nos celebr\u00e1lt. \u00darnapja az Olt\u00e1riszents\u00e9g \u00fcnnepe, melyen Krisztus val\u00f3s\u00e1gos jelenl\u00e9te \u00e1ll a k\u00f6z\u00e9ppontban. Tulajdonk\u00e9ppen minden szentmis\u00e9ben e csod\u00e1t \u00e9s titkot \u00fcnneplik a h\u00edv\u0151k vil\u00e1gszerte. A Szentl\u00e9lek lesz\u00e1ll\u00e1sa ut\u00e1n a Krisztus szem\u00e9ly\u00e9ben cselekv\u0151 pap szav\u00e1ra a keny\u00e9r J\u00e9zus val\u00f3s\u00e1gos test\u00e9v\u00e9, a bor pedig az \u0151 val\u00f3s\u00e1gos v\u00e9r\u00e9v\u00e9 v\u00e1ltozik \u00e1t. E felaj\u00e1nlott keny\u00e9rben \u00e9s borban val\u00f3s\u00e1gosan jelenval\u00f3v\u00e1 v\u00e1lik Krisztus, hogy lelki&#8230;<\/p>\n<p class=\"read-more\"><a class=\"btn btn-default\" href=\"https:\/\/marcali.plebania.hu\/?p=958\"> Read More<span class=\"screen-reader-text\">  Read More<\/span><\/a><\/p>\n","protected":false},"author":2,"featured_media":0,"comment_status":"closed","ping_status":"open","sticky":false,"template":"","format":"standard","meta":{"footnotes":""},"categories":[1],"tags":[],"class_list":["post-958","post","type-post","status-publish","format-standard","hentry","category-egyeb"],"_links":{"self":[{"href":"https:\/\/marcali.plebania.hu\/index.php?rest_route=\/wp\/v2\/posts\/958","targetHints":{"allow":["GET"]}}],"collection":[{"href":"https:\/\/marcali.plebania.hu\/index.php?rest_route=\/wp\/v2\/posts"}],"about":[{"href":"https:\/\/marcali.plebania.hu\/index.php?rest_route=\/wp\/v2\/types\/post"}],"author":[{"embeddable":true,"href":"https:\/\/marcali.plebania.hu\/index.php?rest_route=\/wp\/v2\/users\/2"}],"replies":[{"embeddable":true,"href":"https:\/\/marcali.plebania.hu\/index.php?rest_route=%2Fwp%2Fv2%2Fcomments&post=958"}],"version-history":[{"count":1,"href":"https:\/\/marcali.plebania.hu\/index.php?rest_route=\/wp\/v2\/posts\/958\/revisions"}],"predecessor-version":[{"id":967,"href":"https:\/\/marcali.plebania.hu\/index.php?rest_route=\/wp\/v2\/posts\/958\/revisions\/967"}],"wp:attachment":[{"href":"https:\/\/marcali.plebania.hu\/index.php?rest_route=%2Fwp%2Fv2%2Fmedia&parent=958"}],"wp:term":[{"taxonomy":"category","embeddable":true,"href":"https:\/\/marcali.plebania.hu\/index.php?rest_route=%2Fwp%2Fv2%2Fcategories&post=958"},{"taxonomy":"post_tag","embeddable":true,"href":"https:\/\/marcali.plebania.hu\/index.php?rest_route=%2Fwp%2Fv2%2Ftags&post=958"}],"curies":[{"name":"wp","href":"https:\/\/api.w.org\/{rel}","templated":true}]}}