{"id":968,"date":"2019-06-28T08:52:32","date_gmt":"2019-06-28T08:52:32","guid":{"rendered":"https:\/\/marcali.plebania.hu\/?p=968"},"modified":"2019-06-28T08:52:32","modified_gmt":"2019-06-28T08:52:32","slug":"hirdetesek-2019-06-30","status":"publish","type":"post","link":"https:\/\/marcali.plebania.hu\/?p=968","title":{"rendered":"Hirdet\u00e9sek, 2019. 06. 30."},"content":{"rendered":"\n<p><strong>Misszi\u00f3s\nKereszt: j\u00falius 5-7. Marcali Gy\u00fcm\u00f6lcsolt\u00f3 Boldogasszony Pl\u00e9b\u00e1niatemplom<\/strong><\/p>\n\n\n\n<p><strong>P\u00e9ntek:<\/strong><\/p>\n\n\n\n<p><strong>16 \u00f3ra: <em>a szeg\u00e9nyek l\u00e1togat\u00e1sa<\/em><\/strong><\/p>\n\n\n\n<p><strong>16.30 \u00f3ra: <em>Tais\u00e9-i ima\u00f3ra a hittanos t\u00e1bor\nr\u00e9sztvev\u0151ivel<\/em><\/strong><\/p>\n\n\n\n<p><strong>17.30 \u00f3ra: <em>kereszt\u00fat<\/em><\/strong><\/p>\n\n\n\n<p><strong>18 \u00f3ra: <em>szentmise<\/em><\/strong><\/p>\n\n\n\n<p><strong><em>19.00-20.00:\nvirraszt\u00e1s<\/em><\/strong><strong><\/strong><\/p>\n\n\n\n<p><strong>Szombaton a t\u00e9rs\u00e9g\npl\u00e9b\u00e1ni\u00e1inak ima\u00f3r\u00e1i:<\/strong><\/p>\n\n\n\n<p><strong>10 \u00f3ra: templomnyit\u00e1s<\/strong><\/p>\n\n\n\n<p><strong>12.00-13.00: <em>Mesztegny\u0151<\/em><\/strong><\/p>\n\n\n\n<p><strong>13.00-14.00: <em>Somogys\u00e1mson<\/em><\/strong><\/p>\n\n\n\n<p><strong>14.00-15.00: <em>Balatonszentgy\u00f6rgy \u00e9s<\/em><\/strong><\/p>\n\n\n\n<p><strong><em>Balatonber\u00e9ny<\/em><\/strong><strong><\/strong><\/p>\n\n\n\n<p><strong>15.00-16.00: <em>K\u00e9thely<\/em><\/strong><\/p>\n\n\n\n<p><strong>16.00-18.00: <em>Buzs\u00e1k \u00e9s Nikla<\/em><\/strong><\/p>\n\n\n\n<p><strong>18.00: <em>\u00fcnnepi szentmise: T\u00f6lgyesi D\u00e1vid \u00fajmis\u00e9je \u2013 \u00fajmis\u00e9s\n\u00e1ld\u00e1ssal<\/em><\/strong><\/p>\n\n\n\n<p><strong>Vas\u00e1rnap:<\/strong><\/p>\n\n\n\n<p><strong>9.00: <em>\u00fcnnepi szentmise, kereszth\u00f3dolattal<\/em><\/strong><strong><\/strong><\/p>\n","protected":false},"excerpt":{"rendered":"<p>Misszi\u00f3s Kereszt: j\u00falius 5-7. Marcali Gy\u00fcm\u00f6lcsolt\u00f3 Boldogasszony Pl\u00e9b\u00e1niatemplom P\u00e9ntek: 16 \u00f3ra: a szeg\u00e9nyek l\u00e1togat\u00e1sa 16.30 \u00f3ra: Tais\u00e9-i ima\u00f3ra a hittanos t\u00e1bor r\u00e9sztvev\u0151ivel 17.30 \u00f3ra: kereszt\u00fat 18 \u00f3ra: szentmise 19.00-20.00: virraszt\u00e1s Szombaton a t\u00e9rs\u00e9g pl\u00e9b\u00e1ni\u00e1inak ima\u00f3r\u00e1i: 10 \u00f3ra: templomnyit\u00e1s 12.00-13.00: Mesztegny\u0151 13.00-14.00: Somogys\u00e1mson 14.00-15.00: Balatonszentgy\u00f6rgy \u00e9s Balatonber\u00e9ny 15.00-16.00: K\u00e9thely 16.00-18.00: Buzs\u00e1k \u00e9s Nikla 18.00: \u00fcnnepi szentmise: T\u00f6lgyesi D\u00e1vid \u00fajmis\u00e9je \u2013 \u00fajmis\u00e9s \u00e1ld\u00e1ssal Vas\u00e1rnap: 9.00: \u00fcnnepi szentmise, kereszth\u00f3dolattal<\/p>\n","protected":false},"author":2,"featured_media":0,"comment_status":"closed","ping_status":"open","sticky":false,"template":"","format":"standard","meta":{"footnotes":""},"categories":[1],"tags":[],"class_list":["post-968","post","type-post","status-publish","format-standard","hentry","category-egyeb"],"_links":{"self":[{"href":"https:\/\/marcali.plebania.hu\/index.php?rest_route=\/wp\/v2\/posts\/968","targetHints":{"allow":["GET"]}}],"collection":[{"href":"https:\/\/marcali.plebania.hu\/index.php?rest_route=\/wp\/v2\/posts"}],"about":[{"href":"https:\/\/marcali.plebania.hu\/index.php?rest_route=\/wp\/v2\/types\/post"}],"author":[{"embeddable":true,"href":"https:\/\/marcali.plebania.hu\/index.php?rest_route=\/wp\/v2\/users\/2"}],"replies":[{"embeddable":true,"href":"https:\/\/marcali.plebania.hu\/index.php?rest_route=%2Fwp%2Fv2%2Fcomments&post=968"}],"version-history":[{"count":1,"href":"https:\/\/marcali.plebania.hu\/index.php?rest_route=\/wp\/v2\/posts\/968\/revisions"}],"predecessor-version":[{"id":969,"href":"https:\/\/marcali.plebania.hu\/index.php?rest_route=\/wp\/v2\/posts\/968\/revisions\/969"}],"wp:attachment":[{"href":"https:\/\/marcali.plebania.hu\/index.php?rest_route=%2Fwp%2Fv2%2Fmedia&parent=968"}],"wp:term":[{"taxonomy":"category","embeddable":true,"href":"https:\/\/marcali.plebania.hu\/index.php?rest_route=%2Fwp%2Fv2%2Fcategories&post=968"},{"taxonomy":"post_tag","embeddable":true,"href":"https:\/\/marcali.plebania.hu\/index.php?rest_route=%2Fwp%2Fv2%2Ftags&post=968"}],"curies":[{"name":"wp","href":"https:\/\/api.w.org\/{rel}","templated":true}]}}