{"id":970,"date":"2019-07-02T15:07:48","date_gmt":"2019-07-02T15:07:48","guid":{"rendered":"https:\/\/marcali.plebania.hu\/?p=970"},"modified":"2019-07-02T15:07:48","modified_gmt":"2019-07-02T15:07:48","slug":"diszpolgari-cimmel-tuntettek-ki-kiss-ivan-c-prepost-esperes-plebanost-somogyvaron","status":"publish","type":"post","link":"https:\/\/marcali.plebania.hu\/?p=970","title":{"rendered":"D\u00edszpolg\u00e1ri c\u00edmmel t\u00fcntett\u00e9k ki Kiss Iv\u00e1n c. pr\u00e9post, esperes-pl\u00e9b\u00e1nost Somogyv\u00e1ron"},"content":{"rendered":"\n<p>2019. j\u00fanius 28-\u00e1n, p\u00e9nteken 18 \u00f3rakor a Somogyv\u00e1ri pl\u00e9b\u00e1niatemplomban \u00fcnnepi szentmise keret\u00e9ben adt\u00e1k \u00e1t a XXX. Szent L\u00e1szl\u00f3 Napok programsorozat r\u00e9szek\u00e9nt a k\u00f6zs\u00e9g \u00f6nkorm\u00e1nyzata kit\u00fcntet\u00e9seit.<\/p>\n\n\n\n<ul class=\"wp-block-gallery columns-3 is-cropped wp-block-gallery-1 is-layout-flex wp-block-gallery-is-layout-flex\"><li class=\"blocks-gallery-item\"><figure><img loading=\"lazy\" decoding=\"async\" width=\"1024\" height=\"683\" src=\"https:\/\/marcali.plebania.hu\/wp-content\/uploads\/2019\/07\/01-1024x683.jpg\" alt=\"\" data-id=\"971\" data-link=\"https:\/\/marcali.plebania.hu\/?attachment_id=971\" class=\"wp-image-971\" srcset=\"https:\/\/marcali.plebania.hu\/wp-content\/uploads\/2019\/07\/01-1024x683.jpg 1024w, https:\/\/marcali.plebania.hu\/wp-content\/uploads\/2019\/07\/01-300x200.jpg 300w, https:\/\/marcali.plebania.hu\/wp-content\/uploads\/2019\/07\/01-768x512.jpg 768w, https:\/\/marcali.plebania.hu\/wp-content\/uploads\/2019\/07\/01-405x270.jpg 405w\" sizes=\"auto, (max-width: 1024px) 100vw, 1024px\" \/><\/figure><\/li><li class=\"blocks-gallery-item\"><figure><img loading=\"lazy\" decoding=\"async\" width=\"1024\" height=\"683\" src=\"https:\/\/marcali.plebania.hu\/wp-content\/uploads\/2019\/07\/06-1024x683.jpg\" alt=\"\" data-id=\"972\" data-link=\"https:\/\/marcali.plebania.hu\/?attachment_id=972\" class=\"wp-image-972\" srcset=\"https:\/\/marcali.plebania.hu\/wp-content\/uploads\/2019\/07\/06-1024x683.jpg 1024w, https:\/\/marcali.plebania.hu\/wp-content\/uploads\/2019\/07\/06-300x200.jpg 300w, https:\/\/marcali.plebania.hu\/wp-content\/uploads\/2019\/07\/06-768x512.jpg 768w, https:\/\/marcali.plebania.hu\/wp-content\/uploads\/2019\/07\/06-405x270.jpg 405w\" sizes=\"auto, (max-width: 1024px) 100vw, 1024px\" \/><\/figure><\/li><li class=\"blocks-gallery-item\"><figure><img loading=\"lazy\" decoding=\"async\" width=\"1024\" height=\"683\" src=\"https:\/\/marcali.plebania.hu\/wp-content\/uploads\/2019\/07\/16-1024x683.jpg\" alt=\"\" data-id=\"973\" data-link=\"https:\/\/marcali.plebania.hu\/?attachment_id=973\" class=\"wp-image-973\" srcset=\"https:\/\/marcali.plebania.hu\/wp-content\/uploads\/2019\/07\/16-1024x683.jpg 1024w, https:\/\/marcali.plebania.hu\/wp-content\/uploads\/2019\/07\/16-300x200.jpg 300w, https:\/\/marcali.plebania.hu\/wp-content\/uploads\/2019\/07\/16-768x512.jpg 768w, https:\/\/marcali.plebania.hu\/wp-content\/uploads\/2019\/07\/16-405x270.jpg 405w\" sizes=\"auto, (max-width: 1024px) 100vw, 1024px\" \/><\/figure><\/li><li class=\"blocks-gallery-item\"><figure><img loading=\"lazy\" decoding=\"async\" width=\"1024\" height=\"683\" src=\"https:\/\/marcali.plebania.hu\/wp-content\/uploads\/2019\/07\/11-1024x683.jpg\" alt=\"\" data-id=\"974\" data-link=\"https:\/\/marcali.plebania.hu\/?attachment_id=974\" class=\"wp-image-974\" srcset=\"https:\/\/marcali.plebania.hu\/wp-content\/uploads\/2019\/07\/11-1024x683.jpg 1024w, https:\/\/marcali.plebania.hu\/wp-content\/uploads\/2019\/07\/11-300x200.jpg 300w, https:\/\/marcali.plebania.hu\/wp-content\/uploads\/2019\/07\/11-768x512.jpg 768w, https:\/\/marcali.plebania.hu\/wp-content\/uploads\/2019\/07\/11-405x270.jpg 405w\" sizes=\"auto, (max-width: 1024px) 100vw, 1024px\" \/><\/figure><\/li><\/ul>\n\n\n\n<p>A megjelent vend\u00e9geket Gyur\u00e1kovics L\u00e1szl\u00f3 polg\u00e1rmester k\u00f6sz\u00f6nt\u00f6tte. Majd Bir\u00f3 Norbert, a Somogy Megyei K\u00f6zgy\u0171l\u00e9s eln\u00f6ke osztotta meg \u00fcnnepi gondolatait, illet\u0151leg mutatta be a Somogy Megyei \u00d6nkorm\u00e1nyzat \u00e1ltal megjelentetett Somogyi legend\u00e1k nyom\u00e1ban c\u00edm\u0171 k\u00f6nyvet, amelyben term\u00e9szetesen Somogyv\u00e1r is benne szerepel. Ezut\u00e1n M\u00f3ring J\u00f3zsef Attila orsz\u00e1ggy\u0171l\u00e9si k\u00e9pvisel\u0151 eleven\u00edtette fel a Szent L\u00e1szl\u00f3 Napok kezdeteit \u00e9s f\u0151bb \u00e1llom\u00e1sait.<\/p>\n\n\n\n<ul class=\"wp-block-gallery columns-3 is-cropped wp-block-gallery-2 is-layout-flex wp-block-gallery-is-layout-flex\"><li class=\"blocks-gallery-item\"><figure><img loading=\"lazy\" decoding=\"async\" width=\"1024\" height=\"683\" src=\"https:\/\/marcali.plebania.hu\/wp-content\/uploads\/2019\/07\/14-1024x683.jpg\" alt=\"\" data-id=\"975\" data-link=\"https:\/\/marcali.plebania.hu\/?attachment_id=975\" class=\"wp-image-975\" srcset=\"https:\/\/marcali.plebania.hu\/wp-content\/uploads\/2019\/07\/14-1024x683.jpg 1024w, https:\/\/marcali.plebania.hu\/wp-content\/uploads\/2019\/07\/14-300x200.jpg 300w, https:\/\/marcali.plebania.hu\/wp-content\/uploads\/2019\/07\/14-768x512.jpg 768w, https:\/\/marcali.plebania.hu\/wp-content\/uploads\/2019\/07\/14-405x270.jpg 405w\" sizes=\"auto, (max-width: 1024px) 100vw, 1024px\" \/><\/figure><\/li><li class=\"blocks-gallery-item\"><figure><img loading=\"lazy\" decoding=\"async\" width=\"1024\" height=\"683\" src=\"https:\/\/marcali.plebania.hu\/wp-content\/uploads\/2019\/07\/18-1024x683.jpg\" alt=\"\" data-id=\"976\" data-link=\"https:\/\/marcali.plebania.hu\/?attachment_id=976\" class=\"wp-image-976\" srcset=\"https:\/\/marcali.plebania.hu\/wp-content\/uploads\/2019\/07\/18-1024x683.jpg 1024w, https:\/\/marcali.plebania.hu\/wp-content\/uploads\/2019\/07\/18-300x200.jpg 300w, https:\/\/marcali.plebania.hu\/wp-content\/uploads\/2019\/07\/18-768x512.jpg 768w, https:\/\/marcali.plebania.hu\/wp-content\/uploads\/2019\/07\/18-405x270.jpg 405w\" sizes=\"auto, (max-width: 1024px) 100vw, 1024px\" \/><\/figure><\/li><li class=\"blocks-gallery-item\"><figure><img loading=\"lazy\" decoding=\"async\" width=\"1024\" height=\"683\" src=\"https:\/\/marcali.plebania.hu\/wp-content\/uploads\/2019\/07\/21-1024x683.jpg\" alt=\"\" data-id=\"977\" data-link=\"https:\/\/marcali.plebania.hu\/?attachment_id=977\" class=\"wp-image-977\" srcset=\"https:\/\/marcali.plebania.hu\/wp-content\/uploads\/2019\/07\/21-1024x683.jpg 1024w, https:\/\/marcali.plebania.hu\/wp-content\/uploads\/2019\/07\/21-300x200.jpg 300w, https:\/\/marcali.plebania.hu\/wp-content\/uploads\/2019\/07\/21-768x512.jpg 768w, https:\/\/marcali.plebania.hu\/wp-content\/uploads\/2019\/07\/21-405x270.jpg 405w\" sizes=\"auto, (max-width: 1024px) 100vw, 1024px\" \/><\/figure><\/li><li class=\"blocks-gallery-item\"><figure><img loading=\"lazy\" decoding=\"async\" width=\"1024\" height=\"683\" src=\"https:\/\/marcali.plebania.hu\/wp-content\/uploads\/2019\/07\/46-1024x683.jpg\" alt=\"\" data-id=\"978\" data-link=\"https:\/\/marcali.plebania.hu\/?attachment_id=978\" class=\"wp-image-978\" srcset=\"https:\/\/marcali.plebania.hu\/wp-content\/uploads\/2019\/07\/46-1024x683.jpg 1024w, https:\/\/marcali.plebania.hu\/wp-content\/uploads\/2019\/07\/46-300x200.jpg 300w, https:\/\/marcali.plebania.hu\/wp-content\/uploads\/2019\/07\/46-768x512.jpg 768w, https:\/\/marcali.plebania.hu\/wp-content\/uploads\/2019\/07\/46-405x270.jpg 405w\" sizes=\"auto, (max-width: 1024px) 100vw, 1024px\" \/><\/figure><\/li><\/ul>\n\n\n\n<p>Ezt k\u00f6vet\u0151en Gyur\u00e1kovics L\u00e1szl\u00f3 somogyv\u00e1ri polg\u00e1rmester r\u00f6viden bemutatta az idei kit\u00fcntetett szem\u00e9lyeket \u00e9s szervezeteket, \u00e1tadta a telep\u00fcl\u00e9s \u00f6nkorm\u00e1nyzata \u00e1ltal megszavazott elismer\u00e9seket. A d\u00edjazottak k\u00f6z\u00f6tt volt Kiss Iv\u00e1n c. pr\u00e9post, esperes-pl\u00e9b\u00e1nos, aki a D\u00edszpolg\u00e1ri c\u00edmben r\u00e9szes\u00fclt a Szent L\u00e1szl\u00f3 Napok elind\u00edt\u00e1s\u00e1\u00e9rt.<\/p>\n\n\n\n<ul class=\"wp-block-gallery columns-3 is-cropped wp-block-gallery-3 is-layout-flex wp-block-gallery-is-layout-flex\"><li class=\"blocks-gallery-item\"><figure><img loading=\"lazy\" decoding=\"async\" width=\"1024\" height=\"683\" src=\"https:\/\/marcali.plebania.hu\/wp-content\/uploads\/2019\/07\/29-1024x683.jpg\" alt=\"\" data-id=\"979\" data-link=\"https:\/\/marcali.plebania.hu\/?attachment_id=979\" class=\"wp-image-979\" srcset=\"https:\/\/marcali.plebania.hu\/wp-content\/uploads\/2019\/07\/29-1024x683.jpg 1024w, https:\/\/marcali.plebania.hu\/wp-content\/uploads\/2019\/07\/29-300x200.jpg 300w, https:\/\/marcali.plebania.hu\/wp-content\/uploads\/2019\/07\/29-768x512.jpg 768w, https:\/\/marcali.plebania.hu\/wp-content\/uploads\/2019\/07\/29-405x270.jpg 405w\" sizes=\"auto, (max-width: 1024px) 100vw, 1024px\" \/><\/figure><\/li><li class=\"blocks-gallery-item\"><figure><img loading=\"lazy\" decoding=\"async\" width=\"1024\" height=\"683\" src=\"https:\/\/marcali.plebania.hu\/wp-content\/uploads\/2019\/07\/30-1024x683.jpg\" alt=\"\" data-id=\"980\" data-link=\"https:\/\/marcali.plebania.hu\/?attachment_id=980\" class=\"wp-image-980\" srcset=\"https:\/\/marcali.plebania.hu\/wp-content\/uploads\/2019\/07\/30-1024x683.jpg 1024w, https:\/\/marcali.plebania.hu\/wp-content\/uploads\/2019\/07\/30-300x200.jpg 300w, https:\/\/marcali.plebania.hu\/wp-content\/uploads\/2019\/07\/30-768x512.jpg 768w, https:\/\/marcali.plebania.hu\/wp-content\/uploads\/2019\/07\/30-405x270.jpg 405w\" sizes=\"auto, (max-width: 1024px) 100vw, 1024px\" \/><\/figure><\/li><li class=\"blocks-gallery-item\"><figure><img loading=\"lazy\" decoding=\"async\" width=\"1024\" height=\"683\" src=\"https:\/\/marcali.plebania.hu\/wp-content\/uploads\/2019\/07\/31-1024x683.jpg\" alt=\"\" data-id=\"981\" data-link=\"https:\/\/marcali.plebania.hu\/?attachment_id=981\" class=\"wp-image-981\" srcset=\"https:\/\/marcali.plebania.hu\/wp-content\/uploads\/2019\/07\/31-1024x683.jpg 1024w, https:\/\/marcali.plebania.hu\/wp-content\/uploads\/2019\/07\/31-300x200.jpg 300w, https:\/\/marcali.plebania.hu\/wp-content\/uploads\/2019\/07\/31-768x512.jpg 768w, https:\/\/marcali.plebania.hu\/wp-content\/uploads\/2019\/07\/31-405x270.jpg 405w\" sizes=\"auto, (max-width: 1024px) 100vw, 1024px\" \/><\/figure><\/li><li class=\"blocks-gallery-item\"><figure><img loading=\"lazy\" decoding=\"async\" width=\"1024\" height=\"683\" src=\"https:\/\/marcali.plebania.hu\/wp-content\/uploads\/2019\/07\/33-1024x683.jpg\" alt=\"\" data-id=\"982\" data-link=\"https:\/\/marcali.plebania.hu\/?attachment_id=982\" class=\"wp-image-982\" srcset=\"https:\/\/marcali.plebania.hu\/wp-content\/uploads\/2019\/07\/33-1024x683.jpg 1024w, https:\/\/marcali.plebania.hu\/wp-content\/uploads\/2019\/07\/33-300x200.jpg 300w, https:\/\/marcali.plebania.hu\/wp-content\/uploads\/2019\/07\/33-768x512.jpg 768w, https:\/\/marcali.plebania.hu\/wp-content\/uploads\/2019\/07\/33-405x270.jpg 405w\" sizes=\"auto, (max-width: 1024px) 100vw, 1024px\" \/><\/figure><\/li><\/ul>\n\n\n\n<p>V\u00e9g\u00fcl \u00fcnnepi szentmis\u00e9n adtak h\u00e1l\u00e1t Istennek \u00e9s a megye v\u00e9d\u0151szentj\u00e9nek, Szent L\u00e1szl\u00f3 kir\u00e1lynak. Az istentiszteletet Kiss Iv\u00e1n c. pr\u00e9post, esperes-pl\u00e9b\u00e1nos celebr\u00e1lta. Hom\u00edli\u00e1j\u00e1ban Szent L\u00e1szl\u00f3 kir\u00e1ly nagys\u00e1g\u00e1t m\u00e9ltatta \u00e9s k\u00f6vetend\u0151 p\u00e9ldak\u00e9nt \u00e1ll\u00edtotta mindenki sz\u00e1m\u00e1ra, hiszen nemcsak az orsz\u00e1got, hanem a hitet is megtartotta. Iv\u00e1n atya \u00f6r\u00f6m\u00e9t fejezte ki, hogy a 30 \u00e9vvel elkezdett programsorozat m\u00e9g most is t\u00f6retlen lelkesed\u00e9ssel ker\u00fcl minden \u00e9vben megrendez\u00e9sre.<\/p>\n\n\n\n<ul class=\"wp-block-gallery columns-3 is-cropped wp-block-gallery-4 is-layout-flex wp-block-gallery-is-layout-flex\"><li class=\"blocks-gallery-item\"><figure><img loading=\"lazy\" decoding=\"async\" width=\"1024\" height=\"683\" src=\"https:\/\/marcali.plebania.hu\/wp-content\/uploads\/2019\/07\/35-1024x683.jpg\" alt=\"\" data-id=\"983\" data-link=\"https:\/\/marcali.plebania.hu\/?attachment_id=983\" class=\"wp-image-983\" srcset=\"https:\/\/marcali.plebania.hu\/wp-content\/uploads\/2019\/07\/35-1024x683.jpg 1024w, https:\/\/marcali.plebania.hu\/wp-content\/uploads\/2019\/07\/35-300x200.jpg 300w, https:\/\/marcali.plebania.hu\/wp-content\/uploads\/2019\/07\/35-768x512.jpg 768w, https:\/\/marcali.plebania.hu\/wp-content\/uploads\/2019\/07\/35-405x270.jpg 405w\" sizes=\"auto, (max-width: 1024px) 100vw, 1024px\" \/><\/figure><\/li><li class=\"blocks-gallery-item\"><figure><img loading=\"lazy\" decoding=\"async\" width=\"1024\" height=\"683\" src=\"https:\/\/marcali.plebania.hu\/wp-content\/uploads\/2019\/07\/41-1024x683.jpg\" alt=\"\" data-id=\"984\" data-link=\"https:\/\/marcali.plebania.hu\/?attachment_id=984\" class=\"wp-image-984\" srcset=\"https:\/\/marcali.plebania.hu\/wp-content\/uploads\/2019\/07\/41-1024x683.jpg 1024w, https:\/\/marcali.plebania.hu\/wp-content\/uploads\/2019\/07\/41-300x200.jpg 300w, https:\/\/marcali.plebania.hu\/wp-content\/uploads\/2019\/07\/41-768x512.jpg 768w, https:\/\/marcali.plebania.hu\/wp-content\/uploads\/2019\/07\/41-405x270.jpg 405w\" sizes=\"auto, (max-width: 1024px) 100vw, 1024px\" \/><\/figure><\/li><li class=\"blocks-gallery-item\"><figure><img loading=\"lazy\" decoding=\"async\" width=\"1024\" height=\"683\" src=\"https:\/\/marcali.plebania.hu\/wp-content\/uploads\/2019\/07\/42-1024x683.jpg\" alt=\"\" data-id=\"985\" data-link=\"https:\/\/marcali.plebania.hu\/?attachment_id=985\" class=\"wp-image-985\" srcset=\"https:\/\/marcali.plebania.hu\/wp-content\/uploads\/2019\/07\/42-1024x683.jpg 1024w, https:\/\/marcali.plebania.hu\/wp-content\/uploads\/2019\/07\/42-300x200.jpg 300w, https:\/\/marcali.plebania.hu\/wp-content\/uploads\/2019\/07\/42-768x512.jpg 768w, https:\/\/marcali.plebania.hu\/wp-content\/uploads\/2019\/07\/42-405x270.jpg 405w\" sizes=\"auto, (max-width: 1024px) 100vw, 1024px\" \/><\/figure><\/li><li class=\"blocks-gallery-item\"><figure><img loading=\"lazy\" decoding=\"async\" width=\"1024\" height=\"683\" src=\"https:\/\/marcali.plebania.hu\/wp-content\/uploads\/2019\/07\/40-1024x683.jpg\" alt=\"\" data-id=\"986\" data-link=\"https:\/\/marcali.plebania.hu\/?attachment_id=986\" class=\"wp-image-986\" srcset=\"https:\/\/marcali.plebania.hu\/wp-content\/uploads\/2019\/07\/40-1024x683.jpg 1024w, https:\/\/marcali.plebania.hu\/wp-content\/uploads\/2019\/07\/40-300x200.jpg 300w, https:\/\/marcali.plebania.hu\/wp-content\/uploads\/2019\/07\/40-768x512.jpg 768w, https:\/\/marcali.plebania.hu\/wp-content\/uploads\/2019\/07\/40-405x270.jpg 405w\" sizes=\"auto, (max-width: 1024px) 100vw, 1024px\" \/><\/figure><\/li><\/ul>\n\n\n\n<p>A D\u00edszpolg\u00e1ri c\u00edmhez sz\u00edvb\u0151l gratul\u00e1lunk! Isten \u00e1ld\u00e1s\u00e1t\nk\u00e9rj\u00fck tov\u00e1bbi lelkip\u00e1sztori munk\u00e1j\u00e1hoz!<\/p>\n","protected":false},"excerpt":{"rendered":"<p>2019. j\u00fanius 28-\u00e1n, p\u00e9nteken 18 \u00f3rakor a Somogyv\u00e1ri pl\u00e9b\u00e1niatemplomban \u00fcnnepi szentmise keret\u00e9ben adt\u00e1k \u00e1t a XXX. Szent L\u00e1szl\u00f3 Napok programsorozat r\u00e9szek\u00e9nt a k\u00f6zs\u00e9g \u00f6nkorm\u00e1nyzata kit\u00fcntet\u00e9seit. A megjelent vend\u00e9geket Gyur\u00e1kovics L\u00e1szl\u00f3 polg\u00e1rmester k\u00f6sz\u00f6nt\u00f6tte. Majd Bir\u00f3 Norbert, a Somogy Megyei K\u00f6zgy\u0171l\u00e9s eln\u00f6ke osztotta meg \u00fcnnepi gondolatait, illet\u0151leg mutatta be a Somogy Megyei \u00d6nkorm\u00e1nyzat \u00e1ltal megjelentetett Somogyi legend\u00e1k nyom\u00e1ban c\u00edm\u0171 k\u00f6nyvet, amelyben term\u00e9szetesen Somogyv\u00e1r is benne szerepel. Ezut\u00e1n M\u00f3ring J\u00f3zsef Attila orsz\u00e1ggy\u0171l\u00e9si k\u00e9pvisel\u0151 eleven\u00edtette fel a Szent L\u00e1szl\u00f3 Napok kezdeteit \u00e9s f\u0151bb \u00e1llom\u00e1sait&#8230;.<\/p>\n<p class=\"read-more\"><a class=\"btn btn-default\" href=\"https:\/\/marcali.plebania.hu\/?p=970\"> Read More<span class=\"screen-reader-text\">  Read More<\/span><\/a><\/p>\n","protected":false},"author":2,"featured_media":0,"comment_status":"closed","ping_status":"open","sticky":false,"template":"","format":"standard","meta":{"footnotes":""},"categories":[1],"tags":[],"class_list":["post-970","post","type-post","status-publish","format-standard","hentry","category-egyeb"],"_links":{"self":[{"href":"https:\/\/marcali.plebania.hu\/index.php?rest_route=\/wp\/v2\/posts\/970","targetHints":{"allow":["GET"]}}],"collection":[{"href":"https:\/\/marcali.plebania.hu\/index.php?rest_route=\/wp\/v2\/posts"}],"about":[{"href":"https:\/\/marcali.plebania.hu\/index.php?rest_route=\/wp\/v2\/types\/post"}],"author":[{"embeddable":true,"href":"https:\/\/marcali.plebania.hu\/index.php?rest_route=\/wp\/v2\/users\/2"}],"replies":[{"embeddable":true,"href":"https:\/\/marcali.plebania.hu\/index.php?rest_route=%2Fwp%2Fv2%2Fcomments&post=970"}],"version-history":[{"count":1,"href":"https:\/\/marcali.plebania.hu\/index.php?rest_route=\/wp\/v2\/posts\/970\/revisions"}],"predecessor-version":[{"id":987,"href":"https:\/\/marcali.plebania.hu\/index.php?rest_route=\/wp\/v2\/posts\/970\/revisions\/987"}],"wp:attachment":[{"href":"https:\/\/marcali.plebania.hu\/index.php?rest_route=%2Fwp%2Fv2%2Fmedia&parent=970"}],"wp:term":[{"taxonomy":"category","embeddable":true,"href":"https:\/\/marcali.plebania.hu\/index.php?rest_route=%2Fwp%2Fv2%2Fcategories&post=970"},{"taxonomy":"post_tag","embeddable":true,"href":"https:\/\/marcali.plebania.hu\/index.php?rest_route=%2Fwp%2Fv2%2Ftags&post=970"}],"curies":[{"name":"wp","href":"https:\/\/api.w.org\/{rel}","templated":true}]}}