{"id":990,"date":"2019-07-08T13:21:20","date_gmt":"2019-07-08T13:21:20","guid":{"rendered":"https:\/\/marcali.plebania.hu\/?p=990"},"modified":"2019-07-08T13:21:20","modified_gmt":"2019-07-08T13:21:20","slug":"marcaliba-erkezett-a-misszios-kereszt","status":"publish","type":"post","link":"https:\/\/marcali.plebania.hu\/?p=990","title":{"rendered":"Marcaliba \u00e9rkezett a Misszi\u00f3s Kereszt"},"content":{"rendered":"\n<p>2019. j\u00falius 5-\u00e9n d\u00e9lel\u0151tt a Marcali Gy\u00fcm\u00f6lcsolt\u00f3 Boldogasszony Pl\u00e9b\u00e1niatemplomba \u00e9rkezett a Misszi\u00f3s Kereszt, amely orsz\u00e1gj\u00e1r\u00f3 k\u00f6r\u00faton van \u00e9s az 52. Nemzetk\u00f6zi Eukarisztikus Kongresszus (2020. szeptember 13-20. Budapest) szimb\u00f3luma.<\/p>\n\n\n\n<ul class=\"wp-block-gallery columns-3 is-cropped wp-block-gallery-1 is-layout-flex wp-block-gallery-is-layout-flex\"><li class=\"blocks-gallery-item\"><figure><img loading=\"lazy\" decoding=\"async\" width=\"1024\" height=\"683\" src=\"https:\/\/marcali.plebania.hu\/wp-content\/uploads\/2019\/07\/05-1024x683.jpg\" alt=\"\" data-id=\"991\" data-link=\"https:\/\/marcali.plebania.hu\/?attachment_id=991\" class=\"wp-image-991\" srcset=\"https:\/\/marcali.plebania.hu\/wp-content\/uploads\/2019\/07\/05-1024x683.jpg 1024w, https:\/\/marcali.plebania.hu\/wp-content\/uploads\/2019\/07\/05-300x200.jpg 300w, https:\/\/marcali.plebania.hu\/wp-content\/uploads\/2019\/07\/05-768x512.jpg 768w, https:\/\/marcali.plebania.hu\/wp-content\/uploads\/2019\/07\/05-405x270.jpg 405w\" sizes=\"auto, (max-width: 1024px) 100vw, 1024px\" \/><\/figure><\/li><li class=\"blocks-gallery-item\"><figure><img loading=\"lazy\" decoding=\"async\" width=\"1024\" height=\"683\" src=\"https:\/\/marcali.plebania.hu\/wp-content\/uploads\/2019\/07\/06-1-1024x683.jpg\" alt=\"\" data-id=\"992\" data-link=\"https:\/\/marcali.plebania.hu\/?attachment_id=992\" class=\"wp-image-992\" srcset=\"https:\/\/marcali.plebania.hu\/wp-content\/uploads\/2019\/07\/06-1-1024x683.jpg 1024w, https:\/\/marcali.plebania.hu\/wp-content\/uploads\/2019\/07\/06-1-300x200.jpg 300w, https:\/\/marcali.plebania.hu\/wp-content\/uploads\/2019\/07\/06-1-768x512.jpg 768w, https:\/\/marcali.plebania.hu\/wp-content\/uploads\/2019\/07\/06-1-405x270.jpg 405w\" sizes=\"auto, (max-width: 1024px) 100vw, 1024px\" \/><\/figure><\/li><li class=\"blocks-gallery-item\"><figure><img loading=\"lazy\" decoding=\"async\" width=\"1024\" height=\"683\" src=\"https:\/\/marcali.plebania.hu\/wp-content\/uploads\/2019\/07\/08-1024x683.jpg\" alt=\"\" data-id=\"993\" data-link=\"https:\/\/marcali.plebania.hu\/?attachment_id=993\" class=\"wp-image-993\" srcset=\"https:\/\/marcali.plebania.hu\/wp-content\/uploads\/2019\/07\/08-1024x683.jpg 1024w, https:\/\/marcali.plebania.hu\/wp-content\/uploads\/2019\/07\/08-300x200.jpg 300w, https:\/\/marcali.plebania.hu\/wp-content\/uploads\/2019\/07\/08-768x512.jpg 768w, https:\/\/marcali.plebania.hu\/wp-content\/uploads\/2019\/07\/08-405x270.jpg 405w\" sizes=\"auto, (max-width: 1024px) 100vw, 1024px\" \/><\/figure><\/li><li class=\"blocks-gallery-item\"><figure><img loading=\"lazy\" decoding=\"async\" width=\"683\" height=\"1024\" src=\"https:\/\/marcali.plebania.hu\/wp-content\/uploads\/2019\/07\/12-683x1024.jpg\" alt=\"\" data-id=\"994\" data-link=\"https:\/\/marcali.plebania.hu\/?attachment_id=994\" class=\"wp-image-994\" srcset=\"https:\/\/marcali.plebania.hu\/wp-content\/uploads\/2019\/07\/12-683x1024.jpg 683w, https:\/\/marcali.plebania.hu\/wp-content\/uploads\/2019\/07\/12-200x300.jpg 200w, https:\/\/marcali.plebania.hu\/wp-content\/uploads\/2019\/07\/12-768x1152.jpg 768w, https:\/\/marcali.plebania.hu\/wp-content\/uploads\/2019\/07\/12-180x270.jpg 180w\" sizes=\"auto, (max-width: 683px) 100vw, 683px\" \/><\/figure><\/li><\/ul>\n\n\n\n<p>Misszi\u00f3s Kereszt Ozsv\u00e1ri Csaba (1963-2009) \u00f6tv\u00f6sm\u0171v\u00e9sz alkot\u00e1sa. A 2007-ben t\u00f6lgyf\u00e1b\u00f3l k\u00e9sz\u00fclt fesz\u00fclet k\u00f6zel 3 m\u00e9ter magas, bronz bor\u00edt\u00e1sokkal d\u00edsz\u00edtett. A leveles-ind\u00e1s mint\u00e1zat\u00e1ban az \u0151si magyar \u00e9letfamot\u00edvum jelenik meg, a p\u00e1va szimb\u00f3lum megjelen\u00edt\u00e9s\u00e9vel pedig \u00f3kereszt\u00e9ny st\u00edlusjegyeket is mag\u00e1n visel. A kereszt egyben ereklyetart\u00f3 is, hiszen \u00f6sszesen 26 magyar szent \u00e9s boldog erekly\u00e9j\u00e9t tartalmazza a Szent Kereszt egy darabj\u00e1t\u00f3l kezdve a k\u00f6zismert kir\u00e1lyok, p\u00fcsp\u00f6k\u00f6k \u00e9s leg\u00fajabb v\u00e9rtan\u00fak sor\u00e1val.<\/p>\n\n\n\n<ul class=\"wp-block-gallery columns-3 is-cropped wp-block-gallery-2 is-layout-flex wp-block-gallery-is-layout-flex\"><li class=\"blocks-gallery-item\"><figure><img loading=\"lazy\" decoding=\"async\" width=\"1024\" height=\"683\" src=\"https:\/\/marcali.plebania.hu\/wp-content\/uploads\/2019\/07\/16-1-1024x683.jpg\" alt=\"\" data-id=\"995\" data-link=\"https:\/\/marcali.plebania.hu\/?attachment_id=995\" class=\"wp-image-995\" srcset=\"https:\/\/marcali.plebania.hu\/wp-content\/uploads\/2019\/07\/16-1-1024x683.jpg 1024w, https:\/\/marcali.plebania.hu\/wp-content\/uploads\/2019\/07\/16-1-300x200.jpg 300w, https:\/\/marcali.plebania.hu\/wp-content\/uploads\/2019\/07\/16-1-768x512.jpg 768w, https:\/\/marcali.plebania.hu\/wp-content\/uploads\/2019\/07\/16-1-405x270.jpg 405w\" sizes=\"auto, (max-width: 1024px) 100vw, 1024px\" \/><\/figure><\/li><li class=\"blocks-gallery-item\"><figure><img loading=\"lazy\" decoding=\"async\" width=\"1024\" height=\"683\" src=\"https:\/\/marcali.plebania.hu\/wp-content\/uploads\/2019\/07\/17-1024x683.jpg\" alt=\"\" data-id=\"996\" data-link=\"https:\/\/marcali.plebania.hu\/?attachment_id=996\" class=\"wp-image-996\" srcset=\"https:\/\/marcali.plebania.hu\/wp-content\/uploads\/2019\/07\/17-1024x683.jpg 1024w, https:\/\/marcali.plebania.hu\/wp-content\/uploads\/2019\/07\/17-300x200.jpg 300w, https:\/\/marcali.plebania.hu\/wp-content\/uploads\/2019\/07\/17-768x512.jpg 768w, https:\/\/marcali.plebania.hu\/wp-content\/uploads\/2019\/07\/17-405x270.jpg 405w\" sizes=\"auto, (max-width: 1024px) 100vw, 1024px\" \/><\/figure><\/li><li class=\"blocks-gallery-item\"><figure><img loading=\"lazy\" decoding=\"async\" width=\"1024\" height=\"683\" src=\"https:\/\/marcali.plebania.hu\/wp-content\/uploads\/2019\/07\/18-1-1024x683.jpg\" alt=\"\" data-id=\"997\" data-link=\"https:\/\/marcali.plebania.hu\/?attachment_id=997\" class=\"wp-image-997\" srcset=\"https:\/\/marcali.plebania.hu\/wp-content\/uploads\/2019\/07\/18-1-1024x683.jpg 1024w, https:\/\/marcali.plebania.hu\/wp-content\/uploads\/2019\/07\/18-1-300x200.jpg 300w, https:\/\/marcali.plebania.hu\/wp-content\/uploads\/2019\/07\/18-1-768x512.jpg 768w, https:\/\/marcali.plebania.hu\/wp-content\/uploads\/2019\/07\/18-1-405x270.jpg 405w\" sizes=\"auto, (max-width: 1024px) 100vw, 1024px\" \/><\/figure><\/li><li class=\"blocks-gallery-item\"><figure><img loading=\"lazy\" decoding=\"async\" width=\"1024\" height=\"683\" src=\"https:\/\/marcali.plebania.hu\/wp-content\/uploads\/2019\/07\/11-1-1024x683.jpg\" alt=\"\" data-id=\"998\" data-link=\"https:\/\/marcali.plebania.hu\/?attachment_id=998\" class=\"wp-image-998\" srcset=\"https:\/\/marcali.plebania.hu\/wp-content\/uploads\/2019\/07\/11-1-1024x683.jpg 1024w, https:\/\/marcali.plebania.hu\/wp-content\/uploads\/2019\/07\/11-1-300x200.jpg 300w, https:\/\/marcali.plebania.hu\/wp-content\/uploads\/2019\/07\/11-1-768x512.jpg 768w, https:\/\/marcali.plebania.hu\/wp-content\/uploads\/2019\/07\/11-1-405x270.jpg 405w\" sizes=\"auto, (max-width: 1024px) 100vw, 1024px\" \/><\/figure><\/li><\/ul>\n\n\n\n<p>Marcaliban\np\u00e9ntek d\u00e9lut\u00e1n 4 \u00f3r\u00e1t\u00f3l kezd\u0151dnek a vall\u00e1si programok, el\u0151sz\u00f6r a szeg\u00e9nyek,\nr\u00e1szorul\u00f3k l\u00e1togat\u00e1s\u00e1val, majd a hittanos gyermekek \u00e9s a F\u00e9ny Gyermekei Zenekar\nTais\u00e9-i ima\u00f3r\u00e1j\u00e1val, valamint szentmis\u00e9vel, illetve virraszt\u00e1ssal. Szombaton\npedig a k\u00f6rny\u00e9k pl\u00e9b\u00e1ni\u00e1inak zar\u00e1ndoklatai \u00e9s ima\u00f3r\u00e1i k\u00f6vetkeznek. Este pedig a\nbuzs\u00e1ki sz\u00fclet\u00e9s\u0171 T\u00f6lgyesi D\u00e1vid \u00fajmis\u00e9j\u00e9vel folyat\u00f3dik a rendezv\u00e9ny. Vas\u00e1rnap\na 9 \u00f3r\u00e1s z\u00e1r\u00f3 szentmise \u00fcnnep\u00e9lyes keretek k\u00f6z\u00f6tt zajlik, melynek sor\u00e1n\nkereszth\u00f3dolat szertart\u00e1s is lesz, melyet Kiss Iv\u00e1n c.\npr\u00e9post, esperes-pl\u00e9b\u00e1nos celebr\u00e1l \u00e9s vezet a h\u00edvek r\u00e9szv\u00e9tel\u00e9vel.<\/p>\n\n\n\n<p>A\ncsod\u00e1latos egyh\u00e1zi alkot\u00e1s \u00e9s a hozz\u00e1 k\u00e9sz\u00fclt install\u00e1ci\u00f3 egy\u00e9nileg is\nmegtekinthet\u0151 lesz ezen id\u0151 alatt, a szertart\u00e1sok, szentmis\u00e9k k\u00f6z\u00f6tt, \u00e9s lehet\nim\u00e1dkozni, valamint a szentek \u00e9s boldogok k\u00f6zbenj\u00e1r\u00e1s\u00e1t is k\u00e9rni. A Misszi\u00f3s\nKereszt tov\u00e1bbi \u00fatj\u00e1t pedig ak\u00e1r t\u00e1mogatni is lehet.<\/p>\n\n\n\n<p>A\nszervez\u0151k nemcsak a h\u00edv\u0151knek, hanem minden j\u00f3akarat\u00fa embernek aj\u00e1nlj\u00e1k megtekint\u00e9sre\na nem mindennapi alkot\u00e1st, amely v\u00e1rosunkat is megtisztelte n\u00e9h\u00e1ny napra.<\/p>\n","protected":false},"excerpt":{"rendered":"<p>2019. j\u00falius 5-\u00e9n d\u00e9lel\u0151tt a Marcali Gy\u00fcm\u00f6lcsolt\u00f3 Boldogasszony Pl\u00e9b\u00e1niatemplomba \u00e9rkezett a Misszi\u00f3s Kereszt, amely orsz\u00e1gj\u00e1r\u00f3 k\u00f6r\u00faton van \u00e9s az 52. Nemzetk\u00f6zi Eukarisztikus Kongresszus (2020. szeptember 13-20. Budapest) szimb\u00f3luma. Misszi\u00f3s Kereszt Ozsv\u00e1ri Csaba (1963-2009) \u00f6tv\u00f6sm\u0171v\u00e9sz alkot\u00e1sa. A 2007-ben t\u00f6lgyf\u00e1b\u00f3l k\u00e9sz\u00fclt fesz\u00fclet k\u00f6zel 3 m\u00e9ter magas, bronz bor\u00edt\u00e1sokkal d\u00edsz\u00edtett. A leveles-ind\u00e1s mint\u00e1zat\u00e1ban az \u0151si magyar \u00e9letfamot\u00edvum jelenik meg, a p\u00e1va szimb\u00f3lum megjelen\u00edt\u00e9s\u00e9vel pedig \u00f3kereszt\u00e9ny st\u00edlusjegyeket is mag\u00e1n visel. A kereszt egyben ereklyetart\u00f3 is, hiszen \u00f6sszesen 26 magyar szent \u00e9s boldog erekly\u00e9j\u00e9t tartalmazza&#8230;<\/p>\n<p class=\"read-more\"><a class=\"btn btn-default\" href=\"https:\/\/marcali.plebania.hu\/?p=990\"> Read More<span class=\"screen-reader-text\">  Read More<\/span><\/a><\/p>\n","protected":false},"author":2,"featured_media":0,"comment_status":"closed","ping_status":"open","sticky":false,"template":"","format":"standard","meta":{"footnotes":""},"categories":[1],"tags":[],"class_list":["post-990","post","type-post","status-publish","format-standard","hentry","category-egyeb"],"_links":{"self":[{"href":"https:\/\/marcali.plebania.hu\/index.php?rest_route=\/wp\/v2\/posts\/990","targetHints":{"allow":["GET"]}}],"collection":[{"href":"https:\/\/marcali.plebania.hu\/index.php?rest_route=\/wp\/v2\/posts"}],"about":[{"href":"https:\/\/marcali.plebania.hu\/index.php?rest_route=\/wp\/v2\/types\/post"}],"author":[{"embeddable":true,"href":"https:\/\/marcali.plebania.hu\/index.php?rest_route=\/wp\/v2\/users\/2"}],"replies":[{"embeddable":true,"href":"https:\/\/marcali.plebania.hu\/index.php?rest_route=%2Fwp%2Fv2%2Fcomments&post=990"}],"version-history":[{"count":1,"href":"https:\/\/marcali.plebania.hu\/index.php?rest_route=\/wp\/v2\/posts\/990\/revisions"}],"predecessor-version":[{"id":999,"href":"https:\/\/marcali.plebania.hu\/index.php?rest_route=\/wp\/v2\/posts\/990\/revisions\/999"}],"wp:attachment":[{"href":"https:\/\/marcali.plebania.hu\/index.php?rest_route=%2Fwp%2Fv2%2Fmedia&parent=990"}],"wp:term":[{"taxonomy":"category","embeddable":true,"href":"https:\/\/marcali.plebania.hu\/index.php?rest_route=%2Fwp%2Fv2%2Fcategories&post=990"},{"taxonomy":"post_tag","embeddable":true,"href":"https:\/\/marcali.plebania.hu\/index.php?rest_route=%2Fwp%2Fv2%2Ftags&post=990"}],"curies":[{"name":"wp","href":"https:\/\/api.w.org\/{rel}","templated":true}]}}